{"id":9382,"date":"2023-03-16T19:20:19","date_gmt":"2023-03-16T18:20:19","guid":{"rendered":"http:\/\/www.schechler.com\/mk\/?p=9382"},"modified":"2023-03-22T19:26:19","modified_gmt":"2023-03-22T18:26:19","slug":"epica","status":"publish","type":"post","link":"http:\/\/www.schechler.com\/mk\/2023\/03\/16\/epica\/","title":{"rendered":"Epica!"},"content":{"rendered":"<h3>Epica!<\/h3>\n<p>Apocalyptica &#038; Epica &#8220;Epic Apocalypse Tour&#8221; in Ludwigsburg<br \/>\nMHP-Arena Ludwigsburg<br \/>\n15.03.2023 | 19:00 Uhr<br \/>\nG\u00e4ste: Wheel<\/p>\n<p><strong>Was passt besser zusammen als APOCALYPTICA und EPICA? Am 15. M\u00e4rz geben die finnischen Cello-Metaller und die niederl\u00e4ndischen Symphonic-Rocker auf ihrer &#8220;Epic Apocalypse Tour&#8221; eine gemeinsame Doppelheadliner-Show in der Ludwigsburger MHP-Arena.<\/strong><\/p>\n<blockquote><p>Foto-Galerie von EPICA in der MHP Arena Ludwigsburg im Double EPICA &#038; APOCALYPTICA. Massenhaft tanzende und mitsingende Fans &#8211; ein erfolgreiches Konzert mit Frontfrau Simone Simons, deren heller Sopran das Markenzeichen der niederl\u00e4ndischen Symphonic-Metal Formation ist.<br \/>\nMK Schechler<\/p><\/blockquote>\n<div id=\"attachment_9386\" style=\"width: 810px\" class=\"wp-caption aligncenter\"><img loading=\"lazy\" decoding=\"async\" aria-describedby=\"caption-attachment-9386\" src=\"http:\/\/www.schechler.com\/mk\/wp-content\/uploads\/2023\/03\/DS703565_Radiant.jpg\" alt=\"\" width=\"800\" height=\"534\" class=\"size-full wp-image-9386\" srcset=\"http:\/\/www.schechler.com\/mk\/wp-content\/uploads\/2023\/03\/DS703565_Radiant.jpg 800w, http:\/\/www.schechler.com\/mk\/wp-content\/uploads\/2023\/03\/DS703565_Radiant-300x200.jpg 300w, http:\/\/www.schechler.com\/mk\/wp-content\/uploads\/2023\/03\/DS703565_Radiant-768x513.jpg 768w, http:\/\/www.schechler.com\/mk\/wp-content\/uploads\/2023\/03\/DS703565_Radiant-250x167.jpg 250w\" sizes=\"auto, (max-width: 800px) 100vw, 800px\" \/><p id=\"caption-attachment-9386\" class=\"wp-caption-text\">Epica in der MHP Arena Ludwigsburg<\/p><\/div>\n<p>Die finnischen Streicher APOCALYPTICA pr\u00e4sentieren neben ihren gro\u00dfen Hits auch die St\u00fccke ihrer j\u00fcngst erschienenen Studioplatte \u201eCell-O\u201c. Strotzend vor barocker Energie finden APOCALYPTICA darauf nicht nur zu ihren expressiven instrumentalen Wurzeln zur\u00fcck, sie lassen ihre Musik dieses Mal durch ihre Erfahrung und Leidenschaft so richtig aufleben. Die Reisen sind epischer, die Ziele weiter und die Belohnungen reicher als alles, was das aufregende, ehrgeizige Quartett jemals hervorgebracht hat. \u201eCell-O\u201c ist quasi eine Sinfonie nur f\u00fcr Celli und zeigt eine Band auf dem H\u00f6hepunkt ihrer einzigartigen und magischen Kompositionsst\u00e4rke.<\/p>\n<p>Und da kommen EPICA ins Spiel. Die Niederl\u00e4nder \u00fcberzeugen seit bald zwei Dekaden mit ihrem symphonischen Progressive Metal und wollen bei diesem Konzert die Songs ihres im Februar erscheinenden Albums &#8220;Omega&#8221; vorstellen und dabei mit einer gro\u00dfen Show sowie ordentlich Pyrotechnik f\u00fcr ein grandioses Spektakel sorgen. Wer die Band um S\u00e4ngerin und Frontfrau Simone Simons schon einmal live erlebt hat, wei\u00df, mit welcher Wucht EPICA ihre \u00fcberaus komplexen Kompositionen live auf die B\u00fchne zaubern.<\/p>\n<p>Zum Anschauen der Bilder-Galerie auf erstes Foto klicken und dann durchscrollen.<\/p>\n<p>ngg_shortcode_0_placeholder<\/p>\n<p><strong>Setlist<\/strong><br \/>\nEntree Alpha \u2013 Anteludium<br \/>\nAbyss of Time \u2013 Countdown to Singularity<br \/>\nThe Essence of Silence<br \/>\nVictims of Contingency<br \/>\nUnleashed<br \/>\nThe Final Lullaby<br \/>\nThe Obsessive Devotion<br \/>\nThe Skeleton Key<br \/>\nRivers<br \/>\nCode of Life<br \/>\nCry for the Moon<br \/>\nBeyond the Matrix<br \/>\nConsign to Oblivion<\/p>\n<p>Lokaler Veranstalter:<br \/>\nMusic Circus Concertb\u00fcro \u2013 Charlottenplatz 17 \u2013 70173 Stuttgart \u2013 <a href=\"http:\/\/www.musiccircus.de\" target=\"_blank\" rel=\"noopener noreferrer\">www.musiccircus.de<\/a><\/p>\n<p>#epica #epicaband #MHPArena #musiccircusconcertbuero #symphonicmetal<\/p>\n<a class=\"synved-social-button synved-social-button-share synved-social-size-48 synved-social-resolution-single synved-social-provider-facebook nolightbox\" data-provider=\"facebook\" target=\"_blank\" rel=\"nofollow\" title=\"Share on Facebook\" href=\"https:\/\/www.facebook.com\/sharer.php?u=http%3A%2F%2Fwww.schechler.com%2Fmk&#038;t=Epica%21&#038;s=100&#038;p&#091;url&#093;=http%3A%2F%2Fwww.schechler.com%2Fmk&#038;p&#091;images&#093;&#091;0&#093;=http%3A%2F%2Fwww.schechler.com%2Fmk%2Fwp-content%2Fuploads%2F2023%2F03%2FDS703580_Radiant.jpg&#038;p&#091;title&#093;=Epica%21\" style=\"font-size: 0px;width:48px;height:48px;margin:0;margin-bottom:5px;margin-right:5px\"><img loading=\"lazy\" decoding=\"async\" alt=\"Facebook\" title=\"Share on Facebook\" class=\"synved-share-image synved-social-image synved-social-image-share\" width=\"48\" height=\"48\" style=\"display: inline;width:48px;height:48px;margin: 0;padding: 0;border: none;box-shadow: none\" src=\"http:\/\/www.schechler.com\/mk\/wp-content\/plugins\/social-media-feather\/synved-social\/image\/social\/regular\/96x96\/facebook.png\" \/><\/a><a class=\"synved-social-button synved-social-button-share synved-social-size-48 synved-social-resolution-single synved-social-provider-twitter nolightbox\" data-provider=\"twitter\" target=\"_blank\" rel=\"nofollow\" title=\"Share on Twitter\" href=\"https:\/\/twitter.com\/intent\/tweet?url=http%3A%2F%2Fwww.schechler.com%2Fmk&#038;text=Dark%20Contrasts%20Photo%20Project.%20Hey%20check%20this%20out\" style=\"font-size: 0px;width:48px;height:48px;margin:0;margin-bottom:5px;margin-right:5px\"><img loading=\"lazy\" decoding=\"async\" alt=\"twitter\" title=\"Share on Twitter\" class=\"synved-share-image synved-social-image synved-social-image-share\" width=\"48\" height=\"48\" style=\"display: inline;width:48px;height:48px;margin: 0;padding: 0;border: none;box-shadow: none\" src=\"http:\/\/www.schechler.com\/mk\/wp-content\/plugins\/social-media-feather\/synved-social\/image\/social\/regular\/96x96\/twitter.png\" \/><\/a><a class=\"synved-social-button synved-social-button-share synved-social-size-48 synved-social-resolution-single synved-social-provider-pinterest nolightbox\" data-provider=\"pinterest\" target=\"_blank\" rel=\"nofollow\" title=\"Pin it with Pinterest\" href=\"https:\/\/pinterest.com\/pin\/create\/button\/?url=http%3A%2F%2Fwww.schechler.com%2Fmk&#038;media=http%3A%2F%2Fwww.schechler.com%2Fmk%2Fwp-content%2Fuploads%2F2023%2F03%2FDS703580_Radiant.jpg&#038;description=Epica%21\" style=\"font-size: 0px;width:48px;height:48px;margin:0;margin-bottom:5px;margin-right:5px\"><img loading=\"lazy\" decoding=\"async\" alt=\"pinterest\" title=\"Pin it with Pinterest\" class=\"synved-share-image synved-social-image synved-social-image-share\" width=\"48\" height=\"48\" style=\"display: inline;width:48px;height:48px;margin: 0;padding: 0;border: none;box-shadow: none\" src=\"http:\/\/www.schechler.com\/mk\/wp-content\/plugins\/social-media-feather\/synved-social\/image\/social\/regular\/96x96\/pinterest.png\" \/><\/a><a class=\"synved-social-button synved-social-button-share synved-social-size-48 synved-social-resolution-single synved-social-provider-linkedin nolightbox\" data-provider=\"linkedin\" target=\"_blank\" rel=\"nofollow\" title=\"Share on Linkedin\" href=\"https:\/\/www.linkedin.com\/shareArticle?mini=true&#038;url=http%3A%2F%2Fwww.schechler.com%2Fmk&#038;title=Epica%21\" style=\"font-size: 0px;width:48px;height:48px;margin:0;margin-bottom:5px;margin-right:5px\"><img loading=\"lazy\" decoding=\"async\" alt=\"linkedin\" title=\"Share on Linkedin\" class=\"synved-share-image synved-social-image synved-social-image-share\" width=\"48\" height=\"48\" style=\"display: inline;width:48px;height:48px;margin: 0;padding: 0;border: none;box-shadow: none\" src=\"http:\/\/www.schechler.com\/mk\/wp-content\/plugins\/social-media-feather\/synved-social\/image\/social\/regular\/96x96\/linkedin.png\" \/><\/a><a class=\"synved-social-button synved-social-button-share synved-social-size-48 synved-social-resolution-single synved-social-provider-mail nolightbox\" data-provider=\"mail\" rel=\"nofollow\" title=\"Share by email\" href=\"mailto:?subject=Epica%21&#038;body=Dark%20Contrasts%20Photo%20Project.%20Hey%20check%20this%20out:%20http%3A%2F%2Fwww.schechler.com%2Fmk\" style=\"font-size: 0px;width:48px;height:48px;margin:0;margin-bottom:5px\"><img loading=\"lazy\" decoding=\"async\" alt=\"mail\" title=\"Share by email\" class=\"synved-share-image synved-social-image synved-social-image-share\" width=\"48\" height=\"48\" style=\"display: inline;width:48px;height:48px;margin: 0;padding: 0;border: none;box-shadow: none\" src=\"http:\/\/www.schechler.com\/mk\/wp-content\/plugins\/social-media-feather\/synved-social\/image\/social\/regular\/96x96\/mail.png\" \/><\/a>","protected":false},"excerpt":{"rendered":"<p>Epica! Apocalyptica &#038; Epica &#8220;Epic Apocalypse Tour&#8221; in Ludwigsburg MHP-Arena Ludwigsburg 15.03.2023 | 19:00 Uhr G\u00e4ste: Wheel Was passt besser zusammen als APOCALYPTICA und EPICA? Am 15. M\u00e4rz geben die finnischen Cello-Metaller und die niederl\u00e4ndischen Symphonic-Rocker auf ihrer &#8220;Epic Apocalypse Tour&#8221; eine gemeinsame Doppelheadliner-Show in der Ludwigsburger MHP-Arena. Foto-Galerie von EPICA in der MHP Arena [&hellip;]<\/p>\n","protected":false},"author":1,"featured_media":9385,"comment_status":"closed","ping_status":"closed","sticky":false,"template":"","format":"image","meta":{"ngg_post_thumbnail":0,"footnotes":""},"categories":[1],"tags":[5],"class_list":["post-9382","post","type-post","status-publish","format-image","has-post-thumbnail","hentry","category-allgemein","tag-concerts","post_format-post-format-image"],"_links":{"self":[{"href":"http:\/\/www.schechler.com\/mk\/wp-json\/wp\/v2\/posts\/9382","targetHints":{"allow":["GET"]}}],"collection":[{"href":"http:\/\/www.schechler.com\/mk\/wp-json\/wp\/v2\/posts"}],"about":[{"href":"http:\/\/www.schechler.com\/mk\/wp-json\/wp\/v2\/types\/post"}],"author":[{"embeddable":true,"href":"http:\/\/www.schechler.com\/mk\/wp-json\/wp\/v2\/users\/1"}],"replies":[{"embeddable":true,"href":"http:\/\/www.schechler.com\/mk\/wp-json\/wp\/v2\/comments?post=9382"}],"version-history":[{"count":0,"href":"http:\/\/www.schechler.com\/mk\/wp-json\/wp\/v2\/posts\/9382\/revisions"}],"wp:featuredmedia":[{"embeddable":true,"href":"http:\/\/www.schechler.com\/mk\/wp-json\/wp\/v2\/media\/9385"}],"wp:attachment":[{"href":"http:\/\/www.schechler.com\/mk\/wp-json\/wp\/v2\/media?parent=9382"}],"wp:term":[{"taxonomy":"category","embeddable":true,"href":"http:\/\/www.schechler.com\/mk\/wp-json\/wp\/v2\/categories?post=9382"},{"taxonomy":"post_tag","embeddable":true,"href":"http:\/\/www.schechler.com\/mk\/wp-json\/wp\/v2\/tags?post=9382"}],"curies":[{"name":"wp","href":"https:\/\/api.w.org\/{rel}","templated":true}]}}