{"id":9317,"date":"2023-03-08T09:41:40","date_gmt":"2023-03-08T08:41:40","guid":{"rendered":"http:\/\/www.schechler.com\/mk\/?p=9317"},"modified":"2023-03-10T09:08:43","modified_gmt":"2023-03-10T08:08:43","slug":"dermot-kennedy","status":"publish","type":"post","link":"http:\/\/www.schechler.com\/mk\/2023\/03\/08\/dermot-kennedy\/","title":{"rendered":"Dermot Kennedy!"},"content":{"rendered":"<h3>Dermot Kennedy<\/h3>\n<p><strong>Mit seinem zweiten Album &#8220;Sonder&#8221; legt DERMOT KENNEDY erneut einen Reigen an G\u00e4nsehaut, Tiefsinnigkeit und Emotionen vor. Am 7. M\u00e4rz gastierte der Ire mit der famosen Stimme in Stuttgart in der Porsche-Arena.<\/strong><\/p>\n<blockquote><p>Dermot Kennedy, der irische Singer-Songwriter heute zu Gast in der Porsche-Arena. Start mit &#8220;Blossom&#8221; , &#8220;Power Over Me&#8221; und &#8220;One Life&#8221; unter choraler Begleitung der textsicheren Fans. Sehr guter Support aus Kalifornien mit Miya Folick.<br \/>\nMK Schechler<\/p><\/blockquote>\n<div id=\"attachment_9321\" style=\"width: 810px\" class=\"wp-caption aligncenter\"><img loading=\"lazy\" decoding=\"async\" aria-describedby=\"caption-attachment-9321\" src=\"http:\/\/www.schechler.com\/mk\/wp-content\/uploads\/2023\/03\/DS703240_Radiant.jpg\" alt=\"\" width=\"800\" height=\"534\" class=\"size-full wp-image-9321\" srcset=\"http:\/\/www.schechler.com\/mk\/wp-content\/uploads\/2023\/03\/DS703240_Radiant.jpg 800w, http:\/\/www.schechler.com\/mk\/wp-content\/uploads\/2023\/03\/DS703240_Radiant-300x200.jpg 300w, http:\/\/www.schechler.com\/mk\/wp-content\/uploads\/2023\/03\/DS703240_Radiant-768x513.jpg 768w, http:\/\/www.schechler.com\/mk\/wp-content\/uploads\/2023\/03\/DS703240_Radiant-250x167.jpg 250w\" sizes=\"auto, (max-width: 800px) 100vw, 800px\" \/><p id=\"caption-attachment-9321\" class=\"wp-caption-text\">Dermot Kennedy mit Band, Porsche Arena Stuttgart<\/p><\/div>\n<p>\u201eSonder\u201c, der einpr\u00e4gsame Titel von DERMOT KENNEDYs lange erwartetem neuen Album, steht f\u00fcr die Erkenntnis, dass jeder Mensch, dem man begegnet, ein ebenso komplexes Leben f\u00fchrt,wie man selbst. Bereits 2021 erzielte die erste Auskopplung \u201eBetter Days\u201c einen Hit. Das vertr\u00e4umte Klavier, der hymnische Chor, die wandlungsf\u00e4hige Stimme, die mit ihrem Optimismus Hoffnung und Trost spendet, der Beat, der dagegengesetzt wird, all das z\u00fcndete sofort und machte Lust auf mehr \u2013 und DERMOT KENNEDY stellte mit den weiteren Songs \u201eSomething To Someone\u201c, \u201eDreamer\u201c, \u201eKiss Me\u201c und zuletzt \u201eInnocence And Sadness\u201c seine Vielseitigkeit unter Beweis.<\/p>\n<p>Sp\u00e4testens nachdem sein erfolgreiches Deb\u00fctalbum \u201eWithout Fear\u201c im Jahr 2019 auf der Nummer eins der Charts gelandet war und seine Single \u201eGiants\u201c Gold-Status im UK erlangte, etablierte sich der irische S\u00e4nger weltweit als fester Bestandteil der Musikszene. Mit seiner Kombination aus klassischem Songwriting, aufw\u00e4ndigen Arrangements und elektronischen Elementen traf er den Nerv der Zeit. Aber nat\u00fcrlich ist letztlich sein Markenzeichen, seine famose Stimme, der Grund f\u00fcr den Erfolg. Sie moduliert in verschiedene Lagen, kann schmeichelnd und schneidend klingen, kratzig daherkommen und im n\u00e4chsten Moment wieder samtweich die Geh\u00f6rg\u00e4nge streicheln. Allein mit ihr evoziert DERMOT KENNEDY ein Kaleidoskop von Gef\u00fchlen unter seinen Fans.<\/p>\n<p>Zum Anschauen der Bilder-Galerie auf erstes Foto klicken und dann durchscrollen.<\/p>\n<p>ngg_shortcode_0_placeholder<\/p>\n<p>Lokaler Veranstalter:<br \/>\nMusic Circus Concertb\u00fcro \u2013 Charlottenplatz 17 \u2013 70173 Stuttgart \u2013 <a href=\"http:\/\/www.musiccircus.de\" target=\"_blank\" rel=\"noopener noreferrer\">www.musiccircus.de<\/a><\/p>\n<p>Quelle: Hallenduo \/ Music Circus Concertb\u00fcro<\/p>\n<p><strong>Setlist   <\/strong><br \/>\nBlossom<br \/>\nPower Over Me<br \/>\nOne Life<br \/>\nAn Evening I Will Not Forget<br \/>\nLost<br \/>\nYoung &#038; Free<br \/>\nAny Love<br \/>\nDreamer<br \/>\nMoments Passed<br \/>\nGlory<br \/>\nRomem(Acoustic on piano)<br \/>\nInnocence and Sadness (Acoustic on piano)<br \/>\nAfter Rain<br \/>\nWithout Fear<br \/>\nBetter Days<br \/>\nHomeward<br \/>\nKiss Me<br \/>\nOutnumbered<br \/>\nSomething to Someone<\/p>\n<p>#dermotkennedy #MiyaFolick #nofilter  #musiccircusconcertbuero #porschearena #TheSonderTour<\/p>\n<a class=\"synved-social-button synved-social-button-share synved-social-size-48 synved-social-resolution-single synved-social-provider-facebook nolightbox\" data-provider=\"facebook\" target=\"_blank\" rel=\"nofollow\" title=\"Share on Facebook\" href=\"https:\/\/www.facebook.com\/sharer.php?u=http%3A%2F%2Fwww.schechler.com%2Fmk&#038;t=Dermot%20Kennedy%21&#038;s=100&#038;p&#091;url&#093;=http%3A%2F%2Fwww.schechler.com%2Fmk&#038;p&#091;images&#093;&#091;0&#093;=http%3A%2F%2Fwww.schechler.com%2Fmk%2Fwp-content%2Fuploads%2F2023%2F03%2FDS305217_Radiant.jpg&#038;p&#091;title&#093;=Dermot%20Kennedy%21\" style=\"font-size: 0px;width:48px;height:48px;margin:0;margin-bottom:5px;margin-right:5px\"><img loading=\"lazy\" decoding=\"async\" alt=\"Facebook\" title=\"Share on Facebook\" class=\"synved-share-image synved-social-image synved-social-image-share\" width=\"48\" height=\"48\" style=\"display: inline;width:48px;height:48px;margin: 0;padding: 0;border: none;box-shadow: none\" src=\"http:\/\/www.schechler.com\/mk\/wp-content\/plugins\/social-media-feather\/synved-social\/image\/social\/regular\/96x96\/facebook.png\" \/><\/a><a class=\"synved-social-button synved-social-button-share synved-social-size-48 synved-social-resolution-single synved-social-provider-twitter nolightbox\" data-provider=\"twitter\" target=\"_blank\" rel=\"nofollow\" title=\"Share on Twitter\" href=\"https:\/\/twitter.com\/intent\/tweet?url=http%3A%2F%2Fwww.schechler.com%2Fmk&#038;text=Dark%20Contrasts%20Photo%20Project.%20Hey%20check%20this%20out\" style=\"font-size: 0px;width:48px;height:48px;margin:0;margin-bottom:5px;margin-right:5px\"><img loading=\"lazy\" decoding=\"async\" alt=\"twitter\" title=\"Share on Twitter\" class=\"synved-share-image synved-social-image synved-social-image-share\" width=\"48\" height=\"48\" style=\"display: inline;width:48px;height:48px;margin: 0;padding: 0;border: none;box-shadow: none\" src=\"http:\/\/www.schechler.com\/mk\/wp-content\/plugins\/social-media-feather\/synved-social\/image\/social\/regular\/96x96\/twitter.png\" \/><\/a><a class=\"synved-social-button synved-social-button-share synved-social-size-48 synved-social-resolution-single synved-social-provider-pinterest nolightbox\" data-provider=\"pinterest\" target=\"_blank\" rel=\"nofollow\" title=\"Pin it with Pinterest\" href=\"https:\/\/pinterest.com\/pin\/create\/button\/?url=http%3A%2F%2Fwww.schechler.com%2Fmk&#038;media=http%3A%2F%2Fwww.schechler.com%2Fmk%2Fwp-content%2Fuploads%2F2023%2F03%2FDS305217_Radiant.jpg&#038;description=Dermot%20Kennedy%21\" style=\"font-size: 0px;width:48px;height:48px;margin:0;margin-bottom:5px;margin-right:5px\"><img loading=\"lazy\" decoding=\"async\" alt=\"pinterest\" title=\"Pin it with Pinterest\" class=\"synved-share-image synved-social-image synved-social-image-share\" width=\"48\" height=\"48\" style=\"display: inline;width:48px;height:48px;margin: 0;padding: 0;border: none;box-shadow: none\" src=\"http:\/\/www.schechler.com\/mk\/wp-content\/plugins\/social-media-feather\/synved-social\/image\/social\/regular\/96x96\/pinterest.png\" \/><\/a><a class=\"synved-social-button synved-social-button-share synved-social-size-48 synved-social-resolution-single synved-social-provider-linkedin nolightbox\" data-provider=\"linkedin\" target=\"_blank\" rel=\"nofollow\" title=\"Share on Linkedin\" href=\"https:\/\/www.linkedin.com\/shareArticle?mini=true&#038;url=http%3A%2F%2Fwww.schechler.com%2Fmk&#038;title=Dermot%20Kennedy%21\" style=\"font-size: 0px;width:48px;height:48px;margin:0;margin-bottom:5px;margin-right:5px\"><img loading=\"lazy\" decoding=\"async\" alt=\"linkedin\" title=\"Share on Linkedin\" class=\"synved-share-image synved-social-image synved-social-image-share\" width=\"48\" height=\"48\" style=\"display: inline;width:48px;height:48px;margin: 0;padding: 0;border: none;box-shadow: none\" src=\"http:\/\/www.schechler.com\/mk\/wp-content\/plugins\/social-media-feather\/synved-social\/image\/social\/regular\/96x96\/linkedin.png\" \/><\/a><a class=\"synved-social-button synved-social-button-share synved-social-size-48 synved-social-resolution-single synved-social-provider-mail nolightbox\" data-provider=\"mail\" rel=\"nofollow\" title=\"Share by email\" href=\"mailto:?subject=Dermot%20Kennedy%21&#038;body=Dark%20Contrasts%20Photo%20Project.%20Hey%20check%20this%20out:%20http%3A%2F%2Fwww.schechler.com%2Fmk\" style=\"font-size: 0px;width:48px;height:48px;margin:0;margin-bottom:5px\"><img loading=\"lazy\" decoding=\"async\" alt=\"mail\" title=\"Share by email\" class=\"synved-share-image synved-social-image synved-social-image-share\" width=\"48\" height=\"48\" style=\"display: inline;width:48px;height:48px;margin: 0;padding: 0;border: none;box-shadow: none\" src=\"http:\/\/www.schechler.com\/mk\/wp-content\/plugins\/social-media-feather\/synved-social\/image\/social\/regular\/96x96\/mail.png\" \/><\/a>","protected":false},"excerpt":{"rendered":"<p>Dermot Kennedy Mit seinem zweiten Album &#8220;Sonder&#8221; legt DERMOT KENNEDY erneut einen Reigen an G\u00e4nsehaut, Tiefsinnigkeit und Emotionen vor. Am 7. M\u00e4rz gastierte der Ire mit der famosen Stimme in Stuttgart in der Porsche-Arena. Dermot Kennedy, der irische Singer-Songwriter heute zu Gast in der Porsche-Arena. Start mit &#8220;Blossom&#8221; , &#8220;Power Over Me&#8221; und &#8220;One Life&#8221; [&hellip;]<\/p>\n","protected":false},"author":1,"featured_media":9320,"comment_status":"closed","ping_status":"closed","sticky":false,"template":"","format":"image","meta":{"ngg_post_thumbnail":0,"footnotes":""},"categories":[1],"tags":[5],"class_list":["post-9317","post","type-post","status-publish","format-image","has-post-thumbnail","hentry","category-allgemein","tag-concerts","post_format-post-format-image"],"_links":{"self":[{"href":"http:\/\/www.schechler.com\/mk\/wp-json\/wp\/v2\/posts\/9317","targetHints":{"allow":["GET"]}}],"collection":[{"href":"http:\/\/www.schechler.com\/mk\/wp-json\/wp\/v2\/posts"}],"about":[{"href":"http:\/\/www.schechler.com\/mk\/wp-json\/wp\/v2\/types\/post"}],"author":[{"embeddable":true,"href":"http:\/\/www.schechler.com\/mk\/wp-json\/wp\/v2\/users\/1"}],"replies":[{"embeddable":true,"href":"http:\/\/www.schechler.com\/mk\/wp-json\/wp\/v2\/comments?post=9317"}],"version-history":[{"count":0,"href":"http:\/\/www.schechler.com\/mk\/wp-json\/wp\/v2\/posts\/9317\/revisions"}],"wp:featuredmedia":[{"embeddable":true,"href":"http:\/\/www.schechler.com\/mk\/wp-json\/wp\/v2\/media\/9320"}],"wp:attachment":[{"href":"http:\/\/www.schechler.com\/mk\/wp-json\/wp\/v2\/media?parent=9317"}],"wp:term":[{"taxonomy":"category","embeddable":true,"href":"http:\/\/www.schechler.com\/mk\/wp-json\/wp\/v2\/categories?post=9317"},{"taxonomy":"post_tag","embeddable":true,"href":"http:\/\/www.schechler.com\/mk\/wp-json\/wp\/v2\/tags?post=9317"}],"curies":[{"name":"wp","href":"https:\/\/api.w.org\/{rel}","templated":true}]}}