{"id":9114,"date":"2023-02-25T16:43:29","date_gmt":"2023-02-25T15:43:29","guid":{"rendered":"http:\/\/www.schechler.com\/mk\/?p=9114"},"modified":"2023-03-10T09:08:18","modified_gmt":"2023-03-10T08:08:18","slug":"christoph-sonntag-das-juengste-geriuecht-2023","status":"publish","type":"post","link":"http:\/\/www.schechler.com\/mk\/2023\/02\/25\/christoph-sonntag-das-juengste-geriuecht-2023\/","title":{"rendered":"Christoph Sonntag: Das j\u00fcngste Ger(i)\u00fccht 2023!"},"content":{"rendered":"<h3>Christoph Sonntag: Das j\u00fcngste Ger(i)\u00fccht 2023!<\/h3>\n<blockquote><p>Vieles bleibt gleich, einiges hat sich ge\u00e4ndert in gegen\u00fcber den Vorjahren. Zu trinken gibt es jetzt anstatt Schwaben Br\u00e4u das Kellerbier vom Goldenen Ochsen aus Ulm, statt Gaisburger Marsch gibt es Wurstsalat. Mit der Alten Kelter in Fellbach blieb die Location gleich, Sonja Faber-Schrecklein moderiert f\u00fcr den SWR, die Schauspieler sind die gewohnten wie auch die Musik von ErpfenBrass. Und gewohnt verteilt Bruder Christophorus der Landes- und Bundespolitik ausreichend Backpfeifen links wie rechts. Gut so!<br \/>\nSendung morgen Abend im SWR Fernsehen.<br \/>\nMK Schechler<\/p><\/blockquote>\n<div id=\"attachment_9116\" style=\"width: 810px\" class=\"wp-caption aligncenter\"><img loading=\"lazy\" decoding=\"async\" aria-describedby=\"caption-attachment-9116\" src=\"http:\/\/www.schechler.com\/mk\/wp-content\/uploads\/2023\/02\/DS304347_Radiant.jpg\" alt=\"\" width=\"800\" height=\"534\" class=\"size-full wp-image-9116\" srcset=\"http:\/\/www.schechler.com\/mk\/wp-content\/uploads\/2023\/02\/DS304347_Radiant.jpg 800w, http:\/\/www.schechler.com\/mk\/wp-content\/uploads\/2023\/02\/DS304347_Radiant-300x200.jpg 300w, http:\/\/www.schechler.com\/mk\/wp-content\/uploads\/2023\/02\/DS304347_Radiant-768x513.jpg 768w, http:\/\/www.schechler.com\/mk\/wp-content\/uploads\/2023\/02\/DS304347_Radiant-250x167.jpg 250w\" sizes=\"auto, (max-width: 800px) 100vw, 800px\" \/><p id=\"caption-attachment-9116\" class=\"wp-caption-text\">Christoph Sonntag: Das j\u00fcngste Ger(i)\u00fccht 2023!<\/p><\/div>\n<p>Zum Anschauen der Bilder-Galerie auf erstes Foto klicken und dann durchscrollen.<\/p>\n<p>ngg_shortcode_0_placeholder<\/p>\n<p>#sonntagTV #christophsonntag #bruderchristophorus #swr #stuttgart #fernsehen #fastenpredigt #fellbach #altekelterfellbach <\/p>\n<a class=\"synved-social-button synved-social-button-share synved-social-size-48 synved-social-resolution-single synved-social-provider-facebook nolightbox\" data-provider=\"facebook\" target=\"_blank\" rel=\"nofollow\" title=\"Share on Facebook\" href=\"https:\/\/www.facebook.com\/sharer.php?u=http%3A%2F%2Fwww.schechler.com%2Fmk&#038;t=Christoph%20Sonntag%3A%20Das%20j%C3%BCngste%20Ger%28i%29%C3%BCcht%202023%21&#038;s=100&#038;p&#091;url&#093;=http%3A%2F%2Fwww.schechler.com%2Fmk&#038;p&#091;images&#093;&#091;0&#093;=http%3A%2F%2Fwww.schechler.com%2Fmk%2Fwp-content%2Fuploads%2F2023%2F02%2FDS304465_Radiant2.jpg&#038;p&#091;title&#093;=Christoph%20Sonntag%3A%20Das%20j%C3%BCngste%20Ger%28i%29%C3%BCcht%202023%21\" style=\"font-size: 0px;width:48px;height:48px;margin:0;margin-bottom:5px;margin-right:5px\"><img loading=\"lazy\" decoding=\"async\" alt=\"Facebook\" title=\"Share on Facebook\" class=\"synved-share-image synved-social-image synved-social-image-share\" width=\"48\" height=\"48\" style=\"display: inline;width:48px;height:48px;margin: 0;padding: 0;border: none;box-shadow: none\" src=\"http:\/\/www.schechler.com\/mk\/wp-content\/plugins\/social-media-feather\/synved-social\/image\/social\/regular\/96x96\/facebook.png\" \/><\/a><a class=\"synved-social-button synved-social-button-share synved-social-size-48 synved-social-resolution-single synved-social-provider-twitter nolightbox\" data-provider=\"twitter\" target=\"_blank\" rel=\"nofollow\" title=\"Share on Twitter\" href=\"https:\/\/twitter.com\/intent\/tweet?url=http%3A%2F%2Fwww.schechler.com%2Fmk&#038;text=Dark%20Contrasts%20Photo%20Project.%20Hey%20check%20this%20out\" style=\"font-size: 0px;width:48px;height:48px;margin:0;margin-bottom:5px;margin-right:5px\"><img loading=\"lazy\" decoding=\"async\" alt=\"twitter\" title=\"Share on Twitter\" class=\"synved-share-image synved-social-image synved-social-image-share\" width=\"48\" height=\"48\" style=\"display: inline;width:48px;height:48px;margin: 0;padding: 0;border: none;box-shadow: none\" src=\"http:\/\/www.schechler.com\/mk\/wp-content\/plugins\/social-media-feather\/synved-social\/image\/social\/regular\/96x96\/twitter.png\" \/><\/a><a class=\"synved-social-button synved-social-button-share synved-social-size-48 synved-social-resolution-single synved-social-provider-pinterest nolightbox\" data-provider=\"pinterest\" target=\"_blank\" rel=\"nofollow\" title=\"Pin it with Pinterest\" href=\"https:\/\/pinterest.com\/pin\/create\/button\/?url=http%3A%2F%2Fwww.schechler.com%2Fmk&#038;media=http%3A%2F%2Fwww.schechler.com%2Fmk%2Fwp-content%2Fuploads%2F2023%2F02%2FDS304465_Radiant2.jpg&#038;description=Christoph%20Sonntag%3A%20Das%20j%C3%BCngste%20Ger%28i%29%C3%BCcht%202023%21\" style=\"font-size: 0px;width:48px;height:48px;margin:0;margin-bottom:5px;margin-right:5px\"><img loading=\"lazy\" decoding=\"async\" alt=\"pinterest\" title=\"Pin it with Pinterest\" class=\"synved-share-image synved-social-image synved-social-image-share\" width=\"48\" height=\"48\" style=\"display: inline;width:48px;height:48px;margin: 0;padding: 0;border: none;box-shadow: none\" src=\"http:\/\/www.schechler.com\/mk\/wp-content\/plugins\/social-media-feather\/synved-social\/image\/social\/regular\/96x96\/pinterest.png\" \/><\/a><a class=\"synved-social-button synved-social-button-share synved-social-size-48 synved-social-resolution-single synved-social-provider-linkedin nolightbox\" data-provider=\"linkedin\" target=\"_blank\" rel=\"nofollow\" title=\"Share on Linkedin\" href=\"https:\/\/www.linkedin.com\/shareArticle?mini=true&#038;url=http%3A%2F%2Fwww.schechler.com%2Fmk&#038;title=Christoph%20Sonntag%3A%20Das%20j%C3%BCngste%20Ger%28i%29%C3%BCcht%202023%21\" style=\"font-size: 0px;width:48px;height:48px;margin:0;margin-bottom:5px;margin-right:5px\"><img loading=\"lazy\" decoding=\"async\" alt=\"linkedin\" title=\"Share on Linkedin\" class=\"synved-share-image synved-social-image synved-social-image-share\" width=\"48\" height=\"48\" style=\"display: inline;width:48px;height:48px;margin: 0;padding: 0;border: none;box-shadow: none\" src=\"http:\/\/www.schechler.com\/mk\/wp-content\/plugins\/social-media-feather\/synved-social\/image\/social\/regular\/96x96\/linkedin.png\" \/><\/a><a class=\"synved-social-button synved-social-button-share synved-social-size-48 synved-social-resolution-single synved-social-provider-mail nolightbox\" data-provider=\"mail\" rel=\"nofollow\" title=\"Share by email\" href=\"mailto:?subject=Christoph%20Sonntag%3A%20Das%20j%C3%BCngste%20Ger%28i%29%C3%BCcht%202023%21&#038;body=Dark%20Contrasts%20Photo%20Project.%20Hey%20check%20this%20out:%20http%3A%2F%2Fwww.schechler.com%2Fmk\" style=\"font-size: 0px;width:48px;height:48px;margin:0;margin-bottom:5px\"><img loading=\"lazy\" decoding=\"async\" alt=\"mail\" title=\"Share by email\" class=\"synved-share-image synved-social-image synved-social-image-share\" width=\"48\" height=\"48\" style=\"display: inline;width:48px;height:48px;margin: 0;padding: 0;border: none;box-shadow: none\" src=\"http:\/\/www.schechler.com\/mk\/wp-content\/plugins\/social-media-feather\/synved-social\/image\/social\/regular\/96x96\/mail.png\" \/><\/a>","protected":false},"excerpt":{"rendered":"<p>Christoph Sonntag: Das j\u00fcngste Ger(i)\u00fccht 2023! Vieles bleibt gleich, einiges hat sich ge\u00e4ndert in gegen\u00fcber den Vorjahren. Zu trinken gibt es jetzt anstatt Schwaben Br\u00e4u das Kellerbier vom Goldenen Ochsen aus Ulm, statt Gaisburger Marsch gibt es Wurstsalat. Mit der Alten Kelter in Fellbach blieb die Location gleich, Sonja Faber-Schrecklein moderiert f\u00fcr den SWR, die [&hellip;]<\/p>\n","protected":false},"author":1,"featured_media":9115,"comment_status":"closed","ping_status":"closed","sticky":false,"template":"","format":"image","meta":{"ngg_post_thumbnail":0,"footnotes":""},"categories":[1],"tags":[8],"class_list":["post-9114","post","type-post","status-publish","format-image","has-post-thumbnail","hentry","category-allgemein","tag-mixed","post_format-post-format-image"],"_links":{"self":[{"href":"http:\/\/www.schechler.com\/mk\/wp-json\/wp\/v2\/posts\/9114","targetHints":{"allow":["GET"]}}],"collection":[{"href":"http:\/\/www.schechler.com\/mk\/wp-json\/wp\/v2\/posts"}],"about":[{"href":"http:\/\/www.schechler.com\/mk\/wp-json\/wp\/v2\/types\/post"}],"author":[{"embeddable":true,"href":"http:\/\/www.schechler.com\/mk\/wp-json\/wp\/v2\/users\/1"}],"replies":[{"embeddable":true,"href":"http:\/\/www.schechler.com\/mk\/wp-json\/wp\/v2\/comments?post=9114"}],"version-history":[{"count":0,"href":"http:\/\/www.schechler.com\/mk\/wp-json\/wp\/v2\/posts\/9114\/revisions"}],"wp:featuredmedia":[{"embeddable":true,"href":"http:\/\/www.schechler.com\/mk\/wp-json\/wp\/v2\/media\/9115"}],"wp:attachment":[{"href":"http:\/\/www.schechler.com\/mk\/wp-json\/wp\/v2\/media?parent=9114"}],"wp:term":[{"taxonomy":"category","embeddable":true,"href":"http:\/\/www.schechler.com\/mk\/wp-json\/wp\/v2\/categories?post=9114"},{"taxonomy":"post_tag","embeddable":true,"href":"http:\/\/www.schechler.com\/mk\/wp-json\/wp\/v2\/tags?post=9114"}],"curies":[{"name":"wp","href":"https:\/\/api.w.org\/{rel}","templated":true}]}}