{"id":9016,"date":"2023-02-22T23:25:46","date_gmt":"2023-02-22T22:25:46","guid":{"rendered":"http:\/\/www.schechler.com\/mk\/?p=9016"},"modified":"2023-03-10T09:07:28","modified_gmt":"2023-03-10T08:07:28","slug":"cirque-du-soleil-crystal","status":"publish","type":"post","link":"http:\/\/www.schechler.com\/mk\/2023\/02\/22\/cirque-du-soleil-crystal\/","title":{"rendered":"CIRQUE DU SOLEIL \u2013 CRYSTAL!"},"content":{"rendered":"<h3>CIRQUE DU SOLEIL \u2013 CRYSTAL!<\/h3>\n<blockquote><p>Was alles auf dem Eis m\u00f6glich ist zeigt in atemberaubender Abfolge diese Show. Trotzdem verliert sie nicht den roten Faden, folgt einer tiefgr\u00fcndigen Hintergrundstory. Klasse umgesetzt &#8211; Redaktionstipp!<br \/>\nMK Schechler<\/p><\/blockquote>\n<div id=\"attachment_9020\" style=\"width: 810px\" class=\"wp-caption aligncenter\"><img loading=\"lazy\" decoding=\"async\" aria-describedby=\"caption-attachment-9020\" src=\"http:\/\/www.schechler.com\/mk\/wp-content\/uploads\/2023\/02\/DS304041_Radiant.jpg\" alt=\"\" width=\"800\" height=\"534\" class=\"size-full wp-image-9020\" srcset=\"http:\/\/www.schechler.com\/mk\/wp-content\/uploads\/2023\/02\/DS304041_Radiant.jpg 800w, http:\/\/www.schechler.com\/mk\/wp-content\/uploads\/2023\/02\/DS304041_Radiant-300x200.jpg 300w, http:\/\/www.schechler.com\/mk\/wp-content\/uploads\/2023\/02\/DS304041_Radiant-768x513.jpg 768w, http:\/\/www.schechler.com\/mk\/wp-content\/uploads\/2023\/02\/DS304041_Radiant-250x167.jpg 250w\" sizes=\"auto, (max-width: 800px) 100vw, 800px\" \/><p id=\"caption-attachment-9020\" class=\"wp-caption-text\">Cirque du Soleil pr\u00e4sentiert in Stuttgart seine \u201ecoolste\u201c Show aller Zeiten: CIRQUE DU SOLEIL CRYSTAL!<\/p><\/div>\n<p>CIRQUE DU SOLEIL \u2013 CRYSTAL<br \/>\nMittwoch, 22.02. bis Sonntag, 26.02.2023<br \/>\nPorsche-Arena | Stuttgart<\/p>\n<p><strong>Cirque du Soleil pr\u00e4sentiert jetzt seine \u201ecoolste\u201c Show aller Zeiten: CIRQUE DU SOLEIL CRYSTAL! Das einzigartige Arena-Spektakel vereint zirzensische Hochleistungen mit der Welt des Eiskunstlaufs. Die verbl\u00fcffende neue Produktion nimmt das Publikum mit auf eine wundersame, \u201eeisige\u201c Reise, wo erstmals Eislauf, sensationelle Akrobatik und waghalsige Trapezartisten aufeinandertreffen. <\/strong><\/p>\n<p>CIRQUE DU SOLEIL \u201eCRYSTAL\u201c ist auch die Titelfigur, eine junge Frau, die aus der Realit\u00e4t in die glitzernde Welt der Eiskristalle flieht, in der sie sich spiegelt. Auf d\u00fcnnem Eis entwickelt sie ihre Individualit\u00e4t und Einzigartigkeit. Diese 42. Original-Produktion von Cirque du Soleil erkundet die artistischen M\u00f6glichkeiten auf Eis. Nie zuvor gesehene Darbietungen bewegen sich vom glatten Parcours in die L\u00fcfte, erzeugen atemberaubende Illusionen. Weltklasse-Eisl\u00e4ufer und -Akrobaten erobern die neue Spielfl\u00e4che mit Geschwindigkeit und flie\u00dfend, indem sie scheinbar die Gesetze der Schwerkraft eliminieren.<\/p>\n<p>Zum Anschauen der Bilder-Galerie auf erstes Foto klicken und dann durchscrollen.<\/p>\n<p>ngg_shortcode_0_placeholder<\/p>\n<p>CIRQUE DU SOLEIL CRYSTAL inszeniert von Shana Carroll and S\u00e9bastien Soldevila vereint 43 K\u00fcnstler, Akrobaten, Schlittschuhl\u00e4ufer, Clowns und Musiker zu einem internationalen Ensemble, das neue Ma\u00dfst\u00e4be aufzeigt. Im Unterschied zu anderen Cirque du Soleil-Shows liefert bei CIRQUE DU SOLEIL CRYSTAL die Eisfl\u00e4che eine zus\u00e4tzliche Herausforderung.<\/p>\n<p>Urspr\u00fcnglich eine Gruppe von 20 Stra\u00dfenk\u00fcnstlern, erfand die Cirque du Soleil Entertainment Group die Zirkuskunst neu und wurde zum globalen Marktf\u00fchrer im Live Entertainment. Von Montreal, dem Firmensitz, aus hat das kanadische Unternehmen bisher mehr als 200 Millionen Zuschauer in nahezu 450 St\u00e4dten in 50 L\u00e4ndern verzaubert und begeistert. Die Cirque du Soleil Entertainment Group hat derzeit mehr als 4.000 Angestellte, darunter 1.400 Artisten aus fast 50 L\u00e4ndern.<\/p>\n<p>Die Cirque du Soleil Entertainment Group kreiert die Inhalte f\u00fcr eine gro\u00dfe Palette aufsehenerregender Projekte. Unabh\u00e4ngig von den weltbekannten eigenen Shows, hat die Organisation ihre k\u00fcnstlerische Vision in eine gro\u00dfe Anzahl weiterer Entertainment-Vorhaben eingebracht, so z.B. bei diversen Multimedia-Produktionen, besonderen Live-Pr\u00e4sentationen, Freizeitparks und Spezial-Events. \u00dcber die individuellen Projekte hinaus bem\u00fcht sich die Cirque du Soleil Entertainment Group um positive und nachhaltige Wirkungen bei Menschen, Gemeinden sowie auf der ganzen Welt mit Hilfe seiner wichtigsten Markenzeichen: Kreativit\u00e4t und Kunst.<\/p>\n<p>Homepage: <a href=\"http:\/\/cirquedusoleil.com\" rel=\"noopener\" target=\"_blank\">cirquedusoleil.com<\/a><\/p>\n<p>Lokaler Veranstalter:<br \/>\nSKS Michael Russ GmbH Charlottenplatz 17 70173 Stuttgart<br \/>\n<a href=\"https:\/\/www.michaelrussgmbh.de\/\" rel=\"noopener\" target=\"_blank\">https:\/\/www.michaelrussgmbh.de\/<\/a><\/p>\n<p><strong>Bonus Foto-Galerie: Ein Blick hinter die Kulissen in der Porsche-Arena<\/strong><\/p>\n<p>ngg_shortcode_1_placeholder<\/p>\n<p>#CirqueduSoleil #michaelrussgmbh #porschearena #crystal #eisshow<\/p>\n<a class=\"synved-social-button synved-social-button-share synved-social-size-48 synved-social-resolution-single synved-social-provider-facebook nolightbox\" data-provider=\"facebook\" target=\"_blank\" rel=\"nofollow\" title=\"Share on Facebook\" href=\"https:\/\/www.facebook.com\/sharer.php?u=http%3A%2F%2Fwww.schechler.com%2Fmk&#038;t=CIRQUE%20DU%20SOLEIL%20%E2%80%93%20CRYSTAL%21&#038;s=100&#038;p&#091;url&#093;=http%3A%2F%2Fwww.schechler.com%2Fmk&#038;p&#091;images&#093;&#091;0&#093;=http%3A%2F%2Fwww.schechler.com%2Fmk%2Fwp-content%2Fuploads%2F2023%2F02%2FDS304069_Radiant-001.jpg&#038;p&#091;title&#093;=CIRQUE%20DU%20SOLEIL%20%E2%80%93%20CRYSTAL%21\" style=\"font-size: 0px;width:48px;height:48px;margin:0;margin-bottom:5px;margin-right:5px\"><img loading=\"lazy\" decoding=\"async\" alt=\"Facebook\" title=\"Share on Facebook\" class=\"synved-share-image synved-social-image synved-social-image-share\" width=\"48\" height=\"48\" style=\"display: inline;width:48px;height:48px;margin: 0;padding: 0;border: none;box-shadow: none\" src=\"http:\/\/www.schechler.com\/mk\/wp-content\/plugins\/social-media-feather\/synved-social\/image\/social\/regular\/96x96\/facebook.png\" \/><\/a><a class=\"synved-social-button synved-social-button-share synved-social-size-48 synved-social-resolution-single synved-social-provider-twitter nolightbox\" data-provider=\"twitter\" target=\"_blank\" rel=\"nofollow\" title=\"Share on Twitter\" href=\"https:\/\/twitter.com\/intent\/tweet?url=http%3A%2F%2Fwww.schechler.com%2Fmk&#038;text=Dark%20Contrasts%20Photo%20Project.%20Hey%20check%20this%20out\" style=\"font-size: 0px;width:48px;height:48px;margin:0;margin-bottom:5px;margin-right:5px\"><img loading=\"lazy\" decoding=\"async\" alt=\"twitter\" title=\"Share on Twitter\" class=\"synved-share-image synved-social-image synved-social-image-share\" width=\"48\" height=\"48\" style=\"display: inline;width:48px;height:48px;margin: 0;padding: 0;border: none;box-shadow: none\" src=\"http:\/\/www.schechler.com\/mk\/wp-content\/plugins\/social-media-feather\/synved-social\/image\/social\/regular\/96x96\/twitter.png\" \/><\/a><a class=\"synved-social-button synved-social-button-share synved-social-size-48 synved-social-resolution-single synved-social-provider-pinterest nolightbox\" data-provider=\"pinterest\" target=\"_blank\" rel=\"nofollow\" title=\"Pin it with Pinterest\" href=\"https:\/\/pinterest.com\/pin\/create\/button\/?url=http%3A%2F%2Fwww.schechler.com%2Fmk&#038;media=http%3A%2F%2Fwww.schechler.com%2Fmk%2Fwp-content%2Fuploads%2F2023%2F02%2FDS304069_Radiant-001.jpg&#038;description=CIRQUE%20DU%20SOLEIL%20%E2%80%93%20CRYSTAL%21\" style=\"font-size: 0px;width:48px;height:48px;margin:0;margin-bottom:5px;margin-right:5px\"><img loading=\"lazy\" decoding=\"async\" alt=\"pinterest\" title=\"Pin it with Pinterest\" class=\"synved-share-image synved-social-image synved-social-image-share\" width=\"48\" height=\"48\" style=\"display: inline;width:48px;height:48px;margin: 0;padding: 0;border: none;box-shadow: none\" src=\"http:\/\/www.schechler.com\/mk\/wp-content\/plugins\/social-media-feather\/synved-social\/image\/social\/regular\/96x96\/pinterest.png\" \/><\/a><a class=\"synved-social-button synved-social-button-share synved-social-size-48 synved-social-resolution-single synved-social-provider-linkedin nolightbox\" data-provider=\"linkedin\" target=\"_blank\" rel=\"nofollow\" title=\"Share on Linkedin\" href=\"https:\/\/www.linkedin.com\/shareArticle?mini=true&#038;url=http%3A%2F%2Fwww.schechler.com%2Fmk&#038;title=CIRQUE%20DU%20SOLEIL%20%E2%80%93%20CRYSTAL%21\" style=\"font-size: 0px;width:48px;height:48px;margin:0;margin-bottom:5px;margin-right:5px\"><img loading=\"lazy\" decoding=\"async\" alt=\"linkedin\" title=\"Share on Linkedin\" class=\"synved-share-image synved-social-image synved-social-image-share\" width=\"48\" height=\"48\" style=\"display: inline;width:48px;height:48px;margin: 0;padding: 0;border: none;box-shadow: none\" src=\"http:\/\/www.schechler.com\/mk\/wp-content\/plugins\/social-media-feather\/synved-social\/image\/social\/regular\/96x96\/linkedin.png\" \/><\/a><a class=\"synved-social-button synved-social-button-share synved-social-size-48 synved-social-resolution-single synved-social-provider-mail nolightbox\" data-provider=\"mail\" rel=\"nofollow\" title=\"Share by email\" href=\"mailto:?subject=CIRQUE%20DU%20SOLEIL%20%E2%80%93%20CRYSTAL%21&#038;body=Dark%20Contrasts%20Photo%20Project.%20Hey%20check%20this%20out:%20http%3A%2F%2Fwww.schechler.com%2Fmk\" style=\"font-size: 0px;width:48px;height:48px;margin:0;margin-bottom:5px\"><img loading=\"lazy\" decoding=\"async\" alt=\"mail\" title=\"Share by email\" class=\"synved-share-image synved-social-image synved-social-image-share\" width=\"48\" height=\"48\" style=\"display: inline;width:48px;height:48px;margin: 0;padding: 0;border: none;box-shadow: none\" src=\"http:\/\/www.schechler.com\/mk\/wp-content\/plugins\/social-media-feather\/synved-social\/image\/social\/regular\/96x96\/mail.png\" \/><\/a>","protected":false},"excerpt":{"rendered":"<p>CIRQUE DU SOLEIL \u2013 CRYSTAL! Was alles auf dem Eis m\u00f6glich ist zeigt in atemberaubender Abfolge diese Show. Trotzdem verliert sie nicht den roten Faden, folgt einer tiefgr\u00fcndigen Hintergrundstory. Klasse umgesetzt &#8211; Redaktionstipp! MK Schechler CIRQUE DU SOLEIL \u2013 CRYSTAL Mittwoch, 22.02. bis Sonntag, 26.02.2023 Porsche-Arena | Stuttgart Cirque du Soleil pr\u00e4sentiert jetzt seine \u201ecoolste\u201c [&hellip;]<\/p>\n","protected":false},"author":1,"featured_media":9017,"comment_status":"closed","ping_status":"closed","sticky":false,"template":"","format":"image","meta":{"ngg_post_thumbnail":0,"footnotes":""},"categories":[1],"tags":[8],"class_list":["post-9016","post","type-post","status-publish","format-image","has-post-thumbnail","hentry","category-allgemein","tag-mixed","post_format-post-format-image"],"_links":{"self":[{"href":"http:\/\/www.schechler.com\/mk\/wp-json\/wp\/v2\/posts\/9016","targetHints":{"allow":["GET"]}}],"collection":[{"href":"http:\/\/www.schechler.com\/mk\/wp-json\/wp\/v2\/posts"}],"about":[{"href":"http:\/\/www.schechler.com\/mk\/wp-json\/wp\/v2\/types\/post"}],"author":[{"embeddable":true,"href":"http:\/\/www.schechler.com\/mk\/wp-json\/wp\/v2\/users\/1"}],"replies":[{"embeddable":true,"href":"http:\/\/www.schechler.com\/mk\/wp-json\/wp\/v2\/comments?post=9016"}],"version-history":[{"count":0,"href":"http:\/\/www.schechler.com\/mk\/wp-json\/wp\/v2\/posts\/9016\/revisions"}],"wp:featuredmedia":[{"embeddable":true,"href":"http:\/\/www.schechler.com\/mk\/wp-json\/wp\/v2\/media\/9017"}],"wp:attachment":[{"href":"http:\/\/www.schechler.com\/mk\/wp-json\/wp\/v2\/media?parent=9016"}],"wp:term":[{"taxonomy":"category","embeddable":true,"href":"http:\/\/www.schechler.com\/mk\/wp-json\/wp\/v2\/categories?post=9016"},{"taxonomy":"post_tag","embeddable":true,"href":"http:\/\/www.schechler.com\/mk\/wp-json\/wp\/v2\/tags?post=9016"}],"curies":[{"name":"wp","href":"https:\/\/api.w.org\/{rel}","templated":true}]}}