{"id":8202,"date":"2022-10-24T10:36:41","date_gmt":"2022-10-24T08:36:41","guid":{"rendered":"http:\/\/www.schechler.com\/mk\/?p=8202"},"modified":"2022-10-24T10:54:24","modified_gmt":"2022-10-24T08:54:24","slug":"kim-wilde-2","status":"publish","type":"post","link":"http:\/\/www.schechler.com\/mk\/2022\/10\/24\/kim-wilde-2\/","title":{"rendered":"Kim Wilde!"},"content":{"rendered":"<h3>Kim Wilde!<\/h3>\n<p><strong>Kim Wilde in Stuttgart. Mit Band und all ihren Hits feiert die S\u00e4ngerin ihren 60. Geburtstag aus dem Jahr 2020 nach.<\/strong><\/p>\n<blockquote><p>Der 80er Jahre Pop ist zur\u00fcck. Mit einiger Versp\u00e4tung feiert die englische K\u00fcnstlerin ihren sechzigsten Geburtstag mit uns nach. Bereits Mitte der 80er Jahre war ich bei Ihrem ersten Konzert in Stuttgart, der Fotografen-Kollege an diesem Abend war damals noch nicht geboren&#8230;<\/p>\n<p>Doppel-Drums und etwas rockiger kommen die Songs r\u00fcber. Nat\u00fcrlich sind &#8220;Cambodia&#8221;, Chequered Love&#8221; und &#8220;Kids in America&#8221; dabei. Etwa jeder zweite Song war in den deutschen Charts weit vorn vertreten. Ein kurzweiliger Abend, nat\u00fcrlich schwang auch etwas Nostalgie mit!<br \/>\nMK Schechler<\/p><\/blockquote>\n<div id=\"attachment_8204\" style=\"width: 810px\" class=\"wp-caption aligncenter\"><img loading=\"lazy\" decoding=\"async\" aria-describedby=\"caption-attachment-8204\" src=\"http:\/\/www.schechler.com\/mk\/wp-content\/uploads\/2022\/10\/DS300865cp.jpg\" alt=\"\" width=\"800\" height=\"535\" class=\"size-full wp-image-8204\" srcset=\"http:\/\/www.schechler.com\/mk\/wp-content\/uploads\/2022\/10\/DS300865cp.jpg 800w, http:\/\/www.schechler.com\/mk\/wp-content\/uploads\/2022\/10\/DS300865cp-300x201.jpg 300w, http:\/\/www.schechler.com\/mk\/wp-content\/uploads\/2022\/10\/DS300865cp-768x514.jpg 768w, http:\/\/www.schechler.com\/mk\/wp-content\/uploads\/2022\/10\/DS300865cp-250x167.jpg 250w\" sizes=\"auto, (max-width: 800px) 100vw, 800px\" \/><p id=\"caption-attachment-8204\" class=\"wp-caption-text\">Kim Wilde mit Band, Stuttgart 23. Oktober 2022<\/p><\/div>\n<p>KIM WILDE &#8211; &#8220;The Greatest Hits Tour&#8221;<br \/>\nIm Wizemann (Halle)| Stuttgart<br \/>\n23.10.2022 | 20:00 Uhr<br \/>\nMit all ihren Hits feiert die S\u00e4ngerin ihren 60. Geburtstag aus dem Jahr 2020 nach.<\/p>\n<p>Zum Anschauen der Bilder-Galerie auf erstes Foto klicken und dann durchscrollen.<\/p>\nngg_shortcode_0_placeholder\n<p>Konzertank\u00fcndigung:<\/p>\n<p><strong>KIM WILDE &#8211; &#8220;The Greatest Hits Tour&#8221;<\/strong><br \/>\n\u201eGreatest Hits\u201c hat KIM WILDE ihre Tour im Oktober betitelt \u2013 aus gutem Grund, kann die dann 60-j\u00e4hrige doch mit jeder Menge Charts-Erfolgen aufwarten. Diese reichen von \u201eKids in America\u201c, ihrem Mega-Seller zum Karrierestart 1981, gefolgt von \u201eChequered Love\u201c, dem millionenfach verkauften \u201eCambodia\u201c \u00fcber \u201eView from a Bridge\u201c, \u201eThe Second Time\u201c, der Coverversion \u201eYou Keep me Hangin\u2019 on\u201c bis hin zu \u201eYou Came\u201c, \u201eNever trust a Stranger\u201c, \u201eFour Letter Word\u201c, \u201eCan\u2019t get enough (of your Love)\u201c oder \u201eAnyplace, anywhere, anytime\u201c. Nachdem die mit zahllosen Preisen ausgezeichnete \u201eBardot der Popmusik\u201c Ende 2019 eine erfolgreiche Akustik-Tour in Deutschland absolvierte, ist sie ein Jahr sp\u00e4ter wieder hierzulande unterwegs \u2013 dann allerdings mit Band! <\/p>\n<p>K\u00fcnstlerin-Homepage: <a href=\"http:\/\/www.kimwilde.com\" rel=\"noopener noreferrer\" target=\"_blank\">www.kimwilde.com<\/a><\/p>\n<p>Lokaler Veranstalter:<br \/>\nMusic Circus Concertb\u00fcro \u2013 Charlottenplatz 17 \u2013 70173 Stuttgart \u2013 <a href=\"http:\/\/www.musiccircus.de\" rel=\"noopener noreferrer\" target=\"_blank\">www.musiccircus.de<\/a><\/p>\n<p><strong>Setlist des Abends<\/strong><br \/>\nRage to Love<br \/>\nNever Trust a Stranger<br \/>\nMillion Miles Away<br \/>\nCan&#8217;t Get Enough<br \/>\nIf I Can&#8217;t Have You (Bee Gees cover)<br \/>\nThe Touch<br \/>\nThe Second Time<br \/>\nPop Muzik (Minja Koski cover)<br \/>\nKandy Krush<br \/>\nBirthday<br \/>\nWater on Glass<br \/>\nPerfect Girl<br \/>\nLove Is Holy<br \/>\nLove in the Natural Way<br \/>\nFour Letter Word<br \/>\nAnyplace, Anywhere, Anytime (Nena cover)<br \/>\nCambodia<br \/>\nView From a Bridge<br \/>\nChequered Love<br \/>\nYou Keep Me Hangin&#8217; On (The Supremes cover)<\/p>\n<p>Zugaben:<br \/>\nPop Don&#8217;t Stop<br \/>\nYou Came<br \/>\nKids in America<\/p>\n<p>#kidsinamerica #kimwilde #musiccircusconcertbuerogmbh #stuttgartliveconcerts #musicphotography #livemusicphotography #livemusicpictures <\/p>\n<a class=\"synved-social-button synved-social-button-share synved-social-size-48 synved-social-resolution-single synved-social-provider-facebook nolightbox\" data-provider=\"facebook\" target=\"_blank\" rel=\"nofollow\" title=\"Share on Facebook\" href=\"https:\/\/www.facebook.com\/sharer.php?u=http%3A%2F%2Fwww.schechler.com%2Fmk&#038;t=Kim%20Wilde%21&#038;s=100&#038;p&#091;url&#093;=http%3A%2F%2Fwww.schechler.com%2Fmk&#038;p&#091;images&#093;&#091;0&#093;=http%3A%2F%2Fwww.schechler.com%2Fmk%2Fwp-content%2Fuploads%2F2022%2F10%2FDS300751cp2.jpg&#038;p&#091;title&#093;=Kim%20Wilde%21\" style=\"font-size: 0px;width:48px;height:48px;margin:0;margin-bottom:5px;margin-right:5px\"><img loading=\"lazy\" decoding=\"async\" alt=\"Facebook\" title=\"Share on Facebook\" class=\"synved-share-image synved-social-image synved-social-image-share\" width=\"48\" height=\"48\" style=\"display: inline;width:48px;height:48px;margin: 0;padding: 0;border: none;box-shadow: none\" src=\"http:\/\/www.schechler.com\/mk\/wp-content\/plugins\/social-media-feather\/synved-social\/image\/social\/regular\/96x96\/facebook.png\" \/><\/a><a class=\"synved-social-button synved-social-button-share synved-social-size-48 synved-social-resolution-single synved-social-provider-twitter nolightbox\" data-provider=\"twitter\" target=\"_blank\" rel=\"nofollow\" title=\"Share on Twitter\" href=\"https:\/\/twitter.com\/intent\/tweet?url=http%3A%2F%2Fwww.schechler.com%2Fmk&#038;text=Dark%20Contrasts%20Photo%20Project.%20Hey%20check%20this%20out\" style=\"font-size: 0px;width:48px;height:48px;margin:0;margin-bottom:5px;margin-right:5px\"><img loading=\"lazy\" decoding=\"async\" alt=\"twitter\" title=\"Share on Twitter\" class=\"synved-share-image synved-social-image synved-social-image-share\" width=\"48\" height=\"48\" style=\"display: inline;width:48px;height:48px;margin: 0;padding: 0;border: none;box-shadow: none\" src=\"http:\/\/www.schechler.com\/mk\/wp-content\/plugins\/social-media-feather\/synved-social\/image\/social\/regular\/96x96\/twitter.png\" \/><\/a><a class=\"synved-social-button synved-social-button-share synved-social-size-48 synved-social-resolution-single synved-social-provider-pinterest nolightbox\" data-provider=\"pinterest\" target=\"_blank\" rel=\"nofollow\" title=\"Pin it with Pinterest\" href=\"https:\/\/pinterest.com\/pin\/create\/button\/?url=http%3A%2F%2Fwww.schechler.com%2Fmk&#038;media=http%3A%2F%2Fwww.schechler.com%2Fmk%2Fwp-content%2Fuploads%2F2022%2F10%2FDS300751cp2.jpg&#038;description=Kim%20Wilde%21\" style=\"font-size: 0px;width:48px;height:48px;margin:0;margin-bottom:5px;margin-right:5px\"><img loading=\"lazy\" decoding=\"async\" alt=\"pinterest\" title=\"Pin it with Pinterest\" class=\"synved-share-image synved-social-image synved-social-image-share\" width=\"48\" height=\"48\" style=\"display: inline;width:48px;height:48px;margin: 0;padding: 0;border: none;box-shadow: none\" src=\"http:\/\/www.schechler.com\/mk\/wp-content\/plugins\/social-media-feather\/synved-social\/image\/social\/regular\/96x96\/pinterest.png\" \/><\/a><a class=\"synved-social-button synved-social-button-share synved-social-size-48 synved-social-resolution-single synved-social-provider-linkedin nolightbox\" data-provider=\"linkedin\" target=\"_blank\" rel=\"nofollow\" title=\"Share on Linkedin\" href=\"https:\/\/www.linkedin.com\/shareArticle?mini=true&#038;url=http%3A%2F%2Fwww.schechler.com%2Fmk&#038;title=Kim%20Wilde%21\" style=\"font-size: 0px;width:48px;height:48px;margin:0;margin-bottom:5px;margin-right:5px\"><img loading=\"lazy\" decoding=\"async\" alt=\"linkedin\" title=\"Share on Linkedin\" class=\"synved-share-image synved-social-image synved-social-image-share\" width=\"48\" height=\"48\" style=\"display: inline;width:48px;height:48px;margin: 0;padding: 0;border: none;box-shadow: none\" src=\"http:\/\/www.schechler.com\/mk\/wp-content\/plugins\/social-media-feather\/synved-social\/image\/social\/regular\/96x96\/linkedin.png\" \/><\/a><a class=\"synved-social-button synved-social-button-share synved-social-size-48 synved-social-resolution-single synved-social-provider-mail nolightbox\" data-provider=\"mail\" rel=\"nofollow\" title=\"Share by email\" href=\"mailto:?subject=Kim%20Wilde%21&#038;body=Dark%20Contrasts%20Photo%20Project.%20Hey%20check%20this%20out:%20http%3A%2F%2Fwww.schechler.com%2Fmk\" style=\"font-size: 0px;width:48px;height:48px;margin:0;margin-bottom:5px\"><img loading=\"lazy\" decoding=\"async\" alt=\"mail\" title=\"Share by email\" class=\"synved-share-image synved-social-image synved-social-image-share\" width=\"48\" height=\"48\" style=\"display: inline;width:48px;height:48px;margin: 0;padding: 0;border: none;box-shadow: none\" src=\"http:\/\/www.schechler.com\/mk\/wp-content\/plugins\/social-media-feather\/synved-social\/image\/social\/regular\/96x96\/mail.png\" \/><\/a>","protected":false},"excerpt":{"rendered":"<p>Kim Wilde! Kim Wilde in Stuttgart. Mit Band und all ihren Hits feiert die S\u00e4ngerin ihren 60. Geburtstag aus dem Jahr 2020 nach. Der 80er Jahre Pop ist zur\u00fcck. Mit einiger Versp\u00e4tung feiert die englische K\u00fcnstlerin ihren sechzigsten Geburtstag mit uns nach. Bereits Mitte der 80er Jahre war ich bei Ihrem ersten Konzert in Stuttgart, [&hellip;]<\/p>\n","protected":false},"author":1,"featured_media":8203,"comment_status":"closed","ping_status":"closed","sticky":false,"template":"","format":"image","meta":{"ngg_post_thumbnail":0,"footnotes":""},"categories":[1],"tags":[5],"class_list":["post-8202","post","type-post","status-publish","format-image","has-post-thumbnail","hentry","category-allgemein","tag-concerts","post_format-post-format-image"],"_links":{"self":[{"href":"http:\/\/www.schechler.com\/mk\/wp-json\/wp\/v2\/posts\/8202","targetHints":{"allow":["GET"]}}],"collection":[{"href":"http:\/\/www.schechler.com\/mk\/wp-json\/wp\/v2\/posts"}],"about":[{"href":"http:\/\/www.schechler.com\/mk\/wp-json\/wp\/v2\/types\/post"}],"author":[{"embeddable":true,"href":"http:\/\/www.schechler.com\/mk\/wp-json\/wp\/v2\/users\/1"}],"replies":[{"embeddable":true,"href":"http:\/\/www.schechler.com\/mk\/wp-json\/wp\/v2\/comments?post=8202"}],"version-history":[{"count":0,"href":"http:\/\/www.schechler.com\/mk\/wp-json\/wp\/v2\/posts\/8202\/revisions"}],"wp:featuredmedia":[{"embeddable":true,"href":"http:\/\/www.schechler.com\/mk\/wp-json\/wp\/v2\/media\/8203"}],"wp:attachment":[{"href":"http:\/\/www.schechler.com\/mk\/wp-json\/wp\/v2\/media?parent=8202"}],"wp:term":[{"taxonomy":"category","embeddable":true,"href":"http:\/\/www.schechler.com\/mk\/wp-json\/wp\/v2\/categories?post=8202"},{"taxonomy":"post_tag","embeddable":true,"href":"http:\/\/www.schechler.com\/mk\/wp-json\/wp\/v2\/tags?post=8202"}],"curies":[{"name":"wp","href":"https:\/\/api.w.org\/{rel}","templated":true}]}}