{"id":7116,"date":"2022-06-08T13:11:37","date_gmt":"2022-06-08T11:11:37","guid":{"rendered":"http:\/\/www.schechler.com\/mk\/?p=7116"},"modified":"2022-06-10T08:58:36","modified_gmt":"2022-06-10T06:58:36","slug":"gianna-nannini-4","status":"publish","type":"post","link":"http:\/\/www.schechler.com\/mk\/2022\/06\/08\/gianna-nannini-4\/","title":{"rendered":"Gianna Nannini!"},"content":{"rendered":"<h3>Gianna Nannini!<\/h3>\n<blockquote><p><b>Un&#8217;altra fenomenale notte italiana!<\/b><br \/>\nDie italienische Rockr\u00f6hre ist wieder zu Gast in Ludwigsburg. Auf Italienisch, durchsetzt mit einigen Brocken auf Deutsch begr\u00fc\u00dft der inzwischen 67j\u00e4hrige Weltstar die\u00a02.500 Fans in der gut besuchten MHP-Arena in Ludwigsburg. Vor vier Jahren beim letzten Besuch an gleicher Stelle h\u00fcpfte sie noch wild wie ein Gummiball \u00fcber die B\u00fchne, das ist inzwischen etwas ruhiger geworden. Unver\u00e4ndert die rauchige, durchdringliche und unverwechselbare Stimme. <\/p>\n<p>Hier stehen \u00fcber 40 Jahre B\u00fchnenerfahrung! Im ersten Part im eleganten Hosenanzug gekleidet zeigt Gianna Nannini mit Sneakers den aktuellen modischen Trend. Wir sehen eine energiegeladene Show, dabei wird die K\u00fcnstlerin von einer eingespielten F\u00fcnf-Mann-Band  begleitet. Mit dem Titel &#8220;L&#8217;aria sta finendo&#8221; aus dem tournamengebenden Album &#8220;La Differenza&#8221; startet sie um sp\u00e4ter mit den bekannten Ohrw\u00fcrmern wie \u201eI Maschi\u201c, \u201eRagazzo Dell\u2019 Europa\u201c, \u201eFotoromanza\u201c und \u201eProfumo\u201c um sich zu werfen.<\/p>\n<p>Garderobenwechsel von Business Outfit in Glitzeroptik. Mit hellem Sakko l\u00e4utet der Star den rockigen Part ein: mit \u201eHey Bionda\u201c, \u201eAmerica\u201c, \u201eBello E Impossibile\u201c und \u201eScandalo\u201c geht es weiter, die Stimmung wird ausgelassener, die MHP-Arena kocht das Sakko wird hinter die B\u00fchne geworfen. Mit \u201eUn\u2019Estate Italiana\u201c, offizieller Song der Fu\u00dfball WM 1990, den sie damals im Duett mit Kollege Edoardo Bennato pr\u00e4sentierte, schlie\u00dft Gianna Nannini den Abend. Fenomenale!<\/p>\n<p>MK Schechler, N-News.de<\/p><\/blockquote>\n<div id=\"attachment_7118\" style=\"width: 810px\" class=\"wp-caption aligncenter\"><img loading=\"lazy\" decoding=\"async\" aria-describedby=\"caption-attachment-7118\" src=\"http:\/\/www.schechler.com\/mk\/wp-content\/uploads\/2022\/06\/DS709580sw.jpg\" alt=\"\" width=\"800\" height=\"534\" class=\"size-full wp-image-7118\" srcset=\"http:\/\/www.schechler.com\/mk\/wp-content\/uploads\/2022\/06\/DS709580sw.jpg 800w, http:\/\/www.schechler.com\/mk\/wp-content\/uploads\/2022\/06\/DS709580sw-300x200.jpg 300w, http:\/\/www.schechler.com\/mk\/wp-content\/uploads\/2022\/06\/DS709580sw-768x513.jpg 768w, http:\/\/www.schechler.com\/mk\/wp-content\/uploads\/2022\/06\/DS709580sw-250x167.jpg 250w\" sizes=\"auto, (max-width: 800px) 100vw, 800px\" \/><p id=\"caption-attachment-7118\" class=\"wp-caption-text\">Gianna Nannini. Ludwigsburg, 2022.<\/p><\/div>\n<p>Gianna Nannini &#8220;La Differenza&#8221; Tour 2022<br \/>\n07.06.2022 | 20:00 Uhr<br \/>\nLudwigsburg | MHP Arena<\/p>\n<p>Es gibt kaum eine gr\u00f6\u00dfere Ikone der italienischen Rockmusik als die 63-j\u00e4hrige Songwriterin und S\u00e4ngerin mit der markanten rauen Stimme. Mit Songs wie \u201eAmerica\u201c, \u201eLatin Lover\u201c, \u201eFotoromanza\u201c, \u201eBello e impossibile\u201c oder \u201eI maschi\u201c wurde sie auch weit \u00fcber die Landesgrenzen ihrer Heimat hinaus bekannt und gilt heute als eine der wichtigsten weiblichen Stimmen Italiens \u2013 nicht nur in Sachen Musik, sondern auch dann, wenn es um klare Haltung zu unbequemen aktuellen Themen geht.<\/p>\n<p>Lokaler Veranstalter:<br \/>\nSKS Michael Russ GmbH Charlottenplatz 17 70173 Stuttgart<br \/>\n<a href=\"http:\/\/www.mruss-tickets.de\" rel=\"noopener noreferrer\" target=\"_blank\">www.mruss-tickets.de<\/a><\/p>\n<p>Zum Anschauen der Bilder-Galerie auf erstes Foto klicken und dann durchscrollen. <\/p>\nngg_shortcode_0_placeholder\n<p>#giannanannini #musicphoto #musicaitaliana #musicphotography #musica #livemusicphotography #livemusicpictures #livemusic #blues #live #music #livemusicpics #stuggi #konzertfotografie #stuttgartgram #stuttgartcity #0711love #stuttgartgehtaus #0711stuttgart #stuttgartgeheimtipp #stuttgartkultur<\/p>\n<a class=\"synved-social-button synved-social-button-share synved-social-size-48 synved-social-resolution-single synved-social-provider-facebook nolightbox\" data-provider=\"facebook\" target=\"_blank\" rel=\"nofollow\" title=\"Share on Facebook\" href=\"https:\/\/www.facebook.com\/sharer.php?u=http%3A%2F%2Fwww.schechler.com%2Fmk&#038;t=Gianna%20Nannini%21&#038;s=100&#038;p&#091;url&#093;=http%3A%2F%2Fwww.schechler.com%2Fmk&#038;p&#091;images&#093;&#091;0&#093;=http%3A%2F%2Fwww.schechler.com%2Fmk%2Fwp-content%2Fuploads%2F2022%2F06%2FDS709674cp.jpg&#038;p&#091;title&#093;=Gianna%20Nannini%21\" style=\"font-size: 0px;width:48px;height:48px;margin:0;margin-bottom:5px;margin-right:5px\"><img loading=\"lazy\" decoding=\"async\" alt=\"Facebook\" title=\"Share on Facebook\" class=\"synved-share-image synved-social-image synved-social-image-share\" width=\"48\" height=\"48\" style=\"display: inline;width:48px;height:48px;margin: 0;padding: 0;border: none;box-shadow: none\" src=\"http:\/\/www.schechler.com\/mk\/wp-content\/plugins\/social-media-feather\/synved-social\/image\/social\/regular\/96x96\/facebook.png\" \/><\/a><a class=\"synved-social-button synved-social-button-share synved-social-size-48 synved-social-resolution-single synved-social-provider-twitter nolightbox\" data-provider=\"twitter\" target=\"_blank\" rel=\"nofollow\" title=\"Share on Twitter\" href=\"https:\/\/twitter.com\/intent\/tweet?url=http%3A%2F%2Fwww.schechler.com%2Fmk&#038;text=Dark%20Contrasts%20Photo%20Project.%20Hey%20check%20this%20out\" style=\"font-size: 0px;width:48px;height:48px;margin:0;margin-bottom:5px;margin-right:5px\"><img loading=\"lazy\" decoding=\"async\" alt=\"twitter\" title=\"Share on Twitter\" class=\"synved-share-image synved-social-image synved-social-image-share\" width=\"48\" height=\"48\" style=\"display: inline;width:48px;height:48px;margin: 0;padding: 0;border: none;box-shadow: none\" src=\"http:\/\/www.schechler.com\/mk\/wp-content\/plugins\/social-media-feather\/synved-social\/image\/social\/regular\/96x96\/twitter.png\" \/><\/a><a class=\"synved-social-button synved-social-button-share synved-social-size-48 synved-social-resolution-single synved-social-provider-pinterest nolightbox\" data-provider=\"pinterest\" target=\"_blank\" rel=\"nofollow\" title=\"Pin it with Pinterest\" href=\"https:\/\/pinterest.com\/pin\/create\/button\/?url=http%3A%2F%2Fwww.schechler.com%2Fmk&#038;media=http%3A%2F%2Fwww.schechler.com%2Fmk%2Fwp-content%2Fuploads%2F2022%2F06%2FDS709674cp.jpg&#038;description=Gianna%20Nannini%21\" style=\"font-size: 0px;width:48px;height:48px;margin:0;margin-bottom:5px;margin-right:5px\"><img loading=\"lazy\" decoding=\"async\" alt=\"pinterest\" title=\"Pin it with Pinterest\" class=\"synved-share-image synved-social-image synved-social-image-share\" width=\"48\" height=\"48\" style=\"display: inline;width:48px;height:48px;margin: 0;padding: 0;border: none;box-shadow: none\" src=\"http:\/\/www.schechler.com\/mk\/wp-content\/plugins\/social-media-feather\/synved-social\/image\/social\/regular\/96x96\/pinterest.png\" \/><\/a><a class=\"synved-social-button synved-social-button-share synved-social-size-48 synved-social-resolution-single synved-social-provider-linkedin nolightbox\" data-provider=\"linkedin\" target=\"_blank\" rel=\"nofollow\" title=\"Share on Linkedin\" href=\"https:\/\/www.linkedin.com\/shareArticle?mini=true&#038;url=http%3A%2F%2Fwww.schechler.com%2Fmk&#038;title=Gianna%20Nannini%21\" style=\"font-size: 0px;width:48px;height:48px;margin:0;margin-bottom:5px;margin-right:5px\"><img loading=\"lazy\" decoding=\"async\" alt=\"linkedin\" title=\"Share on Linkedin\" class=\"synved-share-image synved-social-image synved-social-image-share\" width=\"48\" height=\"48\" style=\"display: inline;width:48px;height:48px;margin: 0;padding: 0;border: none;box-shadow: none\" src=\"http:\/\/www.schechler.com\/mk\/wp-content\/plugins\/social-media-feather\/synved-social\/image\/social\/regular\/96x96\/linkedin.png\" \/><\/a><a class=\"synved-social-button synved-social-button-share synved-social-size-48 synved-social-resolution-single synved-social-provider-mail nolightbox\" data-provider=\"mail\" rel=\"nofollow\" title=\"Share by email\" href=\"mailto:?subject=Gianna%20Nannini%21&#038;body=Dark%20Contrasts%20Photo%20Project.%20Hey%20check%20this%20out:%20http%3A%2F%2Fwww.schechler.com%2Fmk\" style=\"font-size: 0px;width:48px;height:48px;margin:0;margin-bottom:5px\"><img loading=\"lazy\" decoding=\"async\" alt=\"mail\" title=\"Share by email\" class=\"synved-share-image synved-social-image synved-social-image-share\" width=\"48\" height=\"48\" style=\"display: inline;width:48px;height:48px;margin: 0;padding: 0;border: none;box-shadow: none\" src=\"http:\/\/www.schechler.com\/mk\/wp-content\/plugins\/social-media-feather\/synved-social\/image\/social\/regular\/96x96\/mail.png\" \/><\/a>","protected":false},"excerpt":{"rendered":"<p>Gianna Nannini! Un&#8217;altra fenomenale notte italiana! Die italienische Rockr\u00f6hre ist wieder zu Gast in Ludwigsburg. Auf Italienisch, durchsetzt mit einigen Brocken auf Deutsch begr\u00fc\u00dft der inzwischen 67j\u00e4hrige Weltstar die\u00a02.500 Fans in der gut besuchten MHP-Arena in Ludwigsburg. Vor vier Jahren beim letzten Besuch an gleicher Stelle h\u00fcpfte sie noch wild wie ein Gummiball \u00fcber die [&hellip;]<\/p>\n","protected":false},"author":1,"featured_media":7117,"comment_status":"closed","ping_status":"closed","sticky":false,"template":"","format":"image","meta":{"ngg_post_thumbnail":0,"footnotes":""},"categories":[1],"tags":[5],"class_list":["post-7116","post","type-post","status-publish","format-image","has-post-thumbnail","hentry","category-allgemein","tag-concerts","post_format-post-format-image"],"_links":{"self":[{"href":"http:\/\/www.schechler.com\/mk\/wp-json\/wp\/v2\/posts\/7116","targetHints":{"allow":["GET"]}}],"collection":[{"href":"http:\/\/www.schechler.com\/mk\/wp-json\/wp\/v2\/posts"}],"about":[{"href":"http:\/\/www.schechler.com\/mk\/wp-json\/wp\/v2\/types\/post"}],"author":[{"embeddable":true,"href":"http:\/\/www.schechler.com\/mk\/wp-json\/wp\/v2\/users\/1"}],"replies":[{"embeddable":true,"href":"http:\/\/www.schechler.com\/mk\/wp-json\/wp\/v2\/comments?post=7116"}],"version-history":[{"count":0,"href":"http:\/\/www.schechler.com\/mk\/wp-json\/wp\/v2\/posts\/7116\/revisions"}],"wp:featuredmedia":[{"embeddable":true,"href":"http:\/\/www.schechler.com\/mk\/wp-json\/wp\/v2\/media\/7117"}],"wp:attachment":[{"href":"http:\/\/www.schechler.com\/mk\/wp-json\/wp\/v2\/media?parent=7116"}],"wp:term":[{"taxonomy":"category","embeddable":true,"href":"http:\/\/www.schechler.com\/mk\/wp-json\/wp\/v2\/categories?post=7116"},{"taxonomy":"post_tag","embeddable":true,"href":"http:\/\/www.schechler.com\/mk\/wp-json\/wp\/v2\/tags?post=7116"}],"curies":[{"name":"wp","href":"https:\/\/api.w.org\/{rel}","templated":true}]}}