{"id":6758,"date":"2021-12-22T20:36:19","date_gmt":"2021-12-22T19:36:19","guid":{"rendered":"http:\/\/www.schechler.com\/mk\/?p=6758"},"modified":"2021-12-23T07:48:38","modified_gmt":"2021-12-23T06:48:38","slug":"6758","status":"publish","type":"post","link":"http:\/\/www.schechler.com\/mk\/2021\/12\/22\/6758\/","title":{"rendered":"Karat!"},"content":{"rendered":"<h3>Karat!<\/h3>\n<p><strong>Karat<\/strong><\/p>\n<blockquote><p>Karat wieder zu Gast in Stuttgart. 2018 letztmalig in der Porsche-Arena, heute im Theaterhaus. Es ist schwer in diesen Zeiten Hallen zu f\u00fcllen. Trotzdem hat sich eine gro\u00dfe Zahl treuer Fans der Berliner Kultband aus dem Osten hier an den Stuttgarter Pragsattel aufgemacht.<\/p>\n<p>&#8220;Leuchtspuren&#8221;, &#8220;Der blaue Planet&#8221; und sp\u00e4testens beim dritten Song &#8220;Ich liebe jede Stunde&#8221; hatten sie die Fans. Frenetisches mitklatschen, mitsingen, die ersten Fans fangen an zu tanzen. F\u00fcr viele ein sentimentaler R\u00fcckblick auf die alte Zeit. Routiniert serviert von Karat, dabei noch zwei Mitglieder &#8211; Michael Schwandt und Bernd R\u00f6mer &#8211; seit dem Jahr 1976. 45 Jahre!<\/p>\n<p>Nat\u00fcrlich darf auch &#8220;\u00dcber sieben Br\u00fccken musst Du gehn&#8221; und einigen Cover-Songs endet ein kurzweiliger Abend.<br \/>\nMK Schechler<\/p><\/blockquote>\n<div id=\"attachment_6760\" style=\"width: 810px\" class=\"wp-caption aligncenter\"><img loading=\"lazy\" decoding=\"async\" aria-describedby=\"caption-attachment-6760\" src=\"http:\/\/www.schechler.com\/mk\/wp-content\/uploads\/2021\/12\/DS304798cp.jpg\" alt=\"\" width=\"800\" height=\"535\" class=\"size-full wp-image-6760\" srcset=\"http:\/\/www.schechler.com\/mk\/wp-content\/uploads\/2021\/12\/DS304798cp.jpg 800w, http:\/\/www.schechler.com\/mk\/wp-content\/uploads\/2021\/12\/DS304798cp-300x201.jpg 300w, http:\/\/www.schechler.com\/mk\/wp-content\/uploads\/2021\/12\/DS304798cp-768x514.jpg 768w, http:\/\/www.schechler.com\/mk\/wp-content\/uploads\/2021\/12\/DS304798cp-250x167.jpg 250w\" sizes=\"auto, (max-width: 800px) 100vw, 800px\" \/><p id=\"caption-attachment-6760\" class=\"wp-caption-text\">KARAT. Theaterhaus Stuttgart<\/p><\/div>\n<p><strong>Karat 45 Jahre<\/strong><br \/>\nAm Dienstag, den 21. Dezember 2021 gastiert die Berliner Kultband Karat im Rahmen ihrer \u201e45 Jahre Karat Tour\u201c um 20:00 Uhr im Theaterhaus Stuttgart.<\/p>\n<p>30 Jahre nach dem Mauerfall ist es sicher kein Geheimnis mehr, dass Rockmusik aus dem Osten Deutschlands eine sehr gro\u00dfe Anzahl K\u00fcnstler und Lieder zu bieten hat. Karat waren bei ihrer Gr\u00fcndung im Jahr 1975 keine pickeligen Teenager mehr, die ihre ersten wackeligen Schritte auf der B\u00fchne unternahmen. Sie hatten bereits ihre Meriten in bekannten Rockbands wie \u201ePanta Rhei\u201c und der \u201eHorst-Kr\u00fcger-Band\u201c gesammelt. Die Band um den damaligen S\u00e4nger Herbert Dreilich und Keyboarder Ed Swillms, aus dessen Feder die gro\u00dfen Karat-Hits stammen, zeigten schnell, dass ihr Erfolg nicht an der ehemaligen Zonengrenze endete. Ihre Alben standen zwischen \u201eKansas\u201c und \u201eKing Crimson\u201c, mit ihre Alben waren &#8211; und sind &#8211; sie Dauergast in den deutschen Charts.<\/p>\n<p>Aber auch Tragik und Triumph lagen bei der Gruppe Karat dicht aneinander. Der tragische Krebstod von Herbert Dreilich, der viel mehr als nur der S\u00e4nger dieser Band war, sondern ihr Gesicht und ihre Seele verk\u00f6rperte, schien im Jahr 2004 das Ende der Ostrocker zu markieren. Doch mit seinem Sohn Claudius als neuen Frontmann stieg die Band wie der ber\u00fchmte Ph\u00f6nix aus der Asche auf und er\u00f6ffnete ihr neue Perspektiven. Seit nunmehr 15 Jahren setzt er die Geschichte von Karat mit neuer Energie und seiner eigenen Note authentisch und erfolgreich fort.<\/p>\n<p>Veranstalter: WIV Entertainment GmbH<br \/>\nTheaterhaus Stuttgart<br \/>\nDienstag 21.12.21 | 20:00 Theaterhaus T1<\/p>\n<p>Zum Anschauen der Bilder-Galerie auf erstes Foto klicken und dann durchscrollen.<\/p>\nngg_shortcode_0_placeholder\n<p>#theaterhaus #karat #kultband #konzertfotografie #stuttgart #WIVEntertainment<\/p>\n<a class=\"synved-social-button synved-social-button-share synved-social-size-48 synved-social-resolution-single synved-social-provider-facebook nolightbox\" data-provider=\"facebook\" target=\"_blank\" rel=\"nofollow\" title=\"Share on Facebook\" href=\"https:\/\/www.facebook.com\/sharer.php?u=http%3A%2F%2Fwww.schechler.com%2Fmk&#038;t=Karat%21&#038;s=100&#038;p&#091;url&#093;=http%3A%2F%2Fwww.schechler.com%2Fmk&#038;p&#091;images&#093;&#091;0&#093;=http%3A%2F%2Fwww.schechler.com%2Fmk%2Fwp-content%2Fuploads%2F2021%2F12%2FDS304782cp.jpg&#038;p&#091;title&#093;=Karat%21\" style=\"font-size: 0px;width:48px;height:48px;margin:0;margin-bottom:5px;margin-right:5px\"><img loading=\"lazy\" decoding=\"async\" alt=\"Facebook\" title=\"Share on Facebook\" class=\"synved-share-image synved-social-image synved-social-image-share\" width=\"48\" height=\"48\" style=\"display: inline;width:48px;height:48px;margin: 0;padding: 0;border: none;box-shadow: none\" src=\"http:\/\/www.schechler.com\/mk\/wp-content\/plugins\/social-media-feather\/synved-social\/image\/social\/regular\/96x96\/facebook.png\" \/><\/a><a class=\"synved-social-button synved-social-button-share synved-social-size-48 synved-social-resolution-single synved-social-provider-twitter nolightbox\" data-provider=\"twitter\" target=\"_blank\" rel=\"nofollow\" title=\"Share on Twitter\" href=\"https:\/\/twitter.com\/intent\/tweet?url=http%3A%2F%2Fwww.schechler.com%2Fmk&#038;text=Dark%20Contrasts%20Photo%20Project.%20Hey%20check%20this%20out\" style=\"font-size: 0px;width:48px;height:48px;margin:0;margin-bottom:5px;margin-right:5px\"><img loading=\"lazy\" decoding=\"async\" alt=\"twitter\" title=\"Share on Twitter\" class=\"synved-share-image synved-social-image synved-social-image-share\" width=\"48\" height=\"48\" style=\"display: inline;width:48px;height:48px;margin: 0;padding: 0;border: none;box-shadow: none\" src=\"http:\/\/www.schechler.com\/mk\/wp-content\/plugins\/social-media-feather\/synved-social\/image\/social\/regular\/96x96\/twitter.png\" \/><\/a><a class=\"synved-social-button synved-social-button-share synved-social-size-48 synved-social-resolution-single synved-social-provider-pinterest nolightbox\" data-provider=\"pinterest\" target=\"_blank\" rel=\"nofollow\" title=\"Pin it with Pinterest\" href=\"https:\/\/pinterest.com\/pin\/create\/button\/?url=http%3A%2F%2Fwww.schechler.com%2Fmk&#038;media=http%3A%2F%2Fwww.schechler.com%2Fmk%2Fwp-content%2Fuploads%2F2021%2F12%2FDS304782cp.jpg&#038;description=Karat%21\" style=\"font-size: 0px;width:48px;height:48px;margin:0;margin-bottom:5px;margin-right:5px\"><img loading=\"lazy\" decoding=\"async\" alt=\"pinterest\" title=\"Pin it with Pinterest\" class=\"synved-share-image synved-social-image synved-social-image-share\" width=\"48\" height=\"48\" style=\"display: inline;width:48px;height:48px;margin: 0;padding: 0;border: none;box-shadow: none\" src=\"http:\/\/www.schechler.com\/mk\/wp-content\/plugins\/social-media-feather\/synved-social\/image\/social\/regular\/96x96\/pinterest.png\" \/><\/a><a class=\"synved-social-button synved-social-button-share synved-social-size-48 synved-social-resolution-single synved-social-provider-linkedin nolightbox\" data-provider=\"linkedin\" target=\"_blank\" rel=\"nofollow\" title=\"Share on Linkedin\" href=\"https:\/\/www.linkedin.com\/shareArticle?mini=true&#038;url=http%3A%2F%2Fwww.schechler.com%2Fmk&#038;title=Karat%21\" style=\"font-size: 0px;width:48px;height:48px;margin:0;margin-bottom:5px;margin-right:5px\"><img loading=\"lazy\" decoding=\"async\" alt=\"linkedin\" title=\"Share on Linkedin\" class=\"synved-share-image synved-social-image synved-social-image-share\" width=\"48\" height=\"48\" style=\"display: inline;width:48px;height:48px;margin: 0;padding: 0;border: none;box-shadow: none\" src=\"http:\/\/www.schechler.com\/mk\/wp-content\/plugins\/social-media-feather\/synved-social\/image\/social\/regular\/96x96\/linkedin.png\" \/><\/a><a class=\"synved-social-button synved-social-button-share synved-social-size-48 synved-social-resolution-single synved-social-provider-mail nolightbox\" data-provider=\"mail\" rel=\"nofollow\" title=\"Share by email\" href=\"mailto:?subject=Karat%21&#038;body=Dark%20Contrasts%20Photo%20Project.%20Hey%20check%20this%20out:%20http%3A%2F%2Fwww.schechler.com%2Fmk\" style=\"font-size: 0px;width:48px;height:48px;margin:0;margin-bottom:5px\"><img loading=\"lazy\" decoding=\"async\" alt=\"mail\" title=\"Share by email\" class=\"synved-share-image synved-social-image synved-social-image-share\" width=\"48\" height=\"48\" style=\"display: inline;width:48px;height:48px;margin: 0;padding: 0;border: none;box-shadow: none\" src=\"http:\/\/www.schechler.com\/mk\/wp-content\/plugins\/social-media-feather\/synved-social\/image\/social\/regular\/96x96\/mail.png\" \/><\/a>","protected":false},"excerpt":{"rendered":"<p>Karat! Karat Karat wieder zu Gast in Stuttgart. 2018 letztmalig in der Porsche-Arena, heute im Theaterhaus. Es ist schwer in diesen Zeiten Hallen zu f\u00fcllen. Trotzdem hat sich eine gro\u00dfe Zahl treuer Fans der Berliner Kultband aus dem Osten hier an den Stuttgarter Pragsattel aufgemacht. &#8220;Leuchtspuren&#8221;, &#8220;Der blaue Planet&#8221; und sp\u00e4testens beim dritten Song &#8220;Ich [&hellip;]<\/p>\n","protected":false},"author":1,"featured_media":6759,"comment_status":"closed","ping_status":"closed","sticky":false,"template":"","format":"image","meta":{"ngg_post_thumbnail":0,"footnotes":""},"categories":[1],"tags":[5],"class_list":["post-6758","post","type-post","status-publish","format-image","has-post-thumbnail","hentry","category-allgemein","tag-concerts","post_format-post-format-image"],"_links":{"self":[{"href":"http:\/\/www.schechler.com\/mk\/wp-json\/wp\/v2\/posts\/6758","targetHints":{"allow":["GET"]}}],"collection":[{"href":"http:\/\/www.schechler.com\/mk\/wp-json\/wp\/v2\/posts"}],"about":[{"href":"http:\/\/www.schechler.com\/mk\/wp-json\/wp\/v2\/types\/post"}],"author":[{"embeddable":true,"href":"http:\/\/www.schechler.com\/mk\/wp-json\/wp\/v2\/users\/1"}],"replies":[{"embeddable":true,"href":"http:\/\/www.schechler.com\/mk\/wp-json\/wp\/v2\/comments?post=6758"}],"version-history":[{"count":0,"href":"http:\/\/www.schechler.com\/mk\/wp-json\/wp\/v2\/posts\/6758\/revisions"}],"wp:featuredmedia":[{"embeddable":true,"href":"http:\/\/www.schechler.com\/mk\/wp-json\/wp\/v2\/media\/6759"}],"wp:attachment":[{"href":"http:\/\/www.schechler.com\/mk\/wp-json\/wp\/v2\/media?parent=6758"}],"wp:term":[{"taxonomy":"category","embeddable":true,"href":"http:\/\/www.schechler.com\/mk\/wp-json\/wp\/v2\/categories?post=6758"},{"taxonomy":"post_tag","embeddable":true,"href":"http:\/\/www.schechler.com\/mk\/wp-json\/wp\/v2\/tags?post=6758"}],"curies":[{"name":"wp","href":"https:\/\/api.w.org\/{rel}","templated":true}]}}