{"id":6666,"date":"2021-11-21T11:11:17","date_gmt":"2021-11-21T10:11:17","guid":{"rendered":"http:\/\/www.schechler.com\/mk\/?p=6666"},"modified":"2021-11-21T11:12:58","modified_gmt":"2021-11-21T10:12:58","slug":"christmas-garden-stuttgart-2","status":"publish","type":"post","link":"http:\/\/www.schechler.com\/mk\/2021\/11\/21\/christmas-garden-stuttgart-2\/","title":{"rendered":"Christmas Garden Stuttgart!"},"content":{"rendered":"<h3>Christmas Garden Stuttgart!<\/h3>\n<blockquote><p><strong>Der Christmas Garden Stuttgart feiert in diesen Tagen mit einem Lichtermeer sein Comeback!<\/strong><br \/>\nPremiere letzten Donnerstag in der Stuttgarter Wilhelma. Der neue Rundweg des Christmas Garden Stuttgart begeistert mit neuen Attraktionen wie wir feststellen. &#8220;Lights on!&#8221; &#8211; Veranstalter Christian Doll und Wilhelma-Chef Thomas K\u00f6lpin geben den Startschuss. Wir haben einige Fotos als Appetizer mitgebracht!<br \/>\nMK Schechler<\/p><\/blockquote>\n<div id=\"attachment_6667\" style=\"width: 810px\" class=\"wp-caption aligncenter\"><img loading=\"lazy\" decoding=\"async\" aria-describedby=\"caption-attachment-6667\" src=\"http:\/\/www.schechler.com\/mk\/wp-content\/uploads\/2021\/11\/DS304139cp.jpg\" alt=\"\" width=\"800\" height=\"535\" class=\"size-full wp-image-6667\" srcset=\"http:\/\/www.schechler.com\/mk\/wp-content\/uploads\/2021\/11\/DS304139cp.jpg 800w, http:\/\/www.schechler.com\/mk\/wp-content\/uploads\/2021\/11\/DS304139cp-300x201.jpg 300w, http:\/\/www.schechler.com\/mk\/wp-content\/uploads\/2021\/11\/DS304139cp-768x514.jpg 768w, http:\/\/www.schechler.com\/mk\/wp-content\/uploads\/2021\/11\/DS304139cp-250x167.jpg 250w\" sizes=\"auto, (max-width: 800px) 100vw, 800px\" \/><p id=\"caption-attachment-6667\" class=\"wp-caption-text\">Christmas Garden Stuttgart, 2021<\/p><\/div>\n<p><strong>Highlights im Christmas Garden<\/strong><br \/>\nViele neue, einzigartige Highlights mit passender musikalischer Begleitung und individuellen Kompositionen wurden exklusiv f\u00fcr den Christmas Garden 2021 entworfen und sind nur bei uns zu erleben. Das \u201eWasserm\u00e4rchen\u201c begeistert mit einem Lichtkunstwerk aus Wassernebel und einer Videoprojektion und l\u00e4sst phantasievolle, leuchtende Motive auf einer imposanten Wasserwand entstehen. Oder flanieren Sie durch die glitzernde Christmas Garden \u201eKathedrale des Lichts\u201c: Tausende winzige Leuchtdioden werden zu einem strahlenden, \u00fcber 20 Meter langen Tunnel geformt. So wird der Sternenhimmel zum Greifen nah. Auch unser Publikumsliebling aus 2019, das \u201eField of Lights\u201c, ist wieder dabei \u2013 noch gr\u00f6\u00dfer und eindrucksvoller als beim letzten Mal. Auf einer gro\u00dfen Wiese werden Tausende von Lichtpunkten zu einer perfekt abgestimmten Melodie animiert und erwecken so die Illusion eines bewegten, schillernden Bildmotivs.<\/p>\n<p>Christmas Garden Stuttgart<br \/>\nMit der D\u00e4mmerung beginnt die magische Reise \u2026<br \/>\n18. November 2021 \u2013 16. Januar 2022<br \/>\nZoologisch-Botanischer Garten Wilhelma<br \/>\nWunsch-Einlasszeiten sichern auf <a href=\"http:\/\/www.christmas-garden.de\/stuttgart\/\" rel=\"noopener noreferrer\" target=\"_blank\">www.christmas-garden.de\/stuttgart\/<\/a><\/p>\nngg_shortcode_0_placeholder\n<p>#christmasgardenstuttgart #c2concerts #christmasgarden #deag #wilhelma #stuttgart <\/p>\n<a class=\"synved-social-button synved-social-button-share synved-social-size-48 synved-social-resolution-single synved-social-provider-facebook nolightbox\" data-provider=\"facebook\" target=\"_blank\" rel=\"nofollow\" title=\"Share on Facebook\" href=\"https:\/\/www.facebook.com\/sharer.php?u=http%3A%2F%2Fwww.schechler.com%2Fmk&#038;t=Christmas%20Garden%20Stuttgart%21&#038;s=100&#038;p&#091;url&#093;=http%3A%2F%2Fwww.schechler.com%2Fmk&#038;p&#091;images&#093;&#091;0&#093;=http%3A%2F%2Fwww.schechler.com%2Fmk%2Fwp-content%2Fuploads%2F2021%2F11%2F2021-11-18-20.07.03cp.jpg&#038;p&#091;title&#093;=Christmas%20Garden%20Stuttgart%21\" style=\"font-size: 0px;width:48px;height:48px;margin:0;margin-bottom:5px;margin-right:5px\"><img loading=\"lazy\" decoding=\"async\" alt=\"Facebook\" title=\"Share on Facebook\" class=\"synved-share-image synved-social-image synved-social-image-share\" width=\"48\" height=\"48\" style=\"display: inline;width:48px;height:48px;margin: 0;padding: 0;border: none;box-shadow: none\" src=\"http:\/\/www.schechler.com\/mk\/wp-content\/plugins\/social-media-feather\/synved-social\/image\/social\/regular\/96x96\/facebook.png\" \/><\/a><a class=\"synved-social-button synved-social-button-share synved-social-size-48 synved-social-resolution-single synved-social-provider-twitter nolightbox\" data-provider=\"twitter\" target=\"_blank\" rel=\"nofollow\" title=\"Share on Twitter\" href=\"https:\/\/twitter.com\/intent\/tweet?url=http%3A%2F%2Fwww.schechler.com%2Fmk&#038;text=Dark%20Contrasts%20Photo%20Project.%20Hey%20check%20this%20out\" style=\"font-size: 0px;width:48px;height:48px;margin:0;margin-bottom:5px;margin-right:5px\"><img loading=\"lazy\" decoding=\"async\" alt=\"twitter\" title=\"Share on Twitter\" class=\"synved-share-image synved-social-image synved-social-image-share\" width=\"48\" height=\"48\" style=\"display: inline;width:48px;height:48px;margin: 0;padding: 0;border: none;box-shadow: none\" src=\"http:\/\/www.schechler.com\/mk\/wp-content\/plugins\/social-media-feather\/synved-social\/image\/social\/regular\/96x96\/twitter.png\" \/><\/a><a class=\"synved-social-button synved-social-button-share synved-social-size-48 synved-social-resolution-single synved-social-provider-pinterest nolightbox\" data-provider=\"pinterest\" target=\"_blank\" rel=\"nofollow\" title=\"Pin it with Pinterest\" href=\"https:\/\/pinterest.com\/pin\/create\/button\/?url=http%3A%2F%2Fwww.schechler.com%2Fmk&#038;media=http%3A%2F%2Fwww.schechler.com%2Fmk%2Fwp-content%2Fuploads%2F2021%2F11%2F2021-11-18-20.07.03cp.jpg&#038;description=Christmas%20Garden%20Stuttgart%21\" style=\"font-size: 0px;width:48px;height:48px;margin:0;margin-bottom:5px;margin-right:5px\"><img loading=\"lazy\" decoding=\"async\" alt=\"pinterest\" title=\"Pin it with Pinterest\" class=\"synved-share-image synved-social-image synved-social-image-share\" width=\"48\" height=\"48\" style=\"display: inline;width:48px;height:48px;margin: 0;padding: 0;border: none;box-shadow: none\" src=\"http:\/\/www.schechler.com\/mk\/wp-content\/plugins\/social-media-feather\/synved-social\/image\/social\/regular\/96x96\/pinterest.png\" \/><\/a><a class=\"synved-social-button synved-social-button-share synved-social-size-48 synved-social-resolution-single synved-social-provider-linkedin nolightbox\" data-provider=\"linkedin\" target=\"_blank\" rel=\"nofollow\" title=\"Share on Linkedin\" href=\"https:\/\/www.linkedin.com\/shareArticle?mini=true&#038;url=http%3A%2F%2Fwww.schechler.com%2Fmk&#038;title=Christmas%20Garden%20Stuttgart%21\" style=\"font-size: 0px;width:48px;height:48px;margin:0;margin-bottom:5px;margin-right:5px\"><img loading=\"lazy\" decoding=\"async\" alt=\"linkedin\" title=\"Share on Linkedin\" class=\"synved-share-image synved-social-image synved-social-image-share\" width=\"48\" height=\"48\" style=\"display: inline;width:48px;height:48px;margin: 0;padding: 0;border: none;box-shadow: none\" src=\"http:\/\/www.schechler.com\/mk\/wp-content\/plugins\/social-media-feather\/synved-social\/image\/social\/regular\/96x96\/linkedin.png\" \/><\/a><a class=\"synved-social-button synved-social-button-share synved-social-size-48 synved-social-resolution-single synved-social-provider-mail nolightbox\" data-provider=\"mail\" rel=\"nofollow\" title=\"Share by email\" href=\"mailto:?subject=Christmas%20Garden%20Stuttgart%21&#038;body=Dark%20Contrasts%20Photo%20Project.%20Hey%20check%20this%20out:%20http%3A%2F%2Fwww.schechler.com%2Fmk\" style=\"font-size: 0px;width:48px;height:48px;margin:0;margin-bottom:5px\"><img loading=\"lazy\" decoding=\"async\" alt=\"mail\" title=\"Share by email\" class=\"synved-share-image synved-social-image synved-social-image-share\" width=\"48\" height=\"48\" style=\"display: inline;width:48px;height:48px;margin: 0;padding: 0;border: none;box-shadow: none\" src=\"http:\/\/www.schechler.com\/mk\/wp-content\/plugins\/social-media-feather\/synved-social\/image\/social\/regular\/96x96\/mail.png\" \/><\/a>","protected":false},"excerpt":{"rendered":"<p>Christmas Garden Stuttgart! Der Christmas Garden Stuttgart feiert in diesen Tagen mit einem Lichtermeer sein Comeback! Premiere letzten Donnerstag in der Stuttgarter Wilhelma. Der neue Rundweg des Christmas Garden Stuttgart begeistert mit neuen Attraktionen wie wir feststellen. &#8220;Lights on!&#8221; &#8211; Veranstalter Christian Doll und Wilhelma-Chef Thomas K\u00f6lpin geben den Startschuss. Wir haben einige Fotos als [&hellip;]<\/p>\n","protected":false},"author":1,"featured_media":6668,"comment_status":"closed","ping_status":"closed","sticky":false,"template":"","format":"image","meta":{"ngg_post_thumbnail":0,"footnotes":""},"categories":[1],"tags":[8],"class_list":["post-6666","post","type-post","status-publish","format-image","has-post-thumbnail","hentry","category-allgemein","tag-mixed","post_format-post-format-image"],"_links":{"self":[{"href":"http:\/\/www.schechler.com\/mk\/wp-json\/wp\/v2\/posts\/6666","targetHints":{"allow":["GET"]}}],"collection":[{"href":"http:\/\/www.schechler.com\/mk\/wp-json\/wp\/v2\/posts"}],"about":[{"href":"http:\/\/www.schechler.com\/mk\/wp-json\/wp\/v2\/types\/post"}],"author":[{"embeddable":true,"href":"http:\/\/www.schechler.com\/mk\/wp-json\/wp\/v2\/users\/1"}],"replies":[{"embeddable":true,"href":"http:\/\/www.schechler.com\/mk\/wp-json\/wp\/v2\/comments?post=6666"}],"version-history":[{"count":0,"href":"http:\/\/www.schechler.com\/mk\/wp-json\/wp\/v2\/posts\/6666\/revisions"}],"wp:featuredmedia":[{"embeddable":true,"href":"http:\/\/www.schechler.com\/mk\/wp-json\/wp\/v2\/media\/6668"}],"wp:attachment":[{"href":"http:\/\/www.schechler.com\/mk\/wp-json\/wp\/v2\/media?parent=6666"}],"wp:term":[{"taxonomy":"category","embeddable":true,"href":"http:\/\/www.schechler.com\/mk\/wp-json\/wp\/v2\/categories?post=6666"},{"taxonomy":"post_tag","embeddable":true,"href":"http:\/\/www.schechler.com\/mk\/wp-json\/wp\/v2\/tags?post=6666"}],"curies":[{"name":"wp","href":"https:\/\/api.w.org\/{rel}","templated":true}]}}