{"id":6250,"date":"2021-09-19T16:29:32","date_gmt":"2021-09-19T14:29:32","guid":{"rendered":"http:\/\/www.schechler.com\/mk\/?p=6250"},"modified":"2022-07-29T19:05:42","modified_gmt":"2022-07-29T17:05:42","slug":"sophie-hunger","status":"publish","type":"post","link":"http:\/\/www.schechler.com\/mk\/2021\/09\/19\/sophie-hunger\/","title":{"rendered":"Sophie Hunger!"},"content":{"rendered":"<h3>Sophie Hunger!<\/h3>\n<p><strong>Auftakt am Freitagabend: Sophie Hunger l\u00e4utet das Wochenende ein<\/strong><\/p>\n<blockquote><p>Schwyzerd\u00fctsch, englisch, franz\u00f6sich oder auch deutsch. Sophie Hunger singt in allen vier Sprachen bei den Jazzopen Stuttgart 2021. 3000 Zuschauer haben den Weg auf den Schlossplatz an diesem Abend gefunden um zwei au\u00dfergew\u00f6hnliche Frauen zu sehen und h\u00f6ren. Lianne La Havas, die den zweiten Part an diesem Abend absolviert und Sophie Hunger, die von Indierock in franz\u00f6sische Balladen springt. Ein Chor begleitet die Schweizer S\u00e4ngerin neben zwei Instumentalisten. Ein wunderbarer Auftakt ins zweite Jazzopen-Wochenende.<br \/>\nMK Schechler<\/p><\/blockquote>\n<div id=\"attachment_6252\" style=\"width: 810px\" class=\"wp-caption aligncenter\"><img loading=\"lazy\" decoding=\"async\" aria-describedby=\"caption-attachment-6252\" src=\"http:\/\/www.schechler.com\/mk\/wp-content\/uploads\/2021\/09\/DS301897cp.jpg\" alt=\"\" width=\"800\" height=\"535\" class=\"size-full wp-image-6252\" srcset=\"http:\/\/www.schechler.com\/mk\/wp-content\/uploads\/2021\/09\/DS301897cp.jpg 800w, http:\/\/www.schechler.com\/mk\/wp-content\/uploads\/2021\/09\/DS301897cp-300x201.jpg 300w, http:\/\/www.schechler.com\/mk\/wp-content\/uploads\/2021\/09\/DS301897cp-768x514.jpg 768w, http:\/\/www.schechler.com\/mk\/wp-content\/uploads\/2021\/09\/DS301897cp-250x167.jpg 250w\" sizes=\"auto, (max-width: 800px) 100vw, 800px\" \/><p id=\"caption-attachment-6252\" class=\"wp-caption-text\">Sophie Hunger! Stuttgart, 2021<\/p><\/div>\n<p>Video des Konzerts: <a href=\"https:\/\/www.arte.tv\/de\/videos\/105444-007-A\/sophie-hunger\/\" rel=\"noopener\" target=\"_blank\">https:\/\/www.arte.tv\/de\/videos\/105444-007-A\/sophie-hunger\/<\/a><br \/>\nDauer: 78 Min.<br \/>\nVerf\u00fcgbar: bis 16\/03\/2022<\/p>\n<p>Zum Anschauen der Bilder-Galerie auf erstes Foto klicken und dann durchscrollen.<\/p>\n<p>ngg_shortcode_0_placeholder<\/p>\n<p>@jazzopen_stutgart @sophiehunger #swissjazz #jazzopenstuttgart #jazz #jazzfestival #stuttgart<\/p>\n<a class=\"synved-social-button synved-social-button-share synved-social-size-48 synved-social-resolution-single synved-social-provider-facebook nolightbox\" data-provider=\"facebook\" target=\"_blank\" rel=\"nofollow\" title=\"Share on Facebook\" href=\"https:\/\/www.facebook.com\/sharer.php?u=http%3A%2F%2Fwww.schechler.com%2Fmk&#038;t=Sophie%20Hunger%21&#038;s=100&#038;p&#091;url&#093;=http%3A%2F%2Fwww.schechler.com%2Fmk&#038;p&#091;images&#093;&#091;0&#093;=http%3A%2F%2Fwww.schechler.com%2Fmk%2Fwp-content%2Fuploads%2F2021%2F09%2FDS301892cp.jpg&#038;p&#091;title&#093;=Sophie%20Hunger%21\" style=\"font-size: 0px;width:48px;height:48px;margin:0;margin-bottom:5px;margin-right:5px\"><img loading=\"lazy\" decoding=\"async\" alt=\"Facebook\" title=\"Share on Facebook\" class=\"synved-share-image synved-social-image synved-social-image-share\" width=\"48\" height=\"48\" style=\"display: inline;width:48px;height:48px;margin: 0;padding: 0;border: none;box-shadow: none\" src=\"http:\/\/www.schechler.com\/mk\/wp-content\/plugins\/social-media-feather\/synved-social\/image\/social\/regular\/96x96\/facebook.png\" \/><\/a><a class=\"synved-social-button synved-social-button-share synved-social-size-48 synved-social-resolution-single synved-social-provider-twitter nolightbox\" data-provider=\"twitter\" target=\"_blank\" rel=\"nofollow\" title=\"Share on Twitter\" href=\"https:\/\/twitter.com\/intent\/tweet?url=http%3A%2F%2Fwww.schechler.com%2Fmk&#038;text=Dark%20Contrasts%20Photo%20Project.%20Hey%20check%20this%20out\" style=\"font-size: 0px;width:48px;height:48px;margin:0;margin-bottom:5px;margin-right:5px\"><img loading=\"lazy\" decoding=\"async\" alt=\"twitter\" title=\"Share on Twitter\" class=\"synved-share-image synved-social-image synved-social-image-share\" width=\"48\" height=\"48\" style=\"display: inline;width:48px;height:48px;margin: 0;padding: 0;border: none;box-shadow: none\" src=\"http:\/\/www.schechler.com\/mk\/wp-content\/plugins\/social-media-feather\/synved-social\/image\/social\/regular\/96x96\/twitter.png\" \/><\/a><a class=\"synved-social-button synved-social-button-share synved-social-size-48 synved-social-resolution-single synved-social-provider-pinterest nolightbox\" data-provider=\"pinterest\" target=\"_blank\" rel=\"nofollow\" title=\"Pin it with Pinterest\" href=\"https:\/\/pinterest.com\/pin\/create\/button\/?url=http%3A%2F%2Fwww.schechler.com%2Fmk&#038;media=http%3A%2F%2Fwww.schechler.com%2Fmk%2Fwp-content%2Fuploads%2F2021%2F09%2FDS301892cp.jpg&#038;description=Sophie%20Hunger%21\" style=\"font-size: 0px;width:48px;height:48px;margin:0;margin-bottom:5px;margin-right:5px\"><img loading=\"lazy\" decoding=\"async\" alt=\"pinterest\" title=\"Pin it with Pinterest\" class=\"synved-share-image synved-social-image synved-social-image-share\" width=\"48\" height=\"48\" style=\"display: inline;width:48px;height:48px;margin: 0;padding: 0;border: none;box-shadow: none\" src=\"http:\/\/www.schechler.com\/mk\/wp-content\/plugins\/social-media-feather\/synved-social\/image\/social\/regular\/96x96\/pinterest.png\" \/><\/a><a class=\"synved-social-button synved-social-button-share synved-social-size-48 synved-social-resolution-single synved-social-provider-linkedin nolightbox\" data-provider=\"linkedin\" target=\"_blank\" rel=\"nofollow\" title=\"Share on Linkedin\" href=\"https:\/\/www.linkedin.com\/shareArticle?mini=true&#038;url=http%3A%2F%2Fwww.schechler.com%2Fmk&#038;title=Sophie%20Hunger%21\" style=\"font-size: 0px;width:48px;height:48px;margin:0;margin-bottom:5px;margin-right:5px\"><img loading=\"lazy\" decoding=\"async\" alt=\"linkedin\" title=\"Share on Linkedin\" class=\"synved-share-image synved-social-image synved-social-image-share\" width=\"48\" height=\"48\" style=\"display: inline;width:48px;height:48px;margin: 0;padding: 0;border: none;box-shadow: none\" src=\"http:\/\/www.schechler.com\/mk\/wp-content\/plugins\/social-media-feather\/synved-social\/image\/social\/regular\/96x96\/linkedin.png\" \/><\/a><a class=\"synved-social-button synved-social-button-share synved-social-size-48 synved-social-resolution-single synved-social-provider-mail nolightbox\" data-provider=\"mail\" rel=\"nofollow\" title=\"Share by email\" href=\"mailto:?subject=Sophie%20Hunger%21&#038;body=Dark%20Contrasts%20Photo%20Project.%20Hey%20check%20this%20out:%20http%3A%2F%2Fwww.schechler.com%2Fmk\" style=\"font-size: 0px;width:48px;height:48px;margin:0;margin-bottom:5px\"><img loading=\"lazy\" decoding=\"async\" alt=\"mail\" title=\"Share by email\" class=\"synved-share-image synved-social-image synved-social-image-share\" width=\"48\" height=\"48\" style=\"display: inline;width:48px;height:48px;margin: 0;padding: 0;border: none;box-shadow: none\" src=\"http:\/\/www.schechler.com\/mk\/wp-content\/plugins\/social-media-feather\/synved-social\/image\/social\/regular\/96x96\/mail.png\" \/><\/a>","protected":false},"excerpt":{"rendered":"<p>Sophie Hunger! Auftakt am Freitagabend: Sophie Hunger l\u00e4utet das Wochenende ein Schwyzerd\u00fctsch, englisch, franz\u00f6sich oder auch deutsch. Sophie Hunger singt in allen vier Sprachen bei den Jazzopen Stuttgart 2021. 3000 Zuschauer haben den Weg auf den Schlossplatz an diesem Abend gefunden um zwei au\u00dfergew\u00f6hnliche Frauen zu sehen und h\u00f6ren. Lianne La Havas, die den zweiten [&hellip;]<\/p>\n","protected":false},"author":1,"featured_media":6251,"comment_status":"closed","ping_status":"closed","sticky":false,"template":"","format":"image","meta":{"ngg_post_thumbnail":0,"footnotes":""},"categories":[1],"tags":[5,13],"class_list":["post-6250","post","type-post","status-publish","format-image","has-post-thumbnail","hentry","category-allgemein","tag-concerts","tag-jazzopen-stuttgart-2021","post_format-post-format-image"],"_links":{"self":[{"href":"http:\/\/www.schechler.com\/mk\/wp-json\/wp\/v2\/posts\/6250","targetHints":{"allow":["GET"]}}],"collection":[{"href":"http:\/\/www.schechler.com\/mk\/wp-json\/wp\/v2\/posts"}],"about":[{"href":"http:\/\/www.schechler.com\/mk\/wp-json\/wp\/v2\/types\/post"}],"author":[{"embeddable":true,"href":"http:\/\/www.schechler.com\/mk\/wp-json\/wp\/v2\/users\/1"}],"replies":[{"embeddable":true,"href":"http:\/\/www.schechler.com\/mk\/wp-json\/wp\/v2\/comments?post=6250"}],"version-history":[{"count":0,"href":"http:\/\/www.schechler.com\/mk\/wp-json\/wp\/v2\/posts\/6250\/revisions"}],"wp:featuredmedia":[{"embeddable":true,"href":"http:\/\/www.schechler.com\/mk\/wp-json\/wp\/v2\/media\/6251"}],"wp:attachment":[{"href":"http:\/\/www.schechler.com\/mk\/wp-json\/wp\/v2\/media?parent=6250"}],"wp:term":[{"taxonomy":"category","embeddable":true,"href":"http:\/\/www.schechler.com\/mk\/wp-json\/wp\/v2\/categories?post=6250"},{"taxonomy":"post_tag","embeddable":true,"href":"http:\/\/www.schechler.com\/mk\/wp-json\/wp\/v2\/tags?post=6250"}],"curies":[{"name":"wp","href":"https:\/\/api.w.org\/{rel}","templated":true}]}}