{"id":5538,"date":"2020-09-04T11:17:06","date_gmt":"2020-09-04T09:17:06","guid":{"rendered":"http:\/\/www.schechler.com\/mk\/?p=5538"},"modified":"2020-10-04T11:13:32","modified_gmt":"2020-10-04T09:13:32","slug":"annett-louisan","status":"publish","type":"post","link":"http:\/\/www.schechler.com\/mk\/2020\/09\/04\/annett-louisan\/","title":{"rendered":"Annett Louisan!"},"content":{"rendered":"<h3>&#8220;Kitsch&#8221; &#8211; Annett Louisan in Stuttgart<\/h3>\n<blockquote><p><strong>Gerade mal eine Woche ist das neue Studioalbum &#8220;Kitsch&#8221; auf dem Markt, schon pr\u00e4sentiert die Hamburgerin Songs daraus auf der Freilichtb\u00fchne in Stuttgart.<\/strong><\/p>\n<p>Mal heiter be-swingt, mal soulig pr\u00e4sentiert sich Annett Louisan auf der Spardawelt Freilichtb\u00fchne in Stuttgart. &#8220;Kitsch&#8221; hei\u00dft das neue Studioalbum der Hamburgerin, die sich und und ihre Kunst mit dem Album-Titel nicht ganz ernst nimmt und Cover-Versionen von weltbekannten Titeln in der ihr eigenen, unverwechselbaren Stimme eingesungen hat. Dabei versucht sie nicht die Titel eins zu eins zu kopieren, sondern versieht die Songs mit einer pers\u00f6nlichen Note. &#8220;Hello&#8221;, &#8220;Bitter Sweet Symphony&#8221;, Torn&#8221; bis hin zu &#8220;Nights in White Satin&#8221; und &#8220;Marleen&#8221; &#8211; gecovert wird \u00fcber alle Stilrichtungen. Bei Amazon steht das Album momentan auf Platz 1 f\u00fcr Pop aus Deutschland.<\/p>\n<p>&#8220;Endlich Lieder zum tanzen. &#8216;Kitsch&#8217; ist eher so eine Platte f\u00fcr nen Club, aber wir holen das nach!&#8221;, ruft Annett Louisan in die Runde. <\/p>\n<p>Schwarze Hose und dar\u00fcber ein Jeans-J\u00e4ckchen, so pr\u00e4sentiert sich Annett Louisan an diesem lauen Herbstabend in Stuttgart. Begleitet wird sie von einer dreik\u00f6pfigen Band. Locker plaudert Sie \u00fcber dies und das, macht einen kleinen Ausflug ins Publikum &#8211; nat\u00fcrlich unter Einhaltung der aktuellen Abstandsregeln &#8211; und freut sich sichtlich \u00fcber die Fan-Reaktionen.<\/p>\n<p>Auch wenn das Konzert nicht ausverkauft ist, die K\u00fcnstlerin und auch die Fans sind begeistert. Ein kleiner Lichtblick in diesen doch eher nachdenklichen Tagen.<\/p>\n<p>MK Schechler, N-News.de<\/p><\/blockquote>\n<div id=\"attachment_5539\" style=\"width: 545px\" class=\"wp-caption aligncenter\"><img loading=\"lazy\" decoding=\"async\" aria-describedby=\"caption-attachment-5539\" src=\"http:\/\/www.schechler.com\/mk\/wp-content\/uploads\/2020\/09\/DS707119sw.jpg\" alt=\"\" width=\"535\" height=\"800\" class=\"size-full wp-image-5539\" srcset=\"http:\/\/www.schechler.com\/mk\/wp-content\/uploads\/2020\/09\/DS707119sw.jpg 535w, http:\/\/www.schechler.com\/mk\/wp-content\/uploads\/2020\/09\/DS707119sw-201x300.jpg 201w, http:\/\/www.schechler.com\/mk\/wp-content\/uploads\/2020\/09\/DS707119sw-250x374.jpg 250w\" sizes=\"auto, (max-width: 535px) 100vw, 535px\" \/><p id=\"caption-attachment-5539\" class=\"wp-caption-text\">&#8220;Kitsch&#8221; &#8211; Annett Louisan in Stuttgart<\/p><\/div>\n<p>Zum Anschauen der Bilder-Galerie auf erstes Foto klicken und dann durchscrollen.<\/p>\n<p>ngg_shortcode_0_placeholder<\/p>\n<p>Annett Louisan &#8211; Freilichtb\u00fchne SpardaWelt Freilichtb\u00fchne Killesberg<br \/>\nDo. 03.09.2020 19:30 Uhr<\/p>\n<p>Lokaler Veranstalter:<br \/>\nMusic Circus Concertb\u00fcro \u2013 Charlottenplatz 17 \u2013 70173 Stuttgart \u2013 <a href=\"http:\/\/www.musiccircus.de\" rel=\"noopener noreferrer\" target=\"_blank\">www.musiccircus.de<\/a><\/p>\n<p>#musiccircus #annetlouisan #killesberg #stuttgart #stuggi #0711stuttgart #konzertfotografie #pop #spardawelt #freilichtbuehnekillesberg #deutschpop<\/p>\n<a class=\"synved-social-button synved-social-button-share synved-social-size-48 synved-social-resolution-single synved-social-provider-facebook nolightbox\" data-provider=\"facebook\" target=\"_blank\" rel=\"nofollow\" title=\"Share on Facebook\" href=\"https:\/\/www.facebook.com\/sharer.php?u=http%3A%2F%2Fwww.schechler.com%2Fmk&#038;t=Annett%20Louisan%21&#038;s=100&#038;p&#091;url&#093;=http%3A%2F%2Fwww.schechler.com%2Fmk&#038;p&#091;images&#093;&#091;0&#093;=http%3A%2F%2Fwww.schechler.com%2Fmk%2Fwp-content%2Fuploads%2F2020%2F09%2FDS707119sw.jpg&#038;p&#091;title&#093;=Annett%20Louisan%21\" style=\"font-size: 0px;width:48px;height:48px;margin:0;margin-bottom:5px;margin-right:5px\"><img loading=\"lazy\" decoding=\"async\" alt=\"Facebook\" title=\"Share on Facebook\" class=\"synved-share-image synved-social-image synved-social-image-share\" width=\"48\" height=\"48\" style=\"display: inline;width:48px;height:48px;margin: 0;padding: 0;border: none;box-shadow: none\" src=\"http:\/\/www.schechler.com\/mk\/wp-content\/plugins\/social-media-feather\/synved-social\/image\/social\/regular\/96x96\/facebook.png\" \/><\/a><a class=\"synved-social-button synved-social-button-share synved-social-size-48 synved-social-resolution-single synved-social-provider-twitter nolightbox\" data-provider=\"twitter\" target=\"_blank\" rel=\"nofollow\" title=\"Share on Twitter\" href=\"https:\/\/twitter.com\/intent\/tweet?url=http%3A%2F%2Fwww.schechler.com%2Fmk&#038;text=Dark%20Contrasts%20Photo%20Project.%20Hey%20check%20this%20out\" style=\"font-size: 0px;width:48px;height:48px;margin:0;margin-bottom:5px;margin-right:5px\"><img loading=\"lazy\" decoding=\"async\" alt=\"twitter\" title=\"Share on Twitter\" class=\"synved-share-image synved-social-image synved-social-image-share\" width=\"48\" height=\"48\" style=\"display: inline;width:48px;height:48px;margin: 0;padding: 0;border: none;box-shadow: none\" src=\"http:\/\/www.schechler.com\/mk\/wp-content\/plugins\/social-media-feather\/synved-social\/image\/social\/regular\/96x96\/twitter.png\" \/><\/a><a class=\"synved-social-button synved-social-button-share synved-social-size-48 synved-social-resolution-single synved-social-provider-pinterest nolightbox\" data-provider=\"pinterest\" target=\"_blank\" rel=\"nofollow\" title=\"Pin it with Pinterest\" href=\"https:\/\/pinterest.com\/pin\/create\/button\/?url=http%3A%2F%2Fwww.schechler.com%2Fmk&#038;media=http%3A%2F%2Fwww.schechler.com%2Fmk%2Fwp-content%2Fuploads%2F2020%2F09%2FDS707119sw.jpg&#038;description=Annett%20Louisan%21\" style=\"font-size: 0px;width:48px;height:48px;margin:0;margin-bottom:5px;margin-right:5px\"><img loading=\"lazy\" decoding=\"async\" alt=\"pinterest\" title=\"Pin it with Pinterest\" class=\"synved-share-image synved-social-image synved-social-image-share\" width=\"48\" height=\"48\" style=\"display: inline;width:48px;height:48px;margin: 0;padding: 0;border: none;box-shadow: none\" src=\"http:\/\/www.schechler.com\/mk\/wp-content\/plugins\/social-media-feather\/synved-social\/image\/social\/regular\/96x96\/pinterest.png\" \/><\/a><a class=\"synved-social-button synved-social-button-share synved-social-size-48 synved-social-resolution-single synved-social-provider-linkedin nolightbox\" data-provider=\"linkedin\" target=\"_blank\" rel=\"nofollow\" title=\"Share on Linkedin\" href=\"https:\/\/www.linkedin.com\/shareArticle?mini=true&#038;url=http%3A%2F%2Fwww.schechler.com%2Fmk&#038;title=Annett%20Louisan%21\" style=\"font-size: 0px;width:48px;height:48px;margin:0;margin-bottom:5px;margin-right:5px\"><img loading=\"lazy\" decoding=\"async\" alt=\"linkedin\" title=\"Share on Linkedin\" class=\"synved-share-image synved-social-image synved-social-image-share\" width=\"48\" height=\"48\" style=\"display: inline;width:48px;height:48px;margin: 0;padding: 0;border: none;box-shadow: none\" src=\"http:\/\/www.schechler.com\/mk\/wp-content\/plugins\/social-media-feather\/synved-social\/image\/social\/regular\/96x96\/linkedin.png\" \/><\/a><a class=\"synved-social-button synved-social-button-share synved-social-size-48 synved-social-resolution-single synved-social-provider-mail nolightbox\" data-provider=\"mail\" rel=\"nofollow\" title=\"Share by email\" href=\"mailto:?subject=Annett%20Louisan%21&#038;body=Dark%20Contrasts%20Photo%20Project.%20Hey%20check%20this%20out:%20http%3A%2F%2Fwww.schechler.com%2Fmk\" style=\"font-size: 0px;width:48px;height:48px;margin:0;margin-bottom:5px\"><img loading=\"lazy\" decoding=\"async\" alt=\"mail\" title=\"Share by email\" class=\"synved-share-image synved-social-image synved-social-image-share\" width=\"48\" height=\"48\" style=\"display: inline;width:48px;height:48px;margin: 0;padding: 0;border: none;box-shadow: none\" src=\"http:\/\/www.schechler.com\/mk\/wp-content\/plugins\/social-media-feather\/synved-social\/image\/social\/regular\/96x96\/mail.png\" \/><\/a>","protected":false},"excerpt":{"rendered":"<p>&#8220;Kitsch&#8221; &#8211; Annett Louisan in Stuttgart Gerade mal eine Woche ist das neue Studioalbum &#8220;Kitsch&#8221; auf dem Markt, schon pr\u00e4sentiert die Hamburgerin Songs daraus auf der Freilichtb\u00fchne in Stuttgart. Mal heiter be-swingt, mal soulig pr\u00e4sentiert sich Annett Louisan auf der Spardawelt Freilichtb\u00fchne in Stuttgart. &#8220;Kitsch&#8221; hei\u00dft das neue Studioalbum der Hamburgerin, die sich und und [&hellip;]<\/p>\n","protected":false},"author":1,"featured_media":5539,"comment_status":"closed","ping_status":"closed","sticky":false,"template":"","format":"image","meta":{"ngg_post_thumbnail":0,"footnotes":""},"categories":[1],"tags":[5],"class_list":["post-5538","post","type-post","status-publish","format-image","has-post-thumbnail","hentry","category-allgemein","tag-concerts","post_format-post-format-image"],"_links":{"self":[{"href":"http:\/\/www.schechler.com\/mk\/wp-json\/wp\/v2\/posts\/5538","targetHints":{"allow":["GET"]}}],"collection":[{"href":"http:\/\/www.schechler.com\/mk\/wp-json\/wp\/v2\/posts"}],"about":[{"href":"http:\/\/www.schechler.com\/mk\/wp-json\/wp\/v2\/types\/post"}],"author":[{"embeddable":true,"href":"http:\/\/www.schechler.com\/mk\/wp-json\/wp\/v2\/users\/1"}],"replies":[{"embeddable":true,"href":"http:\/\/www.schechler.com\/mk\/wp-json\/wp\/v2\/comments?post=5538"}],"version-history":[{"count":0,"href":"http:\/\/www.schechler.com\/mk\/wp-json\/wp\/v2\/posts\/5538\/revisions"}],"wp:featuredmedia":[{"embeddable":true,"href":"http:\/\/www.schechler.com\/mk\/wp-json\/wp\/v2\/media\/5539"}],"wp:attachment":[{"href":"http:\/\/www.schechler.com\/mk\/wp-json\/wp\/v2\/media?parent=5538"}],"wp:term":[{"taxonomy":"category","embeddable":true,"href":"http:\/\/www.schechler.com\/mk\/wp-json\/wp\/v2\/categories?post=5538"},{"taxonomy":"post_tag","embeddable":true,"href":"http:\/\/www.schechler.com\/mk\/wp-json\/wp\/v2\/tags?post=5538"}],"curies":[{"name":"wp","href":"https:\/\/api.w.org\/{rel}","templated":true}]}}