{"id":5516,"date":"2020-08-29T23:23:19","date_gmt":"2020-08-29T21:23:19","guid":{"rendered":"http:\/\/www.schechler.com\/mk\/?p=5516"},"modified":"2020-10-04T11:13:44","modified_gmt":"2020-10-04T09:13:44","slug":"sasha","status":"publish","type":"post","link":"http:\/\/www.schechler.com\/mk\/2020\/08\/29\/sasha\/","title":{"rendered":"Sasha!"},"content":{"rendered":"<div id=\"attachment_5517\" style=\"width: 810px\" class=\"wp-caption aligncenter\"><img loading=\"lazy\" decoding=\"async\" aria-describedby=\"caption-attachment-5517\" src=\"http:\/\/www.schechler.com\/mk\/wp-content\/uploads\/2020\/08\/DS706888cp.jpg\" alt=\"\" width=\"800\" height=\"579\" class=\"size-full wp-image-5517\" srcset=\"http:\/\/www.schechler.com\/mk\/wp-content\/uploads\/2020\/08\/DS706888cp.jpg 800w, http:\/\/www.schechler.com\/mk\/wp-content\/uploads\/2020\/08\/DS706888cp-300x217.jpg 300w, http:\/\/www.schechler.com\/mk\/wp-content\/uploads\/2020\/08\/DS706888cp-768x556.jpg 768w, http:\/\/www.schechler.com\/mk\/wp-content\/uploads\/2020\/08\/DS706888cp-250x181.jpg 250w\" sizes=\"auto, (max-width: 800px) 100vw, 800px\" \/><p id=\"caption-attachment-5517\" class=\"wp-caption-text\">Sasha! Stuttgart, 2020<\/p><\/div>\n<h3>Sasha &#8211; wieder da!<\/h3>\n<blockquote><p>Sasha heute Abend auf dem Stuttgarter BW-Bank Kulturwasen pr\u00e4sentiert von SWR1. Den kalten Temperaturen tritt Sasha vom ersten Moment erfolgreich entgegen. Nicht nur sein sommerliches Outfit, auch die Songs und die tanzbaren Rhythmen gehen den Fans in den Logen gleich in die F\u00fc\u00dfe. Er pr\u00e4sentiert mit seiner Band viele Titel aus seinem Album &#8220;Schl\u00fcsselkind&#8221; sowie neue Titel. Nat\u00fcrlich fehlen auch seine Hits nicht &#8211; ein klasse Auftritt.<br \/>\nMK Schechler, N-News.de<\/p><\/blockquote>\n<p>KULTURWASEN Sasha<br \/>\nSamstag 29.08.2020, 20:00 Uhr<br \/>\nCannstatter Wasen Stuttgart<br \/>\nPr\u00e4sentiert von SWR1<\/p>\n<p>Zum Anschauen der Bilder-Galerie auf erstes Foto klicken und dann durchscrollen.<\/p>\n<p>ngg_shortcode_0_placeholder<\/p>\n<p>#stuttgart #stuggi #0711stuttgart @sasha @kulturwasen #sasha #autokonzert #autokinokonzert #kulturwasen #c2concerts #chimperator #konzertfotografie #pop #dickbrave #kulturwasen #deutschpop #swr1 @sasha.music<\/p>\n<a class=\"synved-social-button synved-social-button-share synved-social-size-48 synved-social-resolution-single synved-social-provider-facebook nolightbox\" data-provider=\"facebook\" target=\"_blank\" rel=\"nofollow\" title=\"Share on Facebook\" href=\"https:\/\/www.facebook.com\/sharer.php?u=http%3A%2F%2Fwww.schechler.com%2Fmk&#038;t=Sasha%21&#038;s=100&#038;p&#091;url&#093;=http%3A%2F%2Fwww.schechler.com%2Fmk&#038;p&#091;images&#093;&#091;0&#093;=http%3A%2F%2Fwww.schechler.com%2Fmk%2Fwp-content%2Fuploads%2F2020%2F08%2FDS706888cp.jpg&#038;p&#091;title&#093;=Sasha%21\" style=\"font-size: 0px;width:48px;height:48px;margin:0;margin-bottom:5px;margin-right:5px\"><img loading=\"lazy\" decoding=\"async\" alt=\"Facebook\" title=\"Share on Facebook\" class=\"synved-share-image synved-social-image synved-social-image-share\" width=\"48\" height=\"48\" style=\"display: inline;width:48px;height:48px;margin: 0;padding: 0;border: none;box-shadow: none\" src=\"http:\/\/www.schechler.com\/mk\/wp-content\/plugins\/social-media-feather\/synved-social\/image\/social\/regular\/96x96\/facebook.png\" \/><\/a><a class=\"synved-social-button synved-social-button-share synved-social-size-48 synved-social-resolution-single synved-social-provider-twitter nolightbox\" data-provider=\"twitter\" target=\"_blank\" rel=\"nofollow\" title=\"Share on Twitter\" href=\"https:\/\/twitter.com\/intent\/tweet?url=http%3A%2F%2Fwww.schechler.com%2Fmk&#038;text=Dark%20Contrasts%20Photo%20Project.%20Hey%20check%20this%20out\" style=\"font-size: 0px;width:48px;height:48px;margin:0;margin-bottom:5px;margin-right:5px\"><img loading=\"lazy\" decoding=\"async\" alt=\"twitter\" title=\"Share on Twitter\" class=\"synved-share-image synved-social-image synved-social-image-share\" width=\"48\" height=\"48\" style=\"display: inline;width:48px;height:48px;margin: 0;padding: 0;border: none;box-shadow: none\" src=\"http:\/\/www.schechler.com\/mk\/wp-content\/plugins\/social-media-feather\/synved-social\/image\/social\/regular\/96x96\/twitter.png\" \/><\/a><a class=\"synved-social-button synved-social-button-share synved-social-size-48 synved-social-resolution-single synved-social-provider-pinterest nolightbox\" data-provider=\"pinterest\" target=\"_blank\" rel=\"nofollow\" title=\"Pin it with Pinterest\" href=\"https:\/\/pinterest.com\/pin\/create\/button\/?url=http%3A%2F%2Fwww.schechler.com%2Fmk&#038;media=http%3A%2F%2Fwww.schechler.com%2Fmk%2Fwp-content%2Fuploads%2F2020%2F08%2FDS706888cp.jpg&#038;description=Sasha%21\" style=\"font-size: 0px;width:48px;height:48px;margin:0;margin-bottom:5px;margin-right:5px\"><img loading=\"lazy\" decoding=\"async\" alt=\"pinterest\" title=\"Pin it with Pinterest\" class=\"synved-share-image synved-social-image synved-social-image-share\" width=\"48\" height=\"48\" style=\"display: inline;width:48px;height:48px;margin: 0;padding: 0;border: none;box-shadow: none\" src=\"http:\/\/www.schechler.com\/mk\/wp-content\/plugins\/social-media-feather\/synved-social\/image\/social\/regular\/96x96\/pinterest.png\" \/><\/a><a class=\"synved-social-button synved-social-button-share synved-social-size-48 synved-social-resolution-single synved-social-provider-linkedin nolightbox\" data-provider=\"linkedin\" target=\"_blank\" rel=\"nofollow\" title=\"Share on Linkedin\" href=\"https:\/\/www.linkedin.com\/shareArticle?mini=true&#038;url=http%3A%2F%2Fwww.schechler.com%2Fmk&#038;title=Sasha%21\" style=\"font-size: 0px;width:48px;height:48px;margin:0;margin-bottom:5px;margin-right:5px\"><img loading=\"lazy\" decoding=\"async\" alt=\"linkedin\" title=\"Share on Linkedin\" class=\"synved-share-image synved-social-image synved-social-image-share\" width=\"48\" height=\"48\" style=\"display: inline;width:48px;height:48px;margin: 0;padding: 0;border: none;box-shadow: none\" src=\"http:\/\/www.schechler.com\/mk\/wp-content\/plugins\/social-media-feather\/synved-social\/image\/social\/regular\/96x96\/linkedin.png\" \/><\/a><a class=\"synved-social-button synved-social-button-share synved-social-size-48 synved-social-resolution-single synved-social-provider-mail nolightbox\" data-provider=\"mail\" rel=\"nofollow\" title=\"Share by email\" href=\"mailto:?subject=Sasha%21&#038;body=Dark%20Contrasts%20Photo%20Project.%20Hey%20check%20this%20out:%20http%3A%2F%2Fwww.schechler.com%2Fmk\" style=\"font-size: 0px;width:48px;height:48px;margin:0;margin-bottom:5px\"><img loading=\"lazy\" decoding=\"async\" alt=\"mail\" title=\"Share by email\" class=\"synved-share-image synved-social-image synved-social-image-share\" width=\"48\" height=\"48\" style=\"display: inline;width:48px;height:48px;margin: 0;padding: 0;border: none;box-shadow: none\" src=\"http:\/\/www.schechler.com\/mk\/wp-content\/plugins\/social-media-feather\/synved-social\/image\/social\/regular\/96x96\/mail.png\" \/><\/a>","protected":false},"excerpt":{"rendered":"<p>Sasha &#8211; wieder da! Sasha heute Abend auf dem Stuttgarter BW-Bank Kulturwasen pr\u00e4sentiert von SWR1. Den kalten Temperaturen tritt Sasha vom ersten Moment erfolgreich entgegen. Nicht nur sein sommerliches Outfit, auch die Songs und die tanzbaren Rhythmen gehen den Fans in den Logen gleich in die F\u00fc\u00dfe. Er pr\u00e4sentiert mit seiner Band viele Titel aus [&hellip;]<\/p>\n","protected":false},"author":1,"featured_media":5517,"comment_status":"closed","ping_status":"closed","sticky":false,"template":"","format":"image","meta":{"ngg_post_thumbnail":0,"footnotes":""},"categories":[1],"tags":[5],"class_list":["post-5516","post","type-post","status-publish","format-image","has-post-thumbnail","hentry","category-allgemein","tag-concerts","post_format-post-format-image"],"_links":{"self":[{"href":"http:\/\/www.schechler.com\/mk\/wp-json\/wp\/v2\/posts\/5516","targetHints":{"allow":["GET"]}}],"collection":[{"href":"http:\/\/www.schechler.com\/mk\/wp-json\/wp\/v2\/posts"}],"about":[{"href":"http:\/\/www.schechler.com\/mk\/wp-json\/wp\/v2\/types\/post"}],"author":[{"embeddable":true,"href":"http:\/\/www.schechler.com\/mk\/wp-json\/wp\/v2\/users\/1"}],"replies":[{"embeddable":true,"href":"http:\/\/www.schechler.com\/mk\/wp-json\/wp\/v2\/comments?post=5516"}],"version-history":[{"count":0,"href":"http:\/\/www.schechler.com\/mk\/wp-json\/wp\/v2\/posts\/5516\/revisions"}],"wp:featuredmedia":[{"embeddable":true,"href":"http:\/\/www.schechler.com\/mk\/wp-json\/wp\/v2\/media\/5517"}],"wp:attachment":[{"href":"http:\/\/www.schechler.com\/mk\/wp-json\/wp\/v2\/media?parent=5516"}],"wp:term":[{"taxonomy":"category","embeddable":true,"href":"http:\/\/www.schechler.com\/mk\/wp-json\/wp\/v2\/categories?post=5516"},{"taxonomy":"post_tag","embeddable":true,"href":"http:\/\/www.schechler.com\/mk\/wp-json\/wp\/v2\/tags?post=5516"}],"curies":[{"name":"wp","href":"https:\/\/api.w.org\/{rel}","templated":true}]}}