{"id":5480,"date":"2020-07-25T11:55:52","date_gmt":"2020-07-25T09:55:52","guid":{"rendered":"http:\/\/www.schechler.com\/mk\/?p=5480"},"modified":"2020-10-04T11:13:55","modified_gmt":"2020-10-04T09:13:55","slug":"doro-2","status":"publish","type":"post","link":"http:\/\/www.schechler.com\/mk\/2020\/07\/25\/doro-2\/","title":{"rendered":"Doro!"},"content":{"rendered":"<div id=\"attachment_5481\" style=\"width: 810px\" class=\"wp-caption aligncenter\"><img loading=\"lazy\" decoding=\"async\" aria-describedby=\"caption-attachment-5481\" src=\"http:\/\/www.schechler.com\/mk\/wp-content\/uploads\/2020\/07\/DS706707dc.jpg\" alt=\"\" width=\"800\" height=\"578\" class=\"size-full wp-image-5481\" srcset=\"http:\/\/www.schechler.com\/mk\/wp-content\/uploads\/2020\/07\/DS706707dc.jpg 800w, http:\/\/www.schechler.com\/mk\/wp-content\/uploads\/2020\/07\/DS706707dc-300x217.jpg 300w, http:\/\/www.schechler.com\/mk\/wp-content\/uploads\/2020\/07\/DS706707dc-768x555.jpg 768w, http:\/\/www.schechler.com\/mk\/wp-content\/uploads\/2020\/07\/DS706707dc-250x181.jpg 250w\" sizes=\"auto, (max-width: 800px) 100vw, 800px\" \/><p id=\"caption-attachment-5481\" class=\"wp-caption-text\">Doro! Stuttgart, 2020<\/p><\/div>\n<h3>DORO &#8211; Die Metalqueen ist wieder da!<\/h3>\n<blockquote><p>Dorothee Pesch, K\u00fcnstlername &#8220;DORO&#8221;, bekannt geworden als Fronts\u00e4ngerin der Band Warlock &#8211; eine der ersten in der Metalszene &#8211; und etablierte sich seit Mitte der 90er Jahre als Solok\u00fcnstlerin. Nach dem letzten Auftritt vor Corona Anfang M\u00e4rz diesen Jahres als Special Guest beim Saxon Jubil\u00e4um in D\u00fcsseldorf freut sich DORO auf die Autokino-Auftritte. Mit im Gep\u00e4ck hat sie die Single &#8220;Brickwall&#8221; als Appetizer f\u00fcr das in 2021 geplante neue Album. <\/p>\n<p>Beim nicht ganz ausverkauften BW-Bank Kulturwasen in Stuttgart feiern Hunderte Fans die Hits &#8220;F\u00fcr immer&#8221;, &#8220;All for Metal&#8221; und &#8220;All we are&#8221;. Die zum Teil weit angereisten Fans konnten zwischen Lounge Logen und dem eigenen Auto w\u00e4hlen. Mit dem Auftritt unterstreicht DORO ihren Anspruch auf den Titel deutsche Metalqueen erneut. Wer das Konzert verpasst hat kann die DORO-Autokino-Show im Drive-in B\u00fchl am 1. August via airtango.live streamen, Tickets gibt es f\u00fcr jeweils 5,99 Euro.<\/p>\n<p>MK Schechler, N-News.de<\/p><\/blockquote>\n<p>KULTURWASEN Doro<br \/>\nFreitag 24.07.2020, 20:00 Uhr<br \/>\nCannstatter Wasen Stuttgart<br \/>\nPr\u00e4sentiert von SWR1<\/p>\n<p>Zum Anschauen der Bilder-Galerie auf erstes Foto klicken und dann durchscrollen.<\/p>\n<p>ngg_shortcode_0_placeholder<\/p>\n<p>#dorometalqueen #bwbankkulturwasen #kulturwasen #doro #metalqueen #c2concerts #kulturwasen #stuttgart #cannstatterwasen #stuggi #0711stuttgart <\/p>\n<a class=\"synved-social-button synved-social-button-share synved-social-size-48 synved-social-resolution-single synved-social-provider-facebook nolightbox\" data-provider=\"facebook\" target=\"_blank\" rel=\"nofollow\" title=\"Share on Facebook\" href=\"https:\/\/www.facebook.com\/sharer.php?u=http%3A%2F%2Fwww.schechler.com%2Fmk&#038;t=Doro%21&#038;s=100&#038;p&#091;url&#093;=http%3A%2F%2Fwww.schechler.com%2Fmk&#038;p&#091;images&#093;&#091;0&#093;=http%3A%2F%2Fwww.schechler.com%2Fmk%2Fwp-content%2Fuploads%2F2020%2F07%2FDS706707dc.jpg&#038;p&#091;title&#093;=Doro%21\" style=\"font-size: 0px;width:48px;height:48px;margin:0;margin-bottom:5px;margin-right:5px\"><img loading=\"lazy\" decoding=\"async\" alt=\"Facebook\" title=\"Share on Facebook\" class=\"synved-share-image synved-social-image synved-social-image-share\" width=\"48\" height=\"48\" style=\"display: inline;width:48px;height:48px;margin: 0;padding: 0;border: none;box-shadow: none\" src=\"http:\/\/www.schechler.com\/mk\/wp-content\/plugins\/social-media-feather\/synved-social\/image\/social\/regular\/96x96\/facebook.png\" \/><\/a><a class=\"synved-social-button synved-social-button-share synved-social-size-48 synved-social-resolution-single synved-social-provider-twitter nolightbox\" data-provider=\"twitter\" target=\"_blank\" rel=\"nofollow\" title=\"Share on Twitter\" href=\"https:\/\/twitter.com\/intent\/tweet?url=http%3A%2F%2Fwww.schechler.com%2Fmk&#038;text=Dark%20Contrasts%20Photo%20Project.%20Hey%20check%20this%20out\" style=\"font-size: 0px;width:48px;height:48px;margin:0;margin-bottom:5px;margin-right:5px\"><img loading=\"lazy\" decoding=\"async\" alt=\"twitter\" title=\"Share on Twitter\" class=\"synved-share-image synved-social-image synved-social-image-share\" width=\"48\" height=\"48\" style=\"display: inline;width:48px;height:48px;margin: 0;padding: 0;border: none;box-shadow: none\" src=\"http:\/\/www.schechler.com\/mk\/wp-content\/plugins\/social-media-feather\/synved-social\/image\/social\/regular\/96x96\/twitter.png\" \/><\/a><a class=\"synved-social-button synved-social-button-share synved-social-size-48 synved-social-resolution-single synved-social-provider-pinterest nolightbox\" data-provider=\"pinterest\" target=\"_blank\" rel=\"nofollow\" title=\"Pin it with Pinterest\" href=\"https:\/\/pinterest.com\/pin\/create\/button\/?url=http%3A%2F%2Fwww.schechler.com%2Fmk&#038;media=http%3A%2F%2Fwww.schechler.com%2Fmk%2Fwp-content%2Fuploads%2F2020%2F07%2FDS706707dc.jpg&#038;description=Doro%21\" style=\"font-size: 0px;width:48px;height:48px;margin:0;margin-bottom:5px;margin-right:5px\"><img loading=\"lazy\" decoding=\"async\" alt=\"pinterest\" title=\"Pin it with Pinterest\" class=\"synved-share-image synved-social-image synved-social-image-share\" width=\"48\" height=\"48\" style=\"display: inline;width:48px;height:48px;margin: 0;padding: 0;border: none;box-shadow: none\" src=\"http:\/\/www.schechler.com\/mk\/wp-content\/plugins\/social-media-feather\/synved-social\/image\/social\/regular\/96x96\/pinterest.png\" \/><\/a><a class=\"synved-social-button synved-social-button-share synved-social-size-48 synved-social-resolution-single synved-social-provider-linkedin nolightbox\" data-provider=\"linkedin\" target=\"_blank\" rel=\"nofollow\" title=\"Share on Linkedin\" href=\"https:\/\/www.linkedin.com\/shareArticle?mini=true&#038;url=http%3A%2F%2Fwww.schechler.com%2Fmk&#038;title=Doro%21\" style=\"font-size: 0px;width:48px;height:48px;margin:0;margin-bottom:5px;margin-right:5px\"><img loading=\"lazy\" decoding=\"async\" alt=\"linkedin\" title=\"Share on Linkedin\" class=\"synved-share-image synved-social-image synved-social-image-share\" width=\"48\" height=\"48\" style=\"display: inline;width:48px;height:48px;margin: 0;padding: 0;border: none;box-shadow: none\" src=\"http:\/\/www.schechler.com\/mk\/wp-content\/plugins\/social-media-feather\/synved-social\/image\/social\/regular\/96x96\/linkedin.png\" \/><\/a><a class=\"synved-social-button synved-social-button-share synved-social-size-48 synved-social-resolution-single synved-social-provider-mail nolightbox\" data-provider=\"mail\" rel=\"nofollow\" title=\"Share by email\" href=\"mailto:?subject=Doro%21&#038;body=Dark%20Contrasts%20Photo%20Project.%20Hey%20check%20this%20out:%20http%3A%2F%2Fwww.schechler.com%2Fmk\" style=\"font-size: 0px;width:48px;height:48px;margin:0;margin-bottom:5px\"><img loading=\"lazy\" decoding=\"async\" alt=\"mail\" title=\"Share by email\" class=\"synved-share-image synved-social-image synved-social-image-share\" width=\"48\" height=\"48\" style=\"display: inline;width:48px;height:48px;margin: 0;padding: 0;border: none;box-shadow: none\" src=\"http:\/\/www.schechler.com\/mk\/wp-content\/plugins\/social-media-feather\/synved-social\/image\/social\/regular\/96x96\/mail.png\" \/><\/a>","protected":false},"excerpt":{"rendered":"<p>DORO &#8211; Die Metalqueen ist wieder da! Dorothee Pesch, K\u00fcnstlername &#8220;DORO&#8221;, bekannt geworden als Fronts\u00e4ngerin der Band Warlock &#8211; eine der ersten in der Metalszene &#8211; und etablierte sich seit Mitte der 90er Jahre als Solok\u00fcnstlerin. Nach dem letzten Auftritt vor Corona Anfang M\u00e4rz diesen Jahres als Special Guest beim Saxon Jubil\u00e4um in D\u00fcsseldorf freut [&hellip;]<\/p>\n","protected":false},"author":1,"featured_media":5481,"comment_status":"closed","ping_status":"closed","sticky":false,"template":"","format":"image","meta":{"ngg_post_thumbnail":0,"footnotes":""},"categories":[1],"tags":[5],"class_list":["post-5480","post","type-post","status-publish","format-image","has-post-thumbnail","hentry","category-allgemein","tag-concerts","post_format-post-format-image"],"_links":{"self":[{"href":"http:\/\/www.schechler.com\/mk\/wp-json\/wp\/v2\/posts\/5480","targetHints":{"allow":["GET"]}}],"collection":[{"href":"http:\/\/www.schechler.com\/mk\/wp-json\/wp\/v2\/posts"}],"about":[{"href":"http:\/\/www.schechler.com\/mk\/wp-json\/wp\/v2\/types\/post"}],"author":[{"embeddable":true,"href":"http:\/\/www.schechler.com\/mk\/wp-json\/wp\/v2\/users\/1"}],"replies":[{"embeddable":true,"href":"http:\/\/www.schechler.com\/mk\/wp-json\/wp\/v2\/comments?post=5480"}],"version-history":[{"count":0,"href":"http:\/\/www.schechler.com\/mk\/wp-json\/wp\/v2\/posts\/5480\/revisions"}],"wp:featuredmedia":[{"embeddable":true,"href":"http:\/\/www.schechler.com\/mk\/wp-json\/wp\/v2\/media\/5481"}],"wp:attachment":[{"href":"http:\/\/www.schechler.com\/mk\/wp-json\/wp\/v2\/media?parent=5480"}],"wp:term":[{"taxonomy":"category","embeddable":true,"href":"http:\/\/www.schechler.com\/mk\/wp-json\/wp\/v2\/categories?post=5480"},{"taxonomy":"post_tag","embeddable":true,"href":"http:\/\/www.schechler.com\/mk\/wp-json\/wp\/v2\/tags?post=5480"}],"curies":[{"name":"wp","href":"https:\/\/api.w.org\/{rel}","templated":true}]}}