{"id":4608,"date":"2019-11-13T16:53:05","date_gmt":"2019-11-13T15:53:05","guid":{"rendered":"http:\/\/www.schechler.com\/mk\/?p=4608"},"modified":"2022-07-29T19:36:24","modified_gmt":"2022-07-29T17:36:24","slug":"friedrichsbau-1925","status":"publish","type":"post","link":"http:\/\/www.schechler.com\/mk\/2019\/11\/13\/friedrichsbau-1925\/","title":{"rendered":"Friedrichsbau 1925!"},"content":{"rendered":"<div id=\"attachment_4609\" style=\"width: 588px\" class=\"wp-caption aligncenter\"><img loading=\"lazy\" decoding=\"async\" aria-describedby=\"caption-attachment-4609\" src=\"http:\/\/www.schechler.com\/mk\/wp-content\/uploads\/2019\/11\/DS701156cp.jpg\" alt=\"\" width=\"578\" height=\"800\" class=\"size-full wp-image-4609\" srcset=\"http:\/\/www.schechler.com\/mk\/wp-content\/uploads\/2019\/11\/DS701156cp.jpg 578w, http:\/\/www.schechler.com\/mk\/wp-content\/uploads\/2019\/11\/DS701156cp-217x300.jpg 217w, http:\/\/www.schechler.com\/mk\/wp-content\/uploads\/2019\/11\/DS701156cp-250x346.jpg 250w\" sizes=\"auto, (max-width: 578px) 100vw, 578px\" \/><p id=\"caption-attachment-4609\" class=\"wp-caption-text\">Friedrichsbau 1925! Stuttgart, 2019<\/p><\/div>\n<h3>&#8220;1925 &#8211; Die 20er-Jahre Revue&#8221;<\/h3>\n<p>Die neue Show im Friedrichsbau-Variet\u00e9<br \/>\n13.11.2019 &#8211; 23.02.2020<\/p>\n<p><strong>Das Friedrichsbau-Variet\u00e9 feiert das Ende des 25. Jubil\u00e4umsjahres mit einer glamour\u00f6sen Zeitreise in die Goldenen Zwanziger.<\/strong><br \/>\nEin Jahrzehnt, das gepr\u00e4gt war vom Auf- und Umbruch, von neuer Kunst und Musik \u2013 eine kurze Moderne zwischen den Weltkriegen. Nicht ohne Grund ist diese \u00c4ra aktuell in aller Munde. Filme und Fernsehserien nehmen das Thema auf und machen es so auch neuem Publikum zug\u00e4nglich. Mit der zweiten Eigenproduktion in der Spielzeit 2019\/2020 \u201e1925 \u2013 Die 20er Jahre Revue\u201c wird diese elektrisierende Melange aus Ekstase und Freiheitsgef\u00fchl gefeiert, in der auch Theater und Variet\u00e9 eine wichtige Rolle spielten und bringen diese bewegte Zeit zur\u00fcck auf die B\u00fchne.<\/p>\n<p>F\u00fcr die Winterproduktion d\u00fcrfen wir talentierte Artisten und K\u00fcnstler aus der ganzen Welt auf der B\u00fchne bestaunen. Ein Revue Ballett aus Gro\u00dfbritannien, eine S\u00e4ngerin aus Russland, ein Jongleur aus Argentinien, K\u00fcnstler aus Italien, Russland und der Ukraine sowie Deutschland bilden das 14-k\u00f6pfige Ensemble der \u201e1925 \u2013 Die 20er Jahre Revue\u201c.<\/p>\n<p>Mehr Infos unter <a href=\"http:\/\/www.friedrichsbau.de\" rel=\"noopener noreferrer\" target=\"_blank\">www.friedrichsbau.de<\/a><\/p>\n<p>ngg_shortcode_0_placeholder<\/p>\n<p>#fbauvariete #friedrichsbauvariete #variete #variety #stuggi #nn #artistlife #k\u00fcnstler #artistik #showtime #show #theatre #theater #circus #stuttgart #stuttgartgram #revue #showgirls #twenties #glamour #roaringtwenties #annacabaret #0711stuttgart<\/p>\n<a class=\"synved-social-button synved-social-button-share synved-social-size-48 synved-social-resolution-single synved-social-provider-facebook nolightbox\" data-provider=\"facebook\" target=\"_blank\" rel=\"nofollow\" title=\"Share on Facebook\" href=\"https:\/\/www.facebook.com\/sharer.php?u=http%3A%2F%2Fwww.schechler.com%2Fmk&amp;t=Friedrichsbau%201925%21&amp;s=100&amp;p[url]=http%3A%2F%2Fwww.schechler.com%2Fmk&amp;p[images][0]=http%3A%2F%2Fwww.schechler.com%2Fmk%2Fwp-content%2Fuploads%2F2019%2F11%2FDS701156cp.jpg&amp;p[title]=Friedrichsbau%201925%21\" style=\"font-size: 0px;width:48px;height:48px;margin:0;margin-bottom:5px;margin-right:5px\"><img loading=\"lazy\" decoding=\"async\" alt=\"Facebook\" title=\"Share on Facebook\" class=\"synved-share-image synved-social-image synved-social-image-share\" width=\"48\" height=\"48\" style=\"display: inline;width:48px;height:48px;margin: 0;padding: 0;border: none;box-shadow: none\" src=\"http:\/\/www.schechler.com\/mk\/wp-content\/plugins\/social-media-feather\/synved-social\/image\/social\/regular\/96x96\/facebook.png\" \/><\/a><a class=\"synved-social-button synved-social-button-share synved-social-size-48 synved-social-resolution-single synved-social-provider-twitter nolightbox\" data-provider=\"twitter\" target=\"_blank\" rel=\"nofollow\" title=\"Share on Twitter\" href=\"https:\/\/twitter.com\/intent\/tweet?url=http%3A%2F%2Fwww.schechler.com%2Fmk&amp;text=Dark%20Contrasts%20Photo%20Project.%20Hey%20check%20this%20out\" style=\"font-size: 0px;width:48px;height:48px;margin:0;margin-bottom:5px;margin-right:5px\"><img loading=\"lazy\" decoding=\"async\" alt=\"twitter\" title=\"Share on Twitter\" class=\"synved-share-image synved-social-image synved-social-image-share\" width=\"48\" height=\"48\" style=\"display: inline;width:48px;height:48px;margin: 0;padding: 0;border: none;box-shadow: none\" src=\"http:\/\/www.schechler.com\/mk\/wp-content\/plugins\/social-media-feather\/synved-social\/image\/social\/regular\/96x96\/twitter.png\" \/><\/a><a class=\"synved-social-button synved-social-button-share synved-social-size-48 synved-social-resolution-single synved-social-provider-pinterest nolightbox\" data-provider=\"pinterest\" target=\"_blank\" rel=\"nofollow\" title=\"Pin it with Pinterest\" href=\"https:\/\/pinterest.com\/pin\/create\/button\/?url=http%3A%2F%2Fwww.schechler.com%2Fmk&amp;media=http%3A%2F%2Fwww.schechler.com%2Fmk%2Fwp-content%2Fuploads%2F2019%2F11%2FDS701156cp.jpg&amp;description=Friedrichsbau%201925%21\" style=\"font-size: 0px;width:48px;height:48px;margin:0;margin-bottom:5px;margin-right:5px\"><img loading=\"lazy\" decoding=\"async\" alt=\"pinterest\" title=\"Pin it with Pinterest\" class=\"synved-share-image synved-social-image synved-social-image-share\" width=\"48\" height=\"48\" style=\"display: inline;width:48px;height:48px;margin: 0;padding: 0;border: none;box-shadow: none\" src=\"http:\/\/www.schechler.com\/mk\/wp-content\/plugins\/social-media-feather\/synved-social\/image\/social\/regular\/96x96\/pinterest.png\" \/><\/a><a class=\"synved-social-button synved-social-button-share synved-social-size-48 synved-social-resolution-single synved-social-provider-linkedin nolightbox\" data-provider=\"linkedin\" target=\"_blank\" rel=\"nofollow\" title=\"Share on Linkedin\" href=\"https:\/\/www.linkedin.com\/shareArticle?mini=true&amp;url=http%3A%2F%2Fwww.schechler.com%2Fmk&amp;title=Friedrichsbau%201925%21\" style=\"font-size: 0px;width:48px;height:48px;margin:0;margin-bottom:5px;margin-right:5px\"><img loading=\"lazy\" decoding=\"async\" alt=\"linkedin\" title=\"Share on Linkedin\" class=\"synved-share-image synved-social-image synved-social-image-share\" width=\"48\" height=\"48\" style=\"display: inline;width:48px;height:48px;margin: 0;padding: 0;border: none;box-shadow: none\" src=\"http:\/\/www.schechler.com\/mk\/wp-content\/plugins\/social-media-feather\/synved-social\/image\/social\/regular\/96x96\/linkedin.png\" \/><\/a><a class=\"synved-social-button synved-social-button-share synved-social-size-48 synved-social-resolution-single synved-social-provider-mail nolightbox\" data-provider=\"mail\" rel=\"nofollow\" title=\"Share by email\" href=\"mailto:?subject=Friedrichsbau%201925%21&amp;body=Dark%20Contrasts%20Photo%20Project.%20Hey%20check%20this%20out:%20http%3A%2F%2Fwww.schechler.com%2Fmk\" style=\"font-size: 0px;width:48px;height:48px;margin:0;margin-bottom:5px\"><img loading=\"lazy\" decoding=\"async\" alt=\"mail\" title=\"Share by email\" class=\"synved-share-image synved-social-image synved-social-image-share\" width=\"48\" height=\"48\" style=\"display: inline;width:48px;height:48px;margin: 0;padding: 0;border: none;box-shadow: none\" src=\"http:\/\/www.schechler.com\/mk\/wp-content\/plugins\/social-media-feather\/synved-social\/image\/social\/regular\/96x96\/mail.png\" \/><\/a>","protected":false},"excerpt":{"rendered":"<p>&#8220;1925 &#8211; Die 20er-Jahre Revue&#8221; Die neue Show im Friedrichsbau-Variet\u00e9 13.11.2019 &#8211; 23.02.2020 Das Friedrichsbau-Variet\u00e9 feiert das Ende des 25. Jubil\u00e4umsjahres mit einer glamour\u00f6sen Zeitreise in die Goldenen Zwanziger. Ein Jahrzehnt, das gepr\u00e4gt war vom Auf- und Umbruch, von neuer Kunst und Musik \u2013 eine kurze Moderne zwischen den Weltkriegen. Nicht ohne Grund ist diese [&hellip;]<\/p>\n","protected":false},"author":1,"featured_media":4609,"comment_status":"closed","ping_status":"closed","sticky":false,"template":"","format":"image","meta":{"ngg_post_thumbnail":0,"footnotes":""},"categories":[1],"tags":[14,8],"class_list":["post-4608","post","type-post","status-publish","format-image","has-post-thumbnail","hentry","category-allgemein","tag-friedrichsbau-variete","tag-mixed","post_format-post-format-image"],"_links":{"self":[{"href":"http:\/\/www.schechler.com\/mk\/wp-json\/wp\/v2\/posts\/4608","targetHints":{"allow":["GET"]}}],"collection":[{"href":"http:\/\/www.schechler.com\/mk\/wp-json\/wp\/v2\/posts"}],"about":[{"href":"http:\/\/www.schechler.com\/mk\/wp-json\/wp\/v2\/types\/post"}],"author":[{"embeddable":true,"href":"http:\/\/www.schechler.com\/mk\/wp-json\/wp\/v2\/users\/1"}],"replies":[{"embeddable":true,"href":"http:\/\/www.schechler.com\/mk\/wp-json\/wp\/v2\/comments?post=4608"}],"version-history":[{"count":0,"href":"http:\/\/www.schechler.com\/mk\/wp-json\/wp\/v2\/posts\/4608\/revisions"}],"wp:featuredmedia":[{"embeddable":true,"href":"http:\/\/www.schechler.com\/mk\/wp-json\/wp\/v2\/media\/4609"}],"wp:attachment":[{"href":"http:\/\/www.schechler.com\/mk\/wp-json\/wp\/v2\/media?parent=4608"}],"wp:term":[{"taxonomy":"category","embeddable":true,"href":"http:\/\/www.schechler.com\/mk\/wp-json\/wp\/v2\/categories?post=4608"},{"taxonomy":"post_tag","embeddable":true,"href":"http:\/\/www.schechler.com\/mk\/wp-json\/wp\/v2\/tags?post=4608"}],"curies":[{"name":"wp","href":"https:\/\/api.w.org\/{rel}","templated":true}]}}