{"id":3801,"date":"2019-07-06T12:02:02","date_gmt":"2019-07-06T10:02:02","guid":{"rendered":"http:\/\/www.schechler.com\/mk\/?p=3801"},"modified":"2019-07-06T12:19:33","modified_gmt":"2019-07-06T10:19:33","slug":"udo-lindenberg-3","status":"publish","type":"post","link":"http:\/\/www.schechler.com\/mk\/2019\/07\/06\/udo-lindenberg-3\/","title":{"rendered":"Udo Lindenberg!"},"content":{"rendered":"<div id=\"attachment_3839\" style=\"width: 586px\" class=\"wp-caption aligncenter\"><img loading=\"lazy\" decoding=\"async\" aria-describedby=\"caption-attachment-3839\" src=\"http:\/\/www.schechler.com\/mk\/wp-content\/uploads\/2019\/07\/DS706086cp-001.jpg\" alt=\"\" width=\"576\" height=\"800\" class=\"size-full wp-image-3839\" srcset=\"http:\/\/www.schechler.com\/mk\/wp-content\/uploads\/2019\/07\/DS706086cp-001.jpg 576w, http:\/\/www.schechler.com\/mk\/wp-content\/uploads\/2019\/07\/DS706086cp-001-216x300.jpg 216w, http:\/\/www.schechler.com\/mk\/wp-content\/uploads\/2019\/07\/DS706086cp-001-250x347.jpg 250w\" sizes=\"auto, (max-width: 576px) 100vw, 576px\" \/><p id=\"caption-attachment-3839\" class=\"wp-caption-text\">Udo Lindenberg! Stuttgart, 2019<\/p><\/div>\n<blockquote><p><strong>100% Udo!<\/strong><br \/>\nGleich vorweg &#8211; bei Udo ist es wie bei gutem Wein: Je \u00e4lter, je besser! Was dieser Mann in seiner etwa dreist\u00fcndigen Show hier in der Stuttgarter Schleyerhalle alles auf die Beine stellt ist gro\u00dfartig, bombastisch. Der inzwischen Dreiundsiebzigj\u00e4hrige bewegt sich beh\u00e4nde zwischen Band, Background-S\u00e4ngern oder tanzenden Frauen-Formationen, die mal futuristisch, mal als Nonnen mit anschlie\u00dfendem Aha-Effekt auftauchen. Immer schwingt eine Botschaft zu aktuellen Themen mit, anstatt Kriege sollten die M\u00e4chtigen die K\u00e4mpfe pers\u00f6nlich im Boxring austragen &#8211; prompt stehen Trump und Putin mit \u00fcbergro\u00dfen K\u00f6pfen auf der B\u00fchne. Menschlichkeit, Natur sind weitere angesprochene Themen.<\/p>\n<p>Nach &#8220;Woody Wodka&#8221; zu Beginn folgen &#8220;Honky Tonky Show&#8221;, &#8220;Mein Ding&#8221; gleich Titel, die die Fans von Anfang bis Ende mitsingen &#8211; und das ist erst der Anfang. Nach zwanzig Titeln kommt der erste Zugabenblock, es wird nicht der einzige bleiben. Auf insgesamt zweiunddrei\u00dfig Titeln kommen wir am Schluss. Klasse auch der Auftritt des langj\u00e4hrigen Weggef\u00e4hrten und WG-Mitbewohner OTTO, zusammen intonieren sie nicht nur &#8220;Friesenjung&#8221;, sondern auch den eingedeutschten AC\/DC Titel &#8220;Heimweg wird&#8217;s Hell&#8221; &#8211; klasse. Da wo Udo Lindenberg draufsteht ist auch Udo Lindenberg drin und das hundertprozentig!<br \/>\nMK Schechler, N-News.de<\/p><\/blockquote>\n<p>ngg_shortcode_0_placeholder<\/p>\n<p>#Udolindenberg #musiccircusconcertbuero #Schleyerhalle #ottowaalkes #udolive #stuggi #stuttgart #gigs #konzertfotografie #panikorchester #konzerte<\/p>\n<a class=\"synved-social-button synved-social-button-share synved-social-size-48 synved-social-resolution-single synved-social-provider-facebook nolightbox\" data-provider=\"facebook\" target=\"_blank\" rel=\"nofollow\" title=\"Share on Facebook\" href=\"https:\/\/www.facebook.com\/sharer.php?u=http%3A%2F%2Fwww.schechler.com%2Fmk&#038;t=Udo%20Lindenberg%21&#038;s=100&#038;p&#091;url&#093;=http%3A%2F%2Fwww.schechler.com%2Fmk&#038;p&#091;images&#093;&#091;0&#093;=http%3A%2F%2Fwww.schechler.com%2Fmk%2Fwp-content%2Fuploads%2F2019%2F07%2FDS706086cp-001.jpg&#038;p&#091;title&#093;=Udo%20Lindenberg%21\" style=\"font-size: 0px;width:48px;height:48px;margin:0;margin-bottom:5px;margin-right:5px\"><img loading=\"lazy\" decoding=\"async\" alt=\"Facebook\" title=\"Share on Facebook\" class=\"synved-share-image synved-social-image synved-social-image-share\" width=\"48\" height=\"48\" style=\"display: inline;width:48px;height:48px;margin: 0;padding: 0;border: none;box-shadow: none\" src=\"http:\/\/www.schechler.com\/mk\/wp-content\/plugins\/social-media-feather\/synved-social\/image\/social\/regular\/96x96\/facebook.png\" \/><\/a><a class=\"synved-social-button synved-social-button-share synved-social-size-48 synved-social-resolution-single synved-social-provider-twitter nolightbox\" data-provider=\"twitter\" target=\"_blank\" rel=\"nofollow\" title=\"Share on Twitter\" href=\"https:\/\/twitter.com\/intent\/tweet?url=http%3A%2F%2Fwww.schechler.com%2Fmk&#038;text=Dark%20Contrasts%20Photo%20Project.%20Hey%20check%20this%20out\" style=\"font-size: 0px;width:48px;height:48px;margin:0;margin-bottom:5px;margin-right:5px\"><img loading=\"lazy\" decoding=\"async\" alt=\"twitter\" title=\"Share on Twitter\" class=\"synved-share-image synved-social-image synved-social-image-share\" width=\"48\" height=\"48\" style=\"display: inline;width:48px;height:48px;margin: 0;padding: 0;border: none;box-shadow: none\" src=\"http:\/\/www.schechler.com\/mk\/wp-content\/plugins\/social-media-feather\/synved-social\/image\/social\/regular\/96x96\/twitter.png\" \/><\/a><a class=\"synved-social-button synved-social-button-share synved-social-size-48 synved-social-resolution-single synved-social-provider-pinterest nolightbox\" data-provider=\"pinterest\" target=\"_blank\" rel=\"nofollow\" title=\"Pin it with Pinterest\" href=\"https:\/\/pinterest.com\/pin\/create\/button\/?url=http%3A%2F%2Fwww.schechler.com%2Fmk&#038;media=http%3A%2F%2Fwww.schechler.com%2Fmk%2Fwp-content%2Fuploads%2F2019%2F07%2FDS706086cp-001.jpg&#038;description=Udo%20Lindenberg%21\" style=\"font-size: 0px;width:48px;height:48px;margin:0;margin-bottom:5px;margin-right:5px\"><img loading=\"lazy\" decoding=\"async\" alt=\"pinterest\" title=\"Pin it with Pinterest\" class=\"synved-share-image synved-social-image synved-social-image-share\" width=\"48\" height=\"48\" style=\"display: inline;width:48px;height:48px;margin: 0;padding: 0;border: none;box-shadow: none\" src=\"http:\/\/www.schechler.com\/mk\/wp-content\/plugins\/social-media-feather\/synved-social\/image\/social\/regular\/96x96\/pinterest.png\" \/><\/a><a class=\"synved-social-button synved-social-button-share synved-social-size-48 synved-social-resolution-single synved-social-provider-linkedin nolightbox\" data-provider=\"linkedin\" target=\"_blank\" rel=\"nofollow\" title=\"Share on Linkedin\" href=\"https:\/\/www.linkedin.com\/shareArticle?mini=true&#038;url=http%3A%2F%2Fwww.schechler.com%2Fmk&#038;title=Udo%20Lindenberg%21\" style=\"font-size: 0px;width:48px;height:48px;margin:0;margin-bottom:5px;margin-right:5px\"><img loading=\"lazy\" decoding=\"async\" alt=\"linkedin\" title=\"Share on Linkedin\" class=\"synved-share-image synved-social-image synved-social-image-share\" width=\"48\" height=\"48\" style=\"display: inline;width:48px;height:48px;margin: 0;padding: 0;border: none;box-shadow: none\" src=\"http:\/\/www.schechler.com\/mk\/wp-content\/plugins\/social-media-feather\/synved-social\/image\/social\/regular\/96x96\/linkedin.png\" \/><\/a><a class=\"synved-social-button synved-social-button-share synved-social-size-48 synved-social-resolution-single synved-social-provider-mail nolightbox\" data-provider=\"mail\" rel=\"nofollow\" title=\"Share by email\" href=\"mailto:?subject=Udo%20Lindenberg%21&#038;body=Dark%20Contrasts%20Photo%20Project.%20Hey%20check%20this%20out:%20http%3A%2F%2Fwww.schechler.com%2Fmk\" style=\"font-size: 0px;width:48px;height:48px;margin:0;margin-bottom:5px\"><img loading=\"lazy\" decoding=\"async\" alt=\"mail\" title=\"Share by email\" class=\"synved-share-image synved-social-image synved-social-image-share\" width=\"48\" height=\"48\" style=\"display: inline;width:48px;height:48px;margin: 0;padding: 0;border: none;box-shadow: none\" src=\"http:\/\/www.schechler.com\/mk\/wp-content\/plugins\/social-media-feather\/synved-social\/image\/social\/regular\/96x96\/mail.png\" \/><\/a>","protected":false},"excerpt":{"rendered":"<p>100% Udo! Gleich vorweg &#8211; bei Udo ist es wie bei gutem Wein: Je \u00e4lter, je besser! Was dieser Mann in seiner etwa dreist\u00fcndigen Show hier in der Stuttgarter Schleyerhalle alles auf die Beine stellt ist gro\u00dfartig, bombastisch. Der inzwischen Dreiundsiebzigj\u00e4hrige bewegt sich beh\u00e4nde zwischen Band, Background-S\u00e4ngern oder tanzenden Frauen-Formationen, die mal futuristisch, mal als [&hellip;]<\/p>\n","protected":false},"author":1,"featured_media":3839,"comment_status":"closed","ping_status":"closed","sticky":false,"template":"","format":"image","meta":{"ngg_post_thumbnail":0,"footnotes":""},"categories":[1],"tags":[5],"class_list":["post-3801","post","type-post","status-publish","format-image","has-post-thumbnail","hentry","category-allgemein","tag-concerts","post_format-post-format-image"],"_links":{"self":[{"href":"http:\/\/www.schechler.com\/mk\/wp-json\/wp\/v2\/posts\/3801","targetHints":{"allow":["GET"]}}],"collection":[{"href":"http:\/\/www.schechler.com\/mk\/wp-json\/wp\/v2\/posts"}],"about":[{"href":"http:\/\/www.schechler.com\/mk\/wp-json\/wp\/v2\/types\/post"}],"author":[{"embeddable":true,"href":"http:\/\/www.schechler.com\/mk\/wp-json\/wp\/v2\/users\/1"}],"replies":[{"embeddable":true,"href":"http:\/\/www.schechler.com\/mk\/wp-json\/wp\/v2\/comments?post=3801"}],"version-history":[{"count":0,"href":"http:\/\/www.schechler.com\/mk\/wp-json\/wp\/v2\/posts\/3801\/revisions"}],"wp:featuredmedia":[{"embeddable":true,"href":"http:\/\/www.schechler.com\/mk\/wp-json\/wp\/v2\/media\/3839"}],"wp:attachment":[{"href":"http:\/\/www.schechler.com\/mk\/wp-json\/wp\/v2\/media?parent=3801"}],"wp:term":[{"taxonomy":"category","embeddable":true,"href":"http:\/\/www.schechler.com\/mk\/wp-json\/wp\/v2\/categories?post=3801"},{"taxonomy":"post_tag","embeddable":true,"href":"http:\/\/www.schechler.com\/mk\/wp-json\/wp\/v2\/tags?post=3801"}],"curies":[{"name":"wp","href":"https:\/\/api.w.org\/{rel}","templated":true}]}}