{"id":3769,"date":"2019-06-23T11:12:37","date_gmt":"2019-06-23T09:12:37","guid":{"rendered":"http:\/\/www.schechler.com\/mk\/?p=3769"},"modified":"2019-06-23T11:32:22","modified_gmt":"2019-06-23T09:32:22","slug":"konstantin-wecker","status":"publish","type":"post","link":"http:\/\/www.schechler.com\/mk\/2019\/06\/23\/konstantin-wecker\/","title":{"rendered":"Konstantin Wecker!"},"content":{"rendered":"<div id=\"attachment_3772\" style=\"width: 810px\" class=\"wp-caption aligncenter\"><img loading=\"lazy\" decoding=\"async\" aria-describedby=\"caption-attachment-3772\" src=\"http:\/\/www.schechler.com\/mk\/wp-content\/uploads\/2019\/06\/DS705239-Kopie.jpg\" alt=\"\" width=\"800\" height=\"579\" class=\"size-full wp-image-3772\" srcset=\"http:\/\/www.schechler.com\/mk\/wp-content\/uploads\/2019\/06\/DS705239-Kopie.jpg 800w, http:\/\/www.schechler.com\/mk\/wp-content\/uploads\/2019\/06\/DS705239-Kopie-300x217.jpg 300w, http:\/\/www.schechler.com\/mk\/wp-content\/uploads\/2019\/06\/DS705239-Kopie-768x556.jpg 768w, http:\/\/www.schechler.com\/mk\/wp-content\/uploads\/2019\/06\/DS705239-Kopie-250x181.jpg 250w\" sizes=\"auto, (max-width: 800px) 100vw, 800px\" \/><p id=\"caption-attachment-3772\" class=\"wp-caption-text\">Konstantin Wecker! Stuttgart, 2019<\/p><\/div>\n<p><strong>&#8220;Weltenbrand&#8221; &#8211; Konstantin Wecker auf der Freilichtb\u00fchne Killesberg in Stuttgart<\/strong><br \/>\nWeltenbrand \u2013 die aktuelle Tour von Konstantin Wecker, entlehnt den Begriff aus der nordischen Mythologie. Beschrieben wird hier ein Teil des Ragnar\u00f6k, dem Weltuntergang. Und Wecker will etwas bewegen, da mischen sich aktuelle Themen mit R\u00fcckblicken auf die eigene Familie und fr\u00fcheste Erinnerungen. Er rezitiert Gedichte von K\u00e4stner, Brecht und Rilke, badet in der Menge und setzt seine Musik-Titel gekonnt ein. Mal Solo nur am Klavier, mal begleitet von einem Trio oder dem Kammerorchester der Bayerischen Philharmonie. Bei sch\u00f6nstem Wetter auf der Freilichtb\u00fchne Killesberg in Stuttgart h\u00e4ngen etwa 1.500 Fans and\u00e4chtig an seinen Lippen. Und Konstantin Wecker spielt virtuos auf dieser Klaviatur \u2013 in echt und im \u00fcbertragenen Sinne. Beeindruckend.<\/p>\n<p>ngg_shortcode_0_placeholder<\/p>\n<p>#konstantinwecker #c2concerts #freilichtb\u00fchne #spardawelt #killesberg #stuggi #stuttgart #gigs #konzertfotografie #liedermacher #poetisch  #konzerte<\/p>\n<a class=\"synved-social-button synved-social-button-share synved-social-size-48 synved-social-resolution-single synved-social-provider-facebook nolightbox\" data-provider=\"facebook\" target=\"_blank\" rel=\"nofollow\" title=\"Share on Facebook\" href=\"https:\/\/www.facebook.com\/sharer.php?u=http%3A%2F%2Fwww.schechler.com%2Fmk&#038;t=Konstantin%20Wecker%21&#038;s=100&#038;p&#091;url&#093;=http%3A%2F%2Fwww.schechler.com%2Fmk&#038;p&#091;images&#093;&#091;0&#093;=http%3A%2F%2Fwww.schechler.com%2Fmk%2Fwp-content%2Fuploads%2F2019%2F06%2FDS705239-Kopie.jpg&#038;p&#091;title&#093;=Konstantin%20Wecker%21\" style=\"font-size: 0px;width:48px;height:48px;margin:0;margin-bottom:5px;margin-right:5px\"><img loading=\"lazy\" decoding=\"async\" alt=\"Facebook\" title=\"Share on Facebook\" class=\"synved-share-image synved-social-image synved-social-image-share\" width=\"48\" height=\"48\" style=\"display: inline;width:48px;height:48px;margin: 0;padding: 0;border: none;box-shadow: none\" src=\"http:\/\/www.schechler.com\/mk\/wp-content\/plugins\/social-media-feather\/synved-social\/image\/social\/regular\/96x96\/facebook.png\" \/><\/a><a class=\"synved-social-button synved-social-button-share synved-social-size-48 synved-social-resolution-single synved-social-provider-twitter nolightbox\" data-provider=\"twitter\" target=\"_blank\" rel=\"nofollow\" title=\"Share on Twitter\" href=\"https:\/\/twitter.com\/intent\/tweet?url=http%3A%2F%2Fwww.schechler.com%2Fmk&#038;text=Dark%20Contrasts%20Photo%20Project.%20Hey%20check%20this%20out\" style=\"font-size: 0px;width:48px;height:48px;margin:0;margin-bottom:5px;margin-right:5px\"><img loading=\"lazy\" decoding=\"async\" alt=\"twitter\" title=\"Share on Twitter\" class=\"synved-share-image synved-social-image synved-social-image-share\" width=\"48\" height=\"48\" style=\"display: inline;width:48px;height:48px;margin: 0;padding: 0;border: none;box-shadow: none\" src=\"http:\/\/www.schechler.com\/mk\/wp-content\/plugins\/social-media-feather\/synved-social\/image\/social\/regular\/96x96\/twitter.png\" \/><\/a><a class=\"synved-social-button synved-social-button-share synved-social-size-48 synved-social-resolution-single synved-social-provider-pinterest nolightbox\" data-provider=\"pinterest\" target=\"_blank\" rel=\"nofollow\" title=\"Pin it with Pinterest\" href=\"https:\/\/pinterest.com\/pin\/create\/button\/?url=http%3A%2F%2Fwww.schechler.com%2Fmk&#038;media=http%3A%2F%2Fwww.schechler.com%2Fmk%2Fwp-content%2Fuploads%2F2019%2F06%2FDS705239-Kopie.jpg&#038;description=Konstantin%20Wecker%21\" style=\"font-size: 0px;width:48px;height:48px;margin:0;margin-bottom:5px;margin-right:5px\"><img loading=\"lazy\" decoding=\"async\" alt=\"pinterest\" title=\"Pin it with Pinterest\" class=\"synved-share-image synved-social-image synved-social-image-share\" width=\"48\" height=\"48\" style=\"display: inline;width:48px;height:48px;margin: 0;padding: 0;border: none;box-shadow: none\" src=\"http:\/\/www.schechler.com\/mk\/wp-content\/plugins\/social-media-feather\/synved-social\/image\/social\/regular\/96x96\/pinterest.png\" \/><\/a><a class=\"synved-social-button synved-social-button-share synved-social-size-48 synved-social-resolution-single synved-social-provider-linkedin nolightbox\" data-provider=\"linkedin\" target=\"_blank\" rel=\"nofollow\" title=\"Share on Linkedin\" href=\"https:\/\/www.linkedin.com\/shareArticle?mini=true&#038;url=http%3A%2F%2Fwww.schechler.com%2Fmk&#038;title=Konstantin%20Wecker%21\" style=\"font-size: 0px;width:48px;height:48px;margin:0;margin-bottom:5px;margin-right:5px\"><img loading=\"lazy\" decoding=\"async\" alt=\"linkedin\" title=\"Share on Linkedin\" class=\"synved-share-image synved-social-image synved-social-image-share\" width=\"48\" height=\"48\" style=\"display: inline;width:48px;height:48px;margin: 0;padding: 0;border: none;box-shadow: none\" src=\"http:\/\/www.schechler.com\/mk\/wp-content\/plugins\/social-media-feather\/synved-social\/image\/social\/regular\/96x96\/linkedin.png\" \/><\/a><a class=\"synved-social-button synved-social-button-share synved-social-size-48 synved-social-resolution-single synved-social-provider-mail nolightbox\" data-provider=\"mail\" rel=\"nofollow\" title=\"Share by email\" href=\"mailto:?subject=Konstantin%20Wecker%21&#038;body=Dark%20Contrasts%20Photo%20Project.%20Hey%20check%20this%20out:%20http%3A%2F%2Fwww.schechler.com%2Fmk\" style=\"font-size: 0px;width:48px;height:48px;margin:0;margin-bottom:5px\"><img loading=\"lazy\" decoding=\"async\" alt=\"mail\" title=\"Share by email\" class=\"synved-share-image synved-social-image synved-social-image-share\" width=\"48\" height=\"48\" style=\"display: inline;width:48px;height:48px;margin: 0;padding: 0;border: none;box-shadow: none\" src=\"http:\/\/www.schechler.com\/mk\/wp-content\/plugins\/social-media-feather\/synved-social\/image\/social\/regular\/96x96\/mail.png\" \/><\/a>","protected":false},"excerpt":{"rendered":"<p>&#8220;Weltenbrand&#8221; &#8211; Konstantin Wecker auf der Freilichtb\u00fchne Killesberg in Stuttgart Weltenbrand \u2013 die aktuelle Tour von Konstantin Wecker, entlehnt den Begriff aus der nordischen Mythologie. Beschrieben wird hier ein Teil des Ragnar\u00f6k, dem Weltuntergang. Und Wecker will etwas bewegen, da mischen sich aktuelle Themen mit R\u00fcckblicken auf die eigene Familie und fr\u00fcheste Erinnerungen. Er rezitiert [&hellip;]<\/p>\n","protected":false},"author":1,"featured_media":3772,"comment_status":"closed","ping_status":"closed","sticky":false,"template":"","format":"image","meta":{"ngg_post_thumbnail":0,"footnotes":""},"categories":[1],"tags":[],"class_list":["post-3769","post","type-post","status-publish","format-image","has-post-thumbnail","hentry","category-allgemein","post_format-post-format-image"],"_links":{"self":[{"href":"http:\/\/www.schechler.com\/mk\/wp-json\/wp\/v2\/posts\/3769","targetHints":{"allow":["GET"]}}],"collection":[{"href":"http:\/\/www.schechler.com\/mk\/wp-json\/wp\/v2\/posts"}],"about":[{"href":"http:\/\/www.schechler.com\/mk\/wp-json\/wp\/v2\/types\/post"}],"author":[{"embeddable":true,"href":"http:\/\/www.schechler.com\/mk\/wp-json\/wp\/v2\/users\/1"}],"replies":[{"embeddable":true,"href":"http:\/\/www.schechler.com\/mk\/wp-json\/wp\/v2\/comments?post=3769"}],"version-history":[{"count":0,"href":"http:\/\/www.schechler.com\/mk\/wp-json\/wp\/v2\/posts\/3769\/revisions"}],"wp:featuredmedia":[{"embeddable":true,"href":"http:\/\/www.schechler.com\/mk\/wp-json\/wp\/v2\/media\/3772"}],"wp:attachment":[{"href":"http:\/\/www.schechler.com\/mk\/wp-json\/wp\/v2\/media?parent=3769"}],"wp:term":[{"taxonomy":"category","embeddable":true,"href":"http:\/\/www.schechler.com\/mk\/wp-json\/wp\/v2\/categories?post=3769"},{"taxonomy":"post_tag","embeddable":true,"href":"http:\/\/www.schechler.com\/mk\/wp-json\/wp\/v2\/tags?post=3769"}],"curies":[{"name":"wp","href":"https:\/\/api.w.org\/{rel}","templated":true}]}}