{"id":3624,"date":"2019-05-09T08:23:01","date_gmt":"2019-05-09T06:23:01","guid":{"rendered":"http:\/\/www.schechler.com\/mk\/?p=3624"},"modified":"2019-08-20T21:10:54","modified_gmt":"2019-08-20T19:10:54","slug":"rainhard-fendrich","status":"publish","type":"post","link":"http:\/\/www.schechler.com\/mk\/2019\/05\/09\/rainhard-fendrich\/","title":{"rendered":"Rainhard Fendrich!"},"content":{"rendered":"<div id=\"attachment_3630\" style=\"width: 810px\" class=\"wp-caption aligncenter\"><img loading=\"lazy\" decoding=\"async\" aria-describedby=\"caption-attachment-3630\" src=\"http:\/\/www.schechler.com\/mk\/wp-content\/uploads\/2019\/05\/DS705264-Kopie.jpg\" alt=\"\" width=\"800\" height=\"579\" class=\"size-full wp-image-3630\" srcset=\"http:\/\/www.schechler.com\/mk\/wp-content\/uploads\/2019\/05\/DS705264-Kopie.jpg 800w, http:\/\/www.schechler.com\/mk\/wp-content\/uploads\/2019\/05\/DS705264-Kopie-300x217.jpg 300w, http:\/\/www.schechler.com\/mk\/wp-content\/uploads\/2019\/05\/DS705264-Kopie-768x556.jpg 768w, http:\/\/www.schechler.com\/mk\/wp-content\/uploads\/2019\/05\/DS705264-Kopie-250x181.jpg 250w\" sizes=\"auto, (max-width: 800px) 100vw, 800px\" \/><p id=\"caption-attachment-3630\" class=\"wp-caption-text\">Rainhard Fendrich! Stuttgart, 2018<\/p><\/div>\n<blockquote><p><strong>Rainhard Fendrich pr\u00e4sentiert live Musikst\u00fccke und Kommentare mit Tiefgang<\/strong><br \/>\nRainhard Fendrich bringt in Stuttgart im ausverkauften Hegelsaal der Liederhalle live Musikst\u00fccke aus allen seinen Schaffensperioden und Kommentare mit Tiefgang. Da werden Migration, Ausl\u00e4nderfeindlichkeit und Korruption thematisiert, immer passend untermalt von Titeln wie der ber\u00fchmte \u201cTango Korrupti\u201d. Das Hitfeuerwerk aus aktuellen und auch alten Liedern, das aktuell auch als Benefiz-CD erschienen ist, wirkt unplugged im Klangbild noch dichter. Klasse!<br \/>\nMK Schechler, N-News.de <\/p><\/blockquote>\n<p>#rainhardfendrich #f\u00fcrimmerawiener<\/p>\n<a class=\"synved-social-button synved-social-button-share synved-social-size-48 synved-social-resolution-single synved-social-provider-facebook nolightbox\" data-provider=\"facebook\" target=\"_blank\" rel=\"nofollow\" title=\"Share on Facebook\" href=\"https:\/\/www.facebook.com\/sharer.php?u=http%3A%2F%2Fwww.schechler.com%2Fmk&#038;t=Rainhard%20Fendrich%21&#038;s=100&#038;p&#091;url&#093;=http%3A%2F%2Fwww.schechler.com%2Fmk&#038;p&#091;images&#093;&#091;0&#093;=http%3A%2F%2Fwww.schechler.com%2Fmk%2Fwp-content%2Fuploads%2F2019%2F05%2FDS705264-Kopie.jpg&#038;p&#091;title&#093;=Rainhard%20Fendrich%21\" style=\"font-size: 0px;width:48px;height:48px;margin:0;margin-bottom:5px;margin-right:5px\"><img loading=\"lazy\" decoding=\"async\" alt=\"Facebook\" title=\"Share on Facebook\" class=\"synved-share-image synved-social-image synved-social-image-share\" width=\"48\" height=\"48\" style=\"display: inline;width:48px;height:48px;margin: 0;padding: 0;border: none;box-shadow: none\" src=\"http:\/\/www.schechler.com\/mk\/wp-content\/plugins\/social-media-feather\/synved-social\/image\/social\/regular\/96x96\/facebook.png\" \/><\/a><a class=\"synved-social-button synved-social-button-share synved-social-size-48 synved-social-resolution-single synved-social-provider-twitter nolightbox\" data-provider=\"twitter\" target=\"_blank\" rel=\"nofollow\" title=\"Share on Twitter\" href=\"https:\/\/twitter.com\/intent\/tweet?url=http%3A%2F%2Fwww.schechler.com%2Fmk&#038;text=Dark%20Contrasts%20Photo%20Project.%20Hey%20check%20this%20out\" style=\"font-size: 0px;width:48px;height:48px;margin:0;margin-bottom:5px;margin-right:5px\"><img loading=\"lazy\" decoding=\"async\" alt=\"twitter\" title=\"Share on Twitter\" class=\"synved-share-image synved-social-image synved-social-image-share\" width=\"48\" height=\"48\" style=\"display: inline;width:48px;height:48px;margin: 0;padding: 0;border: none;box-shadow: none\" src=\"http:\/\/www.schechler.com\/mk\/wp-content\/plugins\/social-media-feather\/synved-social\/image\/social\/regular\/96x96\/twitter.png\" \/><\/a><a class=\"synved-social-button synved-social-button-share synved-social-size-48 synved-social-resolution-single synved-social-provider-pinterest nolightbox\" data-provider=\"pinterest\" target=\"_blank\" rel=\"nofollow\" title=\"Pin it with Pinterest\" href=\"https:\/\/pinterest.com\/pin\/create\/button\/?url=http%3A%2F%2Fwww.schechler.com%2Fmk&#038;media=http%3A%2F%2Fwww.schechler.com%2Fmk%2Fwp-content%2Fuploads%2F2019%2F05%2FDS705264-Kopie.jpg&#038;description=Rainhard%20Fendrich%21\" style=\"font-size: 0px;width:48px;height:48px;margin:0;margin-bottom:5px;margin-right:5px\"><img loading=\"lazy\" decoding=\"async\" alt=\"pinterest\" title=\"Pin it with Pinterest\" class=\"synved-share-image synved-social-image synved-social-image-share\" width=\"48\" height=\"48\" style=\"display: inline;width:48px;height:48px;margin: 0;padding: 0;border: none;box-shadow: none\" src=\"http:\/\/www.schechler.com\/mk\/wp-content\/plugins\/social-media-feather\/synved-social\/image\/social\/regular\/96x96\/pinterest.png\" \/><\/a><a class=\"synved-social-button synved-social-button-share synved-social-size-48 synved-social-resolution-single synved-social-provider-linkedin nolightbox\" data-provider=\"linkedin\" target=\"_blank\" rel=\"nofollow\" title=\"Share on Linkedin\" href=\"https:\/\/www.linkedin.com\/shareArticle?mini=true&#038;url=http%3A%2F%2Fwww.schechler.com%2Fmk&#038;title=Rainhard%20Fendrich%21\" style=\"font-size: 0px;width:48px;height:48px;margin:0;margin-bottom:5px;margin-right:5px\"><img loading=\"lazy\" decoding=\"async\" alt=\"linkedin\" title=\"Share on Linkedin\" class=\"synved-share-image synved-social-image synved-social-image-share\" width=\"48\" height=\"48\" style=\"display: inline;width:48px;height:48px;margin: 0;padding: 0;border: none;box-shadow: none\" src=\"http:\/\/www.schechler.com\/mk\/wp-content\/plugins\/social-media-feather\/synved-social\/image\/social\/regular\/96x96\/linkedin.png\" \/><\/a><a class=\"synved-social-button synved-social-button-share synved-social-size-48 synved-social-resolution-single synved-social-provider-mail nolightbox\" data-provider=\"mail\" rel=\"nofollow\" title=\"Share by email\" href=\"mailto:?subject=Rainhard%20Fendrich%21&#038;body=Dark%20Contrasts%20Photo%20Project.%20Hey%20check%20this%20out:%20http%3A%2F%2Fwww.schechler.com%2Fmk\" style=\"font-size: 0px;width:48px;height:48px;margin:0;margin-bottom:5px\"><img loading=\"lazy\" decoding=\"async\" alt=\"mail\" title=\"Share by email\" class=\"synved-share-image synved-social-image synved-social-image-share\" width=\"48\" height=\"48\" style=\"display: inline;width:48px;height:48px;margin: 0;padding: 0;border: none;box-shadow: none\" src=\"http:\/\/www.schechler.com\/mk\/wp-content\/plugins\/social-media-feather\/synved-social\/image\/social\/regular\/96x96\/mail.png\" \/><\/a>","protected":false},"excerpt":{"rendered":"<p>Rainhard Fendrich pr\u00e4sentiert live Musikst\u00fccke und Kommentare mit Tiefgang Rainhard Fendrich bringt in Stuttgart im ausverkauften Hegelsaal der Liederhalle live Musikst\u00fccke aus allen seinen Schaffensperioden und Kommentare mit Tiefgang. Da werden Migration, Ausl\u00e4nderfeindlichkeit und Korruption thematisiert, immer passend untermalt von Titeln wie der ber\u00fchmte \u201cTango Korrupti\u201d. Das Hitfeuerwerk aus aktuellen und auch alten Liedern, das [&hellip;]<\/p>\n","protected":false},"author":1,"featured_media":3630,"comment_status":"closed","ping_status":"closed","sticky":false,"template":"","format":"image","meta":{"ngg_post_thumbnail":0,"footnotes":""},"categories":[1],"tags":[5],"class_list":["post-3624","post","type-post","status-publish","format-image","has-post-thumbnail","hentry","category-allgemein","tag-concerts","post_format-post-format-image"],"_links":{"self":[{"href":"http:\/\/www.schechler.com\/mk\/wp-json\/wp\/v2\/posts\/3624","targetHints":{"allow":["GET"]}}],"collection":[{"href":"http:\/\/www.schechler.com\/mk\/wp-json\/wp\/v2\/posts"}],"about":[{"href":"http:\/\/www.schechler.com\/mk\/wp-json\/wp\/v2\/types\/post"}],"author":[{"embeddable":true,"href":"http:\/\/www.schechler.com\/mk\/wp-json\/wp\/v2\/users\/1"}],"replies":[{"embeddable":true,"href":"http:\/\/www.schechler.com\/mk\/wp-json\/wp\/v2\/comments?post=3624"}],"version-history":[{"count":0,"href":"http:\/\/www.schechler.com\/mk\/wp-json\/wp\/v2\/posts\/3624\/revisions"}],"wp:featuredmedia":[{"embeddable":true,"href":"http:\/\/www.schechler.com\/mk\/wp-json\/wp\/v2\/media\/3630"}],"wp:attachment":[{"href":"http:\/\/www.schechler.com\/mk\/wp-json\/wp\/v2\/media?parent=3624"}],"wp:term":[{"taxonomy":"category","embeddable":true,"href":"http:\/\/www.schechler.com\/mk\/wp-json\/wp\/v2\/categories?post=3624"},{"taxonomy":"post_tag","embeddable":true,"href":"http:\/\/www.schechler.com\/mk\/wp-json\/wp\/v2\/tags?post=3624"}],"curies":[{"name":"wp","href":"https:\/\/api.w.org\/{rel}","templated":true}]}}