{"id":3482,"date":"2019-03-22T20:18:40","date_gmt":"2019-03-22T19:18:40","guid":{"rendered":"http:\/\/www.schechler.com\/mk\/?p=3482"},"modified":"2023-07-21T13:43:22","modified_gmt":"2023-07-21T11:43:22","slug":"zeppelinflug","status":"publish","type":"post","link":"http:\/\/www.schechler.com\/mk\/2019\/03\/22\/zeppelinflug\/","title":{"rendered":"Zeppelinflug!"},"content":{"rendered":"<div id=\"attachment_3519\" style=\"width: 810px\" class=\"wp-caption aligncenter\"><img loading=\"lazy\" decoding=\"async\" aria-describedby=\"caption-attachment-3519\" src=\"http:\/\/www.schechler.com\/mk\/wp-content\/uploads\/2019\/03\/2019-03-21-11.05.10.jpg\" alt=\"\" width=\"800\" height=\"579\" class=\"size-full wp-image-3519\" srcset=\"http:\/\/www.schechler.com\/mk\/wp-content\/uploads\/2019\/03\/2019-03-21-11.05.10.jpg 800w, http:\/\/www.schechler.com\/mk\/wp-content\/uploads\/2019\/03\/2019-03-21-11.05.10-300x217.jpg 300w, http:\/\/www.schechler.com\/mk\/wp-content\/uploads\/2019\/03\/2019-03-21-11.05.10-768x556.jpg 768w, http:\/\/www.schechler.com\/mk\/wp-content\/uploads\/2019\/03\/2019-03-21-11.05.10-250x181.jpg 250w\" sizes=\"auto, (max-width: 800px) 100vw, 800px\" \/><p id=\"caption-attachment-3519\" class=\"wp-caption-text\">Zeppelinflug! Bodensee, 2019<\/p><\/div>\n<h3>Die Wei\u00dfen Riesen fliegen wieder: Highlights in der jetzt gestarteten Zeppelin Flugsaison 2019<\/h3>\n<p>#Zeppelin #zeppelinflug<\/p>\n<p><strong>In diesem Jahr startete die Deutsche Zeppelin-Reederei am 21. M\u00e4rz in die neue Flugsaison \u2013 wieder mit einem besonderen Fr\u00fchlings-Special: Der 30-min\u00fctige Rundflug \u00fcber Friedrichshafen ist mit dem Nebensaison-Ticket \u201eFr\u00fchling\u201c um 50,- \u20ac g\u00fcnstiger als in der Hauptsaison. <\/strong><\/p>\n<p>Zum Saisonauftakt ging Redakteur MK Schechler in die Luft und hat einige Fotos mitgebracht. <\/p>\n<p>EUROPA-PARK-ZEPPELIN MIT NEUER H\u00dcLLEN-GESTALTUNG<br \/>\nZum Saisonstart 2019 pr\u00e4sentiert sich der Europa-Park-Zeppelin mit neu gestaltetem Branding: Neben Ed Euromaus und Edda Euromausi gr\u00fc\u00dft nun auch das Maskottchen der neuen Wasserwelt Rulantica die Bodensee-Region: Snorri, die kleine Krake. Rulantica umfasst eine insgesamt 45 Hektar gro\u00dfe Erweiterungsfl\u00e4che im S\u00fcdosten der Gemeinde Rust, auf der zahlreiche Indoor- und Outdoor-Aktivit\u00e4ten rund um das Thema Wasser entstehen. Die Er\u00f6ffnung der neuen Wasserwelt ist Ende 2019 vorgesehen. <\/p>\n<p>Gesamte Story: <a href=\"http:\/\/Hier klicken\" rel=\"noopener noreferrer\" target=\"_blank\">Hier klicken<\/a>.<\/p>\n<p>ngg_shortcode_0_placeholder<\/p>\n<a class=\"synved-social-button synved-social-button-share synved-social-size-48 synved-social-resolution-single synved-social-provider-facebook nolightbox\" data-provider=\"facebook\" target=\"_blank\" rel=\"nofollow\" title=\"Share on Facebook\" href=\"https:\/\/www.facebook.com\/sharer.php?u=http%3A%2F%2Fwww.schechler.com%2Fmk&#038;t=Zeppelinflug%21&#038;s=100&#038;p&#091;url&#093;=http%3A%2F%2Fwww.schechler.com%2Fmk&#038;p&#091;images&#093;&#091;0&#093;=http%3A%2F%2Fwww.schechler.com%2Fmk%2Fwp-content%2Fuploads%2F2019%2F03%2F2019-03-21-11.05.10.jpg&#038;p&#091;title&#093;=Zeppelinflug%21\" style=\"font-size: 0px;width:48px;height:48px;margin:0;margin-bottom:5px;margin-right:5px\"><img loading=\"lazy\" decoding=\"async\" alt=\"Facebook\" title=\"Share on Facebook\" class=\"synved-share-image synved-social-image synved-social-image-share\" width=\"48\" height=\"48\" style=\"display: inline;width:48px;height:48px;margin: 0;padding: 0;border: none;box-shadow: none\" src=\"http:\/\/www.schechler.com\/mk\/wp-content\/plugins\/social-media-feather\/synved-social\/image\/social\/regular\/96x96\/facebook.png\" \/><\/a><a class=\"synved-social-button synved-social-button-share synved-social-size-48 synved-social-resolution-single synved-social-provider-twitter nolightbox\" data-provider=\"twitter\" target=\"_blank\" rel=\"nofollow\" title=\"Share on Twitter\" href=\"https:\/\/twitter.com\/intent\/tweet?url=http%3A%2F%2Fwww.schechler.com%2Fmk&#038;text=Dark%20Contrasts%20Photo%20Project.%20Hey%20check%20this%20out\" style=\"font-size: 0px;width:48px;height:48px;margin:0;margin-bottom:5px;margin-right:5px\"><img loading=\"lazy\" decoding=\"async\" alt=\"twitter\" title=\"Share on Twitter\" class=\"synved-share-image synved-social-image synved-social-image-share\" width=\"48\" height=\"48\" style=\"display: inline;width:48px;height:48px;margin: 0;padding: 0;border: none;box-shadow: none\" src=\"http:\/\/www.schechler.com\/mk\/wp-content\/plugins\/social-media-feather\/synved-social\/image\/social\/regular\/96x96\/twitter.png\" \/><\/a><a class=\"synved-social-button synved-social-button-share synved-social-size-48 synved-social-resolution-single synved-social-provider-pinterest nolightbox\" data-provider=\"pinterest\" target=\"_blank\" rel=\"nofollow\" title=\"Pin it with Pinterest\" href=\"https:\/\/pinterest.com\/pin\/create\/button\/?url=http%3A%2F%2Fwww.schechler.com%2Fmk&#038;media=http%3A%2F%2Fwww.schechler.com%2Fmk%2Fwp-content%2Fuploads%2F2019%2F03%2F2019-03-21-11.05.10.jpg&#038;description=Zeppelinflug%21\" style=\"font-size: 0px;width:48px;height:48px;margin:0;margin-bottom:5px;margin-right:5px\"><img loading=\"lazy\" decoding=\"async\" alt=\"pinterest\" title=\"Pin it with Pinterest\" class=\"synved-share-image synved-social-image synved-social-image-share\" width=\"48\" height=\"48\" style=\"display: inline;width:48px;height:48px;margin: 0;padding: 0;border: none;box-shadow: none\" src=\"http:\/\/www.schechler.com\/mk\/wp-content\/plugins\/social-media-feather\/synved-social\/image\/social\/regular\/96x96\/pinterest.png\" \/><\/a><a class=\"synved-social-button synved-social-button-share synved-social-size-48 synved-social-resolution-single synved-social-provider-linkedin nolightbox\" data-provider=\"linkedin\" target=\"_blank\" rel=\"nofollow\" title=\"Share on Linkedin\" href=\"https:\/\/www.linkedin.com\/shareArticle?mini=true&#038;url=http%3A%2F%2Fwww.schechler.com%2Fmk&#038;title=Zeppelinflug%21\" style=\"font-size: 0px;width:48px;height:48px;margin:0;margin-bottom:5px;margin-right:5px\"><img loading=\"lazy\" decoding=\"async\" alt=\"linkedin\" title=\"Share on Linkedin\" class=\"synved-share-image synved-social-image synved-social-image-share\" width=\"48\" height=\"48\" style=\"display: inline;width:48px;height:48px;margin: 0;padding: 0;border: none;box-shadow: none\" src=\"http:\/\/www.schechler.com\/mk\/wp-content\/plugins\/social-media-feather\/synved-social\/image\/social\/regular\/96x96\/linkedin.png\" \/><\/a><a class=\"synved-social-button synved-social-button-share synved-social-size-48 synved-social-resolution-single synved-social-provider-mail nolightbox\" data-provider=\"mail\" rel=\"nofollow\" title=\"Share by email\" href=\"mailto:?subject=Zeppelinflug%21&#038;body=Dark%20Contrasts%20Photo%20Project.%20Hey%20check%20this%20out:%20http%3A%2F%2Fwww.schechler.com%2Fmk\" style=\"font-size: 0px;width:48px;height:48px;margin:0;margin-bottom:5px\"><img loading=\"lazy\" decoding=\"async\" alt=\"mail\" title=\"Share by email\" class=\"synved-share-image synved-social-image synved-social-image-share\" width=\"48\" height=\"48\" style=\"display: inline;width:48px;height:48px;margin: 0;padding: 0;border: none;box-shadow: none\" src=\"http:\/\/www.schechler.com\/mk\/wp-content\/plugins\/social-media-feather\/synved-social\/image\/social\/regular\/96x96\/mail.png\" \/><\/a>","protected":false},"excerpt":{"rendered":"<p>Die Wei\u00dfen Riesen fliegen wieder: Highlights in der jetzt gestarteten Zeppelin Flugsaison 2019 #Zeppelin #zeppelinflug In diesem Jahr startete die Deutsche Zeppelin-Reederei am 21. M\u00e4rz in die neue Flugsaison \u2013 wieder mit einem besonderen Fr\u00fchlings-Special: Der 30-min\u00fctige Rundflug \u00fcber Friedrichshafen ist mit dem Nebensaison-Ticket \u201eFr\u00fchling\u201c um 50,- \u20ac g\u00fcnstiger als in der Hauptsaison. Zum Saisonauftakt [&hellip;]<\/p>\n","protected":false},"author":1,"featured_media":3519,"comment_status":"closed","ping_status":"closed","sticky":false,"template":"","format":"image","meta":{"ngg_post_thumbnail":0,"footnotes":""},"categories":[1],"tags":[8,18],"class_list":["post-3482","post","type-post","status-publish","format-image","has-post-thumbnail","hentry","category-allgemein","tag-mixed","tag-travel","post_format-post-format-image"],"_links":{"self":[{"href":"http:\/\/www.schechler.com\/mk\/wp-json\/wp\/v2\/posts\/3482","targetHints":{"allow":["GET"]}}],"collection":[{"href":"http:\/\/www.schechler.com\/mk\/wp-json\/wp\/v2\/posts"}],"about":[{"href":"http:\/\/www.schechler.com\/mk\/wp-json\/wp\/v2\/types\/post"}],"author":[{"embeddable":true,"href":"http:\/\/www.schechler.com\/mk\/wp-json\/wp\/v2\/users\/1"}],"replies":[{"embeddable":true,"href":"http:\/\/www.schechler.com\/mk\/wp-json\/wp\/v2\/comments?post=3482"}],"version-history":[{"count":0,"href":"http:\/\/www.schechler.com\/mk\/wp-json\/wp\/v2\/posts\/3482\/revisions"}],"wp:featuredmedia":[{"embeddable":true,"href":"http:\/\/www.schechler.com\/mk\/wp-json\/wp\/v2\/media\/3519"}],"wp:attachment":[{"href":"http:\/\/www.schechler.com\/mk\/wp-json\/wp\/v2\/media?parent=3482"}],"wp:term":[{"taxonomy":"category","embeddable":true,"href":"http:\/\/www.schechler.com\/mk\/wp-json\/wp\/v2\/categories?post=3482"},{"taxonomy":"post_tag","embeddable":true,"href":"http:\/\/www.schechler.com\/mk\/wp-json\/wp\/v2\/tags?post=3482"}],"curies":[{"name":"wp","href":"https:\/\/api.w.org\/{rel}","templated":true}]}}