{"id":3292,"date":"2019-02-19T12:19:14","date_gmt":"2019-02-19T11:19:14","guid":{"rendered":"http:\/\/www.schechler.com\/mk\/?p=3292"},"modified":"2023-07-21T13:43:52","modified_gmt":"2023-07-21T11:43:52","slug":"white-turf-2","status":"publish","type":"post","link":"http:\/\/www.schechler.com\/mk\/2019\/02\/19\/white-turf-2\/","title":{"rendered":"White Turf!"},"content":{"rendered":"<div id=\"attachment_3293\" style=\"width: 810px\" class=\"wp-caption aligncenter\"><img loading=\"lazy\" decoding=\"async\" aria-describedby=\"caption-attachment-3293\" src=\"http:\/\/www.schechler.com\/mk\/wp-content\/uploads\/2019\/02\/DS709702pl.jpg\" alt=\"\" width=\"800\" height=\"534\" class=\"size-full wp-image-3293\" srcset=\"http:\/\/www.schechler.com\/mk\/wp-content\/uploads\/2019\/02\/DS709702pl.jpg 800w, http:\/\/www.schechler.com\/mk\/wp-content\/uploads\/2019\/02\/DS709702pl-300x200.jpg 300w, http:\/\/www.schechler.com\/mk\/wp-content\/uploads\/2019\/02\/DS709702pl-768x513.jpg 768w, http:\/\/www.schechler.com\/mk\/wp-content\/uploads\/2019\/02\/DS709702pl-250x167.jpg 250w\" sizes=\"auto, (max-width: 800px) 100vw, 800px\" \/><p id=\"caption-attachment-3293\" class=\"wp-caption-text\">White Turf! St. Moritz, 2019<\/p><\/div>\n<p>#Whiteturf #stmoritz #pferderennen<\/p>\n<h3>Sonniger Abschluss der Renntage auf dem See<\/h3>\n<p><strong>White Turf, das legend\u00e4re Pferderennen auf dem zugefrorenen St. Moritzer See geht in das 112. Jahr. Nach den vom Wetter nicht ganz verw\u00f6hnten Renntagen 3. und 10. Februar brachte der dritte und letzte Renntag 2019 das Champagnerklima zur\u00fcck nach St. Moritz. Wolkenloser Himmel und beste Wetter-Voraussetzungen f\u00fcr die Pferderennen bescherten einen wundervollen Abschluss der diesj\u00e4hrigen Saison.<\/strong><\/p>\n<p>F\u00fcnfzehntausend Zuschauer machten das White Turf am dritten Renntag zu einem gro\u00dfen Spektakel. Dabei traf sich nicht nur die Bussi-Bussi-Gesellschaft auf dem zugefrorenen See. Nat\u00fcrlich wurde Champagner getrunken und Austern geschl\u00fcrft, aber das Interesse an den sieben Rennen \u00fcberwog. Auch der Andrang an den Wettb\u00fcro-Kassen war gewaltig, \u00fcber einhunderttausend Schweizer Franken Wettumsatz wurden generiert. Wer wettet, hat mehr vom Rennen, wird gesagt. Auch kleine Wetteins\u00e4tze erh\u00f6hen f\u00fcr die White Turf Besucher den Nervenkitzel und die Freude beim Mitfiebern w\u00e4hrend der Rennen. Getreu dem Motto hat unsere Redaktion beim sechsten Rennen einige Franken auf Sieg f\u00fcr &#8220;Heloagain&#8221; gesetzt und prompt gewonnen. <\/p>\n<p>Auch wenn Star-Designer Matteo Thun im Magazin &#8220;St.Moritz&#8221; f\u00fcr &#8220;die Eliminierung der wei\u00dfen Champagnerzelte&#8221; pl\u00e4diert, geh\u00f6ren diese doch zum Bild der Sportveranstaltungen in der Region. Nicht wenige Zuschauer kommen zum Sehen und gesehen werden. Spektakul\u00e4r ist das Skij\u00f6ring, ein nur hier auf dem See praktiziertes Rennen eines Skifahrers (bei den Jockeys scheinen inzwischen die Damen \u00fcberwiegen), gezogen vom Rennpferd. Ein besonderes Event, so speziell und einzigartig wie St. Moritz.<\/p>\n<p>ngg_shortcode_0_placeholder<\/p>\n<a class=\"synved-social-button synved-social-button-share synved-social-size-48 synved-social-resolution-single synved-social-provider-facebook nolightbox\" data-provider=\"facebook\" target=\"_blank\" rel=\"nofollow\" title=\"Share on Facebook\" href=\"https:\/\/www.facebook.com\/sharer.php?u=http%3A%2F%2Fwww.schechler.com%2Fmk&#038;t=White%20Turf%21&#038;s=100&#038;p&#091;url&#093;=http%3A%2F%2Fwww.schechler.com%2Fmk&#038;p&#091;images&#093;&#091;0&#093;=http%3A%2F%2Fwww.schechler.com%2Fmk%2Fwp-content%2Fuploads%2F2019%2F02%2FDS709702pl.jpg&#038;p&#091;title&#093;=White%20Turf%21\" style=\"font-size: 0px;width:48px;height:48px;margin:0;margin-bottom:5px;margin-right:5px\"><img loading=\"lazy\" decoding=\"async\" alt=\"Facebook\" title=\"Share on Facebook\" class=\"synved-share-image synved-social-image synved-social-image-share\" width=\"48\" height=\"48\" style=\"display: inline;width:48px;height:48px;margin: 0;padding: 0;border: none;box-shadow: none\" src=\"http:\/\/www.schechler.com\/mk\/wp-content\/plugins\/social-media-feather\/synved-social\/image\/social\/regular\/96x96\/facebook.png\" \/><\/a><a class=\"synved-social-button synved-social-button-share synved-social-size-48 synved-social-resolution-single synved-social-provider-twitter nolightbox\" data-provider=\"twitter\" target=\"_blank\" rel=\"nofollow\" title=\"Share on Twitter\" href=\"https:\/\/twitter.com\/intent\/tweet?url=http%3A%2F%2Fwww.schechler.com%2Fmk&#038;text=Dark%20Contrasts%20Photo%20Project.%20Hey%20check%20this%20out\" style=\"font-size: 0px;width:48px;height:48px;margin:0;margin-bottom:5px;margin-right:5px\"><img loading=\"lazy\" decoding=\"async\" alt=\"twitter\" title=\"Share on Twitter\" class=\"synved-share-image synved-social-image synved-social-image-share\" width=\"48\" height=\"48\" style=\"display: inline;width:48px;height:48px;margin: 0;padding: 0;border: none;box-shadow: none\" src=\"http:\/\/www.schechler.com\/mk\/wp-content\/plugins\/social-media-feather\/synved-social\/image\/social\/regular\/96x96\/twitter.png\" \/><\/a><a class=\"synved-social-button synved-social-button-share synved-social-size-48 synved-social-resolution-single synved-social-provider-pinterest nolightbox\" data-provider=\"pinterest\" target=\"_blank\" rel=\"nofollow\" title=\"Pin it with Pinterest\" href=\"https:\/\/pinterest.com\/pin\/create\/button\/?url=http%3A%2F%2Fwww.schechler.com%2Fmk&#038;media=http%3A%2F%2Fwww.schechler.com%2Fmk%2Fwp-content%2Fuploads%2F2019%2F02%2FDS709702pl.jpg&#038;description=White%20Turf%21\" style=\"font-size: 0px;width:48px;height:48px;margin:0;margin-bottom:5px;margin-right:5px\"><img loading=\"lazy\" decoding=\"async\" alt=\"pinterest\" title=\"Pin it with Pinterest\" class=\"synved-share-image synved-social-image synved-social-image-share\" width=\"48\" height=\"48\" style=\"display: inline;width:48px;height:48px;margin: 0;padding: 0;border: none;box-shadow: none\" src=\"http:\/\/www.schechler.com\/mk\/wp-content\/plugins\/social-media-feather\/synved-social\/image\/social\/regular\/96x96\/pinterest.png\" \/><\/a><a class=\"synved-social-button synved-social-button-share synved-social-size-48 synved-social-resolution-single synved-social-provider-linkedin nolightbox\" data-provider=\"linkedin\" target=\"_blank\" rel=\"nofollow\" title=\"Share on Linkedin\" href=\"https:\/\/www.linkedin.com\/shareArticle?mini=true&#038;url=http%3A%2F%2Fwww.schechler.com%2Fmk&#038;title=White%20Turf%21\" style=\"font-size: 0px;width:48px;height:48px;margin:0;margin-bottom:5px;margin-right:5px\"><img loading=\"lazy\" decoding=\"async\" alt=\"linkedin\" title=\"Share on Linkedin\" class=\"synved-share-image synved-social-image synved-social-image-share\" width=\"48\" height=\"48\" style=\"display: inline;width:48px;height:48px;margin: 0;padding: 0;border: none;box-shadow: none\" src=\"http:\/\/www.schechler.com\/mk\/wp-content\/plugins\/social-media-feather\/synved-social\/image\/social\/regular\/96x96\/linkedin.png\" \/><\/a><a class=\"synved-social-button synved-social-button-share synved-social-size-48 synved-social-resolution-single synved-social-provider-mail nolightbox\" data-provider=\"mail\" rel=\"nofollow\" title=\"Share by email\" href=\"mailto:?subject=White%20Turf%21&#038;body=Dark%20Contrasts%20Photo%20Project.%20Hey%20check%20this%20out:%20http%3A%2F%2Fwww.schechler.com%2Fmk\" style=\"font-size: 0px;width:48px;height:48px;margin:0;margin-bottom:5px\"><img loading=\"lazy\" decoding=\"async\" alt=\"mail\" title=\"Share by email\" class=\"synved-share-image synved-social-image synved-social-image-share\" width=\"48\" height=\"48\" style=\"display: inline;width:48px;height:48px;margin: 0;padding: 0;border: none;box-shadow: none\" src=\"http:\/\/www.schechler.com\/mk\/wp-content\/plugins\/social-media-feather\/synved-social\/image\/social\/regular\/96x96\/mail.png\" \/><\/a>","protected":false},"excerpt":{"rendered":"<p>#Whiteturf #stmoritz #pferderennen Sonniger Abschluss der Renntage auf dem See White Turf, das legend\u00e4re Pferderennen auf dem zugefrorenen St. Moritzer See geht in das 112. Jahr. Nach den vom Wetter nicht ganz verw\u00f6hnten Renntagen 3. und 10. Februar brachte der dritte und letzte Renntag 2019 das Champagnerklima zur\u00fcck nach St. Moritz. Wolkenloser Himmel und beste [&hellip;]<\/p>\n","protected":false},"author":1,"featured_media":3293,"comment_status":"closed","ping_status":"closed","sticky":false,"template":"","format":"image","meta":{"ngg_post_thumbnail":0,"footnotes":""},"categories":[1],"tags":[8,18],"class_list":["post-3292","post","type-post","status-publish","format-image","has-post-thumbnail","hentry","category-allgemein","tag-mixed","tag-travel","post_format-post-format-image"],"_links":{"self":[{"href":"http:\/\/www.schechler.com\/mk\/wp-json\/wp\/v2\/posts\/3292","targetHints":{"allow":["GET"]}}],"collection":[{"href":"http:\/\/www.schechler.com\/mk\/wp-json\/wp\/v2\/posts"}],"about":[{"href":"http:\/\/www.schechler.com\/mk\/wp-json\/wp\/v2\/types\/post"}],"author":[{"embeddable":true,"href":"http:\/\/www.schechler.com\/mk\/wp-json\/wp\/v2\/users\/1"}],"replies":[{"embeddable":true,"href":"http:\/\/www.schechler.com\/mk\/wp-json\/wp\/v2\/comments?post=3292"}],"version-history":[{"count":0,"href":"http:\/\/www.schechler.com\/mk\/wp-json\/wp\/v2\/posts\/3292\/revisions"}],"wp:featuredmedia":[{"embeddable":true,"href":"http:\/\/www.schechler.com\/mk\/wp-json\/wp\/v2\/media\/3293"}],"wp:attachment":[{"href":"http:\/\/www.schechler.com\/mk\/wp-json\/wp\/v2\/media?parent=3292"}],"wp:term":[{"taxonomy":"category","embeddable":true,"href":"http:\/\/www.schechler.com\/mk\/wp-json\/wp\/v2\/categories?post=3292"},{"taxonomy":"post_tag","embeddable":true,"href":"http:\/\/www.schechler.com\/mk\/wp-json\/wp\/v2\/tags?post=3292"}],"curies":[{"name":"wp","href":"https:\/\/api.w.org\/{rel}","templated":true}]}}