{"id":20168,"date":"2026-04-25T16:44:23","date_gmt":"2026-04-25T14:44:23","guid":{"rendered":"http:\/\/www.schechler.com\/mk\/?p=20168"},"modified":"2026-04-26T12:15:31","modified_gmt":"2026-04-26T10:15:31","slug":"hans-herrmann","status":"publish","type":"post","link":"http:\/\/www.schechler.com\/mk\/2026\/04\/25\/hans-herrmann\/","title":{"rendered":"Hans Herrmann!"},"content":{"rendered":"<p>Motorsportlegenden \u2013 in Erinnerung an Hans Herrmann<br \/>\nSonderausstellung im MAC 2 Museum Art &#038; Cars | 21.03.2026 \u2013 31.05.2026<\/p>\n<p><strong>Es ist eine Ausstellung, die mehr ist als ein R\u00fcckblick. Sie ist ein stilles Erinnern an einen Mann, der den Motorsport \u00fcber Jahrzehnte gepr\u00e4gt hat. Im MAC 2 Museum Art &#038; Cars widmet sich die Sonderausstellung \u201eMotorsportlegenden \u2013 in Erinnerung an Hans Herrmann\u201c einem der gro\u00dfen Namen des internationalen Rennsports.<\/strong><\/p>\n<p>Unser Redakteur hatte im vergangenen Jahr die Gelegenheit, Hans Herrmann noch einmal pers\u00f6nlich zu sprechen. Es war ein kurzes Gespr\u00e4ch voller Erinnerungen, klarer Worte und jener ruhigen Bescheidenheit, die ihn stets ausgezeichnet hat. Das Portraitfoto aus dem Jahr 2017, das in der Galerie zur Ausstellung zu sehen ist, zeigt genau diesen Menschen: konzentriert, wach, und zugleich geerdet \u2013 eine Legende ohne All\u00fcren.<\/p>\n<p><strong>Ein Leben auf der \u00dcberholspur<\/strong><br \/>\nGeboren 1928 in Stuttgart, begann Herrmann seine Karriere fr\u00fch \u2013 und unter Bedingungen, die aus heutiger Sicht kaum vorstellbar sind. Rennen waren damals Grenzerfahrungen. Technik, Mut und Risiko lagen dicht beieinander. Sein Durchbruch gelang ihm 1952 auf dem N\u00fcrburgring im Porsche. Es folgten Eins\u00e4tze in der Formel 1 und bei Sportwagenrennen, unter anderem f\u00fcr Mercedes-Benz w\u00e4hrend der legend\u00e4ren Silberpfeil-\u00c4ra. Herrmann geh\u00f6rte zu jener Generation, die Motorsport nicht nur betrieb, sondern definierte. Seine Karriere spannte sich \u00fcber zwei Jahrzehnte \u2013 von den fr\u00fchen Nachkriegsjahren bis in die Hochphase der internationalen Langstreckenrennen. Der Sieg bei den 24 Stunden von Le Mans 1970 kr\u00f6nte schlie\u00dflich eine Laufbahn, die von Konstanz, Mut und technischem Verst\u00e4ndnis gepr\u00e4gt war.<\/p>\n<div id=\"attachment_20224\" style=\"width: 1090px\" class=\"wp-caption aligncenter\"><img loading=\"lazy\" decoding=\"async\" aria-describedby=\"caption-attachment-20224\" src=\"http:\/\/www.schechler.com\/mk\/wp-content\/uploads\/2026\/04\/HansHerrmannAusstellung.jpg\" alt=\"\" width=\"1080\" height=\"723\" class=\"size-full wp-image-20224\" srcset=\"http:\/\/www.schechler.com\/mk\/wp-content\/uploads\/2026\/04\/HansHerrmannAusstellung.jpg 1080w, http:\/\/www.schechler.com\/mk\/wp-content\/uploads\/2026\/04\/HansHerrmannAusstellung-300x201.jpg 300w, http:\/\/www.schechler.com\/mk\/wp-content\/uploads\/2026\/04\/HansHerrmannAusstellung-1024x686.jpg 1024w, http:\/\/www.schechler.com\/mk\/wp-content\/uploads\/2026\/04\/HansHerrmannAusstellung-768x514.jpg 768w, http:\/\/www.schechler.com\/mk\/wp-content\/uploads\/2026\/04\/HansHerrmannAusstellung-250x167.jpg 250w\" sizes=\"auto, (max-width: 1080px) 100vw, 1080px\" \/><p id=\"caption-attachment-20224\" class=\"wp-caption-text\">Motorsportlegenden \u2013 in Erinnerung an Hans Herrmann<\/p><\/div>\n<p><strong>Zwei Fahrzeuge, zwei Epochen<\/strong><br \/>\nIm Zentrum der Ausstellung stehen zwei Originalfahrzeuge. Keine Repliken, keine Nachbauten. Es sind genau jene Rennwagen, mit denen Herrmann Geschichte geschrieben hat.<\/p>\n<p><strong>Mercedes-Benz 300 SLR (1955)<\/strong><br \/>\nDer Mercedes-Benz 300 SLR ist nicht einfach ein Rennwagen. Er ist ein Symbol f\u00fcr eine ganze \u00c4ra. 1955, Mille Miglia. Startnummer 704. Diese Zahl steht nicht f\u00fcr ein Team oder eine Platzierung \u2013 sie steht f\u00fcr die Startzeit: 7:04 Uhr morgens. Zu dieser Zeit begann Herrmann sein Rennen \u00fcber rund 1.600 Kilometer \u00f6ffentlicher Stra\u00dfen quer durch Italien. Technisch war der 300 SLR seiner Zeit weit voraus. Ein 3,0-Liter-Reihenachtzylinder mit rund 310 PS, ein ultraleichter Gitterrohrrahmen und eine Karosserie aus Elektron-Magnesium sorgten f\u00fcr eine H\u00f6chstgeschwindigkeit von nahezu 300 km\/h. Innovative Details wie die Luftbremse oder die markanten Sidepipes zeigen, wie kompromisslos auf Leistung und Effizienz gesetzt wurde. Doch der Wagen steht auch f\u00fcr ein ambivalentes Kapitel der Motorsportgeschichte. Das Jahr 1955 brachte nicht nur Triumphe, sondern auch das bis heute nachwirkende Ungl\u00fcck von Le Mans. Der 300 SLR bleibt damit ein Fahrzeug zwischen technischer Brillanz und historischer Tragik. Wer heute vor diesem Original steht, sieht kein museales Objekt. Man sieht eine Maschine, die unter Bedingungen gefahren wurde, die kaum Spielraum f\u00fcr Fehler lie\u00dfen.<\/p>\n<p><strong>Porsche 906 Carrera 6 (1966)<\/strong><br \/>\nElf Jahre sp\u00e4ter zeigt sich ein v\u00f6llig anderes Bild des Motorsports. Der Porsche 906 steht f\u00fcr eine neue Philosophie: Leichtbau statt reiner Motorleistung. Mit nur etwa 675 Kilogramm Gewicht und einem 6-Zylinder-Boxermotor mit rund 210 PS war der 906 auf dem Papier unterlegen. Doch genau darin lag seine St\u00e4rke. W\u00e4hrend Ferrari und Ford auf gro\u00dfe Motoren setzten, ging Porsche einen anderen Weg.<\/p>\n<p>1966 wurde dieses Konzept eindrucksvoll best\u00e4tigt. Bei den 24 Stunden von Daytona holte Herrmann den Klassensieg. Noch spektakul\u00e4rer war der Auftritt bei der Targa Florio auf Sizilien: Auf engen, kurvenreichen Stra\u00dfen spielte der 906 seine Agilit\u00e4t aus und erreichte den Gesamtsieg gegen deutlich st\u00e4rkere Konkurrenz. Der Wagen war zudem ein Meilenstein in der Entwicklung: erstmals konsequent im Windkanal optimiert, mit einer extrem leichten Fiberglas-Karosserie. Vor diesem Fahrzeug zu stehen bedeutet, einen Wendepunkt der Rennsporttechnik zu sehen. Es ist der Moment, in dem Ingenieurskunst \u00fcber reine Kraft triumphiert.<\/p>\n<p><strong>Mehr als nur Fahrzeuge<\/strong><br \/>\nDie Ausstellung erg\u00e4nzt die beiden Fahrzeuge mit historischen Filmaufnahmen aus den 1950er- und 1960er-Jahren. Diese bewegten Bilder machen deutlich, unter welchen Bedingungen damals gefahren wurde. Enge Stra\u00dfen, kaum Absicherung, Zuschauer am Rand der Strecke \u2013 Motorsport war unmittelbarer, roher und n\u00e4her am Risiko. Gerade in Kombination mit den Originalfahrzeugen entsteht ein Eindruck, der weit \u00fcber technische Daten hinausgeht. Es ist ein Zugang zu einer Zeit, in der Fahrer wie Herrmann nicht nur Athleten, sondern Pioniere waren.<\/p>\n<p><strong>Ein pers\u00f6nlicher Abschied<\/strong><br \/>\nDass diese Ausstellung kurz nach dem Tod von Hans Herrmann im Januar 2026 stattfindet, verleiht ihr eine zus\u00e4tzliche Tiefe. Das letzte Gespr\u00e4ch unseres Redakteurs mit ihm wirkt im R\u00fcckblick fast wie ein leiser Abschied. Herrmann sprach nicht von Heldentaten. Er sprach von Teamarbeit, von Technik \u2013 und von Respekt vor dem, was damals auf der Strecke geschah. Das Portraitfoto von ihm aus dem Jahr 2017, das in der Ausstellung gezeigt wird, h\u00e4lt genau diesen Moment fest: keinen Mythos, sondern einen Menschen, der wusste, was er erlebt hat.<\/p>\n<blockquote><p>Die Sonderausstellung im MAC 2 Museum Art &#038; Cars ist keine reine Autoschau. Sie ist eine Begegnung mit Geschichte. Zwei Fahrzeuge, zwei Jahrzehnte, ein Fahrer \u2013 und ein St\u00fcck Motorsport, das sich nicht wiederholen l\u00e4sst. Wer sich f\u00fcr Rennsport interessiert, sollte diese Gelegenheit nutzen. Und wer glaubt, Motorsport bestehe nur aus Zahlen und Technik, wird hier eines Besseren belehrt. Denn am Ende geht es um Menschen. Und um Geschichten, die bleiben.<br \/>\nMK Schechler<\/p><\/blockquote>\n<p>Zum \u00f6ffnen dieser Foto-Galerie auf erstes Bild klicken<br \/>\nngg_shortcode_0_placeholder<\/p>\n<p>MAC Museum Art &#038; Cars<br \/>\nParkstra\u00dfe 1 + 5<br \/>\n78224 Singen<br \/>\nDeutschland<br \/>\n<a href=\"https:\/\/www.museum-art-cars.com\" target=\"_blank\">https:\/\/www.museum-art-cars.com<\/a><\/p>\n<p>\u00d6FFNUNGSZEITEN MUSEUM<br \/>\nittwoch \u2013 Samstag: 14:00 \u2013 18:00 Uhr<br \/>\nSonn- &#038; Feiertage: 11:00 \u2013 18:00 Uhr<br \/>\nMontag \u2013 Dienstag: Ruhetag<\/p>\n<p><strong>Fahrzeugdaten:<\/strong><br \/>\nMercedes Benz 300 SLR<br \/>\nBaujahr: 1955<br \/>\nMotor: 3,0 L Reihen- 8 Zylinder<br \/>\nLeistung: 310 PS<br \/>\nH\u00f6chstgeschwindigkeit: ca. 290 km\/h<br \/>\nGewicht: ca. 900kg<br \/>\nLeihgabe Mercedes-Benz Museum<\/p>\n<p>Porsche 906 Carrera 6<br \/>\nBaujahr: 1966<br \/>\nMotor: 6-Zylinder-Boxermotor<br \/>\nLeistung: 210 PS<br \/>\nH\u00f6chstgeschwindigkeit: ca. 280 km\/h<br \/>\nGewicht: 675 kg<br \/>\n0-100 km\/h in 4,8 sek<br \/>\nPrivate Leihgabe<\/p>\n<p>#hansherrmann #millemiglia #motorsportlegenden #macmuseumartandcars #classicracing<\/p>\n<a class=\"synved-social-button synved-social-button-share synved-social-size-48 synved-social-resolution-single synved-social-provider-facebook nolightbox\" data-provider=\"facebook\" target=\"_blank\" rel=\"nofollow\" title=\"Share on Facebook\" href=\"https:\/\/www.facebook.com\/sharer.php?u=http%3A%2F%2Fwww.schechler.com%2Fmk&#038;t=Hans%20Herrmann%21&#038;s=100&#038;p&#091;url&#093;=http%3A%2F%2Fwww.schechler.com%2Fmk&#038;p&#091;images&#093;&#091;0&#093;=http%3A%2F%2Fwww.schechler.com%2Fmk%2Fwp-content%2Fuploads%2F2026%2F04%2Fm_DS304956a_Radiant-1.jpg&#038;p&#091;title&#093;=Hans%20Herrmann%21\" style=\"font-size: 0px;width:48px;height:48px;margin:0;margin-bottom:5px;margin-right:5px\"><img loading=\"lazy\" decoding=\"async\" alt=\"Facebook\" title=\"Share on Facebook\" class=\"synved-share-image synved-social-image synved-social-image-share\" width=\"48\" height=\"48\" style=\"display: inline;width:48px;height:48px;margin: 0;padding: 0;border: none;box-shadow: none\" src=\"http:\/\/www.schechler.com\/mk\/wp-content\/plugins\/social-media-feather\/synved-social\/image\/social\/regular\/96x96\/facebook.png\" \/><\/a><a class=\"synved-social-button synved-social-button-share synved-social-size-48 synved-social-resolution-single synved-social-provider-twitter nolightbox\" data-provider=\"twitter\" target=\"_blank\" rel=\"nofollow\" title=\"Share on Twitter\" href=\"https:\/\/twitter.com\/intent\/tweet?url=http%3A%2F%2Fwww.schechler.com%2Fmk&#038;text=Dark%20Contrasts%20Photo%20Project.%20Hey%20check%20this%20out\" style=\"font-size: 0px;width:48px;height:48px;margin:0;margin-bottom:5px;margin-right:5px\"><img loading=\"lazy\" decoding=\"async\" alt=\"twitter\" title=\"Share on Twitter\" class=\"synved-share-image synved-social-image synved-social-image-share\" width=\"48\" height=\"48\" style=\"display: inline;width:48px;height:48px;margin: 0;padding: 0;border: none;box-shadow: none\" src=\"http:\/\/www.schechler.com\/mk\/wp-content\/plugins\/social-media-feather\/synved-social\/image\/social\/regular\/96x96\/twitter.png\" \/><\/a><a class=\"synved-social-button synved-social-button-share synved-social-size-48 synved-social-resolution-single synved-social-provider-pinterest nolightbox\" data-provider=\"pinterest\" target=\"_blank\" rel=\"nofollow\" title=\"Pin it with Pinterest\" href=\"https:\/\/pinterest.com\/pin\/create\/button\/?url=http%3A%2F%2Fwww.schechler.com%2Fmk&#038;media=http%3A%2F%2Fwww.schechler.com%2Fmk%2Fwp-content%2Fuploads%2F2026%2F04%2Fm_DS304956a_Radiant-1.jpg&#038;description=Hans%20Herrmann%21\" style=\"font-size: 0px;width:48px;height:48px;margin:0;margin-bottom:5px;margin-right:5px\"><img loading=\"lazy\" decoding=\"async\" alt=\"pinterest\" title=\"Pin it with Pinterest\" class=\"synved-share-image synved-social-image synved-social-image-share\" width=\"48\" height=\"48\" style=\"display: inline;width:48px;height:48px;margin: 0;padding: 0;border: none;box-shadow: none\" src=\"http:\/\/www.schechler.com\/mk\/wp-content\/plugins\/social-media-feather\/synved-social\/image\/social\/regular\/96x96\/pinterest.png\" \/><\/a><a class=\"synved-social-button synved-social-button-share synved-social-size-48 synved-social-resolution-single synved-social-provider-linkedin nolightbox\" data-provider=\"linkedin\" target=\"_blank\" rel=\"nofollow\" title=\"Share on Linkedin\" href=\"https:\/\/www.linkedin.com\/shareArticle?mini=true&#038;url=http%3A%2F%2Fwww.schechler.com%2Fmk&#038;title=Hans%20Herrmann%21\" style=\"font-size: 0px;width:48px;height:48px;margin:0;margin-bottom:5px;margin-right:5px\"><img loading=\"lazy\" decoding=\"async\" alt=\"linkedin\" title=\"Share on Linkedin\" class=\"synved-share-image synved-social-image synved-social-image-share\" width=\"48\" height=\"48\" style=\"display: inline;width:48px;height:48px;margin: 0;padding: 0;border: none;box-shadow: none\" src=\"http:\/\/www.schechler.com\/mk\/wp-content\/plugins\/social-media-feather\/synved-social\/image\/social\/regular\/96x96\/linkedin.png\" \/><\/a><a class=\"synved-social-button synved-social-button-share synved-social-size-48 synved-social-resolution-single synved-social-provider-mail nolightbox\" data-provider=\"mail\" rel=\"nofollow\" title=\"Share by email\" href=\"mailto:?subject=Hans%20Herrmann%21&#038;body=Dark%20Contrasts%20Photo%20Project.%20Hey%20check%20this%20out:%20http%3A%2F%2Fwww.schechler.com%2Fmk\" style=\"font-size: 0px;width:48px;height:48px;margin:0;margin-bottom:5px\"><img loading=\"lazy\" decoding=\"async\" alt=\"mail\" title=\"Share by email\" class=\"synved-share-image synved-social-image synved-social-image-share\" width=\"48\" height=\"48\" style=\"display: inline;width:48px;height:48px;margin: 0;padding: 0;border: none;box-shadow: none\" src=\"http:\/\/www.schechler.com\/mk\/wp-content\/plugins\/social-media-feather\/synved-social\/image\/social\/regular\/96x96\/mail.png\" \/><\/a>","protected":false},"excerpt":{"rendered":"<p>Motorsportlegenden \u2013 in Erinnerung an Hans Herrmann Sonderausstellung im MAC 2 Museum Art &#038; Cars | 21.03.2026 \u2013 31.05.2026 Es ist eine Ausstellung, die mehr ist als ein R\u00fcckblick. Sie ist ein stilles Erinnern an einen Mann, der den Motorsport \u00fcber Jahrzehnte gepr\u00e4gt hat. Im MAC 2 Museum Art &#038; Cars widmet sich die Sonderausstellung [&hellip;]<\/p>\n","protected":false},"author":1,"featured_media":20222,"comment_status":"closed","ping_status":"closed","sticky":false,"template":"","format":"image","meta":{"ngg_post_thumbnail":0,"footnotes":""},"categories":[1],"tags":[],"class_list":["post-20168","post","type-post","status-publish","format-image","has-post-thumbnail","hentry","category-allgemein","post_format-post-format-image"],"_links":{"self":[{"href":"http:\/\/www.schechler.com\/mk\/wp-json\/wp\/v2\/posts\/20168","targetHints":{"allow":["GET"]}}],"collection":[{"href":"http:\/\/www.schechler.com\/mk\/wp-json\/wp\/v2\/posts"}],"about":[{"href":"http:\/\/www.schechler.com\/mk\/wp-json\/wp\/v2\/types\/post"}],"author":[{"embeddable":true,"href":"http:\/\/www.schechler.com\/mk\/wp-json\/wp\/v2\/users\/1"}],"replies":[{"embeddable":true,"href":"http:\/\/www.schechler.com\/mk\/wp-json\/wp\/v2\/comments?post=20168"}],"version-history":[{"count":7,"href":"http:\/\/www.schechler.com\/mk\/wp-json\/wp\/v2\/posts\/20168\/revisions"}],"predecessor-version":[{"id":20227,"href":"http:\/\/www.schechler.com\/mk\/wp-json\/wp\/v2\/posts\/20168\/revisions\/20227"}],"wp:featuredmedia":[{"embeddable":true,"href":"http:\/\/www.schechler.com\/mk\/wp-json\/wp\/v2\/media\/20222"}],"wp:attachment":[{"href":"http:\/\/www.schechler.com\/mk\/wp-json\/wp\/v2\/media?parent=20168"}],"wp:term":[{"taxonomy":"category","embeddable":true,"href":"http:\/\/www.schechler.com\/mk\/wp-json\/wp\/v2\/categories?post=20168"},{"taxonomy":"post_tag","embeddable":true,"href":"http:\/\/www.schechler.com\/mk\/wp-json\/wp\/v2\/tags?post=20168"}],"curies":[{"name":"wp","href":"https:\/\/api.w.org\/{rel}","templated":true}]}}