{"id":19382,"date":"2026-03-07T22:10:45","date_gmt":"2026-03-07T21:10:45","guid":{"rendered":"http:\/\/www.schechler.com\/mk\/?p=19382"},"modified":"2026-04-11T19:38:29","modified_gmt":"2026-04-11T17:38:29","slug":"musikparade","status":"publish","type":"post","link":"http:\/\/www.schechler.com\/mk\/2026\/03\/07\/musikparade\/","title":{"rendered":"Musikparade!"},"content":{"rendered":"<p>400 Musiker bringen die Porsche-Arena zum Klingen: Musikparade begeistert in Stuttgart<\/p>\n<p><strong>Dudels\u00e4cke, Trommelwirbel und ein imposanter Klangk\u00f6rper aus Hunderten von Musikern: Die Internationale Musikparade hat am Samstag die Porsche-Arena in Stuttgart in eine gro\u00dfe B\u00fchne f\u00fcr Blasmusik, Marchingbands und Showelemente verwandelt. Zwei nahezu dreist\u00fcndige Konzerte lockten zahlreiche Besucher an und boten ein eindrucksvolles musikalisches Spektakel mit Formationen aus ganz Europa.<\/strong><\/p>\n<p>Rund 400 Musiker aus sieben Nationen standen gemeinsam auf der B\u00fchne und sorgten f\u00fcr ein Programm, das von traditionellen M\u00e4rschen bis zu modernen Medleys reichte. Klassische St\u00fccke trafen auf Swing, Rock und Pop, begleitet von aufwendigen Choreografien und Tanzformationen. Moderiert wurde der Nachmittag und Abend von Bj\u00f6rn Gehrmann, der vielen Stuttgartern auch als Moderator des Weltweihnachtscircus bekannt ist und das Publikum mit lockerer Art durch das abwechslungsreiche Programm f\u00fchrte.<\/p>\n<p>Den Auftakt machten klanggewaltige Orchester, die eindrucksvoll zeigten, wie vielf\u00e4ltig die internationale Milit\u00e4r- und Blasmusikszene ist. Zu den Teilnehmern geh\u00f6rte das Repr\u00e4sentationsorchester der Gardisten aus Bulgarien, das mit pr\u00e4ziser Marschmusik und eindrucksvoller Formation \u00fcberzeugte. Aus Deutschland waren unter anderem das Musikcorps Ufhausen und die Formation Fascinating Drums angereist, die mit rhythmischer Pr\u00e4zision und energiegeladenen Percussion-Einlagen f\u00fcr Stimmung sorgten. Internationale Klangfarben brachten auch die Trachtenkapelle Irschen aus \u00d6sterreich sowie Pipes-and-Drums-Ensembles aus Schottland und Irland auf die B\u00fchne. Besonders bei den kraftvollen Dudelsackmelodien und den markanten Trommelschl\u00e4gen wurde die Arena immer wieder zum Mitklatschen und Mitfiebern animiert.<\/p>\n<div id=\"attachment_19385\" style=\"width: 1090px\" class=\"wp-caption aligncenter\"><img loading=\"lazy\" decoding=\"async\" aria-describedby=\"caption-attachment-19385\" src=\"http:\/\/www.schechler.com\/mk\/wp-content\/uploads\/2026\/03\/DS302077_Radiant.jpg\" alt=\"\" width=\"1080\" height=\"722\" class=\"size-full wp-image-19385\" srcset=\"http:\/\/www.schechler.com\/mk\/wp-content\/uploads\/2026\/03\/DS302077_Radiant.jpg 1080w, http:\/\/www.schechler.com\/mk\/wp-content\/uploads\/2026\/03\/DS302077_Radiant-300x201.jpg 300w, http:\/\/www.schechler.com\/mk\/wp-content\/uploads\/2026\/03\/DS302077_Radiant-1024x685.jpg 1024w, http:\/\/www.schechler.com\/mk\/wp-content\/uploads\/2026\/03\/DS302077_Radiant-768x513.jpg 768w, http:\/\/www.schechler.com\/mk\/wp-content\/uploads\/2026\/03\/DS302077_Radiant-250x167.jpg 250w\" sizes=\"auto, (max-width: 1080px) 100vw, 1080px\" \/><p id=\"caption-attachment-19385\" class=\"wp-caption-text\">Trachtenkapelle Irschen aus \u00d6sterreich<\/p><\/div>\n<p>F\u00fcr einen der au\u00dfergew\u00f6hnlichsten Momente des Abends sorgte die Bicycle Showband Crescendo aus den Niederlanden. W\u00e4hrend die Musiker ihre Instrumente spielten, bewegten sie sich gleichzeitig auf Fahrr\u00e4dern \u00fcber die B\u00fchne und verbanden Musik, Choreografie und akrobatische Elemente zu einer ebenso \u00fcberraschenden wie unterhaltsamen Darbietung. Auch junge Stimmen fanden ihren Platz im Programm: Der erst 15-j\u00e4hrige S\u00e4nger Daryan Mirani, Finalist der TV-Show \u201eThe Voice Kids\u201c 2025 aus dem Team von Clueso, \u00fcberzeugte mit seiner B\u00fchnenpr\u00e4senz und wurde vom Publikum mit viel Applaus bedacht.<\/p>\n<p>Ein weiterer bewegender Beitrag kam vom Milit\u00e4rorchester des Verteidigungsministeriums der Ukraine, das mit seinem Auftritt eindrucksvoll zeigte, wie Musik \u00fcber L\u00e4ndergrenzen hinweg verbindet. Die musikalische Gesamtleitung der Show lag bei Dirigent Joey van Loveren, der die zahlreichen Formationen koordinierte und dem Abend eine klare musikalische Linie gab. Zwischen den Orchestern sorgte das internationale Dance-Team \u201eMoldost\u201c mit dynamischen Choreografien f\u00fcr zus\u00e4tzliche Bewegung auf der B\u00fchne und verband die einzelnen Programmpunkte zu einer abwechslungsreichen Show.<\/p>\n<p>Zum gro\u00dfen Finale versammelten sich schlie\u00dflich alle Mitwirkenden noch einmal gemeinsam auf der B\u00fchne. Beim traditionellen \u201eMusikfest der Nationen\u201c verschmolzen die unterschiedlichen Klangfarben der Orchester zu einem eindrucksvollen Gesamtbild. Unter dem begeisterten Applaus des Publikums verabschiedeten sich die Musiker mit den bekanntesten Melodien des Abends.<\/p>\n<p><strong>Unsere Redaktion war vor Ort und hat einige Eindr\u00fccke der spektakul\u00e4ren Show in Bildern festgehalten. Die Musikparade zeigte einmal mehr, wie kraftvoll und verbindend Musik sein kann, wenn Musiker aus verschiedenen L\u00e4ndern gemeinsam auf einer B\u00fchne stehen.<\/strong><br \/>\nMK Schechler<\/p>\n<p>Zum \u00f6ffnen dieser Foto-Galerie auf erstes Bild klicken<br \/>\nngg_shortcode_0_placeholder<\/p>\n<p>Musikparade 2026 &#8211; Europas gr\u00f6\u00dfte Tournee der Milit\u00e4r &#8211; und Blasmusik<br \/>\n07.03.2026<br \/>\nPorsche-Arena Stuttgart<\/p>\n<p><strong>Das Programm<\/strong><br \/>\nGarde-Repr\u00e4sentationsorchester der Bulgarischen Armee aus Bulgarien<br \/>\nFascinating Drums und Musikcorps Ufhausen aus Deutschland<br \/>\nBicycle Showband Crescendo aus Holland<br \/>\nTrachtenkapelle Irschen aus \u00d6sterreich<br \/>\nDutch Pipes &#038; Drums aus Schottland &#038; Irland<br \/>\nMilit\u00e4rorchester des Verteidigungsministeriums der Ukraine<\/p>\n<p>#Musikparade2026 #Stuttgart #PorscheArena #Blasmusik #Marchingbands<\/p>\n<a class=\"synved-social-button synved-social-button-share synved-social-size-48 synved-social-resolution-single synved-social-provider-facebook nolightbox\" data-provider=\"facebook\" target=\"_blank\" rel=\"nofollow\" title=\"Share on Facebook\" href=\"https:\/\/www.facebook.com\/sharer.php?u=http%3A%2F%2Fwww.schechler.com%2Fmk&#038;t=Musikparade%21&#038;s=100&#038;p&#091;url&#093;=http%3A%2F%2Fwww.schechler.com%2Fmk&#038;p&#091;images&#093;&#091;0&#093;=http%3A%2F%2Fwww.schechler.com%2Fmk%2Fwp-content%2Fuploads%2F2026%2F03%2FDS302157_Radiant.jpg&#038;p&#091;title&#093;=Musikparade%21\" style=\"font-size: 0px;width:48px;height:48px;margin:0;margin-bottom:5px;margin-right:5px\"><img loading=\"lazy\" decoding=\"async\" alt=\"Facebook\" title=\"Share on Facebook\" class=\"synved-share-image synved-social-image synved-social-image-share\" width=\"48\" height=\"48\" style=\"display: inline;width:48px;height:48px;margin: 0;padding: 0;border: none;box-shadow: none\" src=\"http:\/\/www.schechler.com\/mk\/wp-content\/plugins\/social-media-feather\/synved-social\/image\/social\/regular\/96x96\/facebook.png\" \/><\/a><a class=\"synved-social-button synved-social-button-share synved-social-size-48 synved-social-resolution-single synved-social-provider-twitter nolightbox\" data-provider=\"twitter\" target=\"_blank\" rel=\"nofollow\" title=\"Share on Twitter\" href=\"https:\/\/twitter.com\/intent\/tweet?url=http%3A%2F%2Fwww.schechler.com%2Fmk&#038;text=Dark%20Contrasts%20Photo%20Project.%20Hey%20check%20this%20out\" style=\"font-size: 0px;width:48px;height:48px;margin:0;margin-bottom:5px;margin-right:5px\"><img loading=\"lazy\" decoding=\"async\" alt=\"twitter\" title=\"Share on Twitter\" class=\"synved-share-image synved-social-image synved-social-image-share\" width=\"48\" height=\"48\" style=\"display: inline;width:48px;height:48px;margin: 0;padding: 0;border: none;box-shadow: none\" src=\"http:\/\/www.schechler.com\/mk\/wp-content\/plugins\/social-media-feather\/synved-social\/image\/social\/regular\/96x96\/twitter.png\" \/><\/a><a class=\"synved-social-button synved-social-button-share synved-social-size-48 synved-social-resolution-single synved-social-provider-pinterest nolightbox\" data-provider=\"pinterest\" target=\"_blank\" rel=\"nofollow\" title=\"Pin it with Pinterest\" href=\"https:\/\/pinterest.com\/pin\/create\/button\/?url=http%3A%2F%2Fwww.schechler.com%2Fmk&#038;media=http%3A%2F%2Fwww.schechler.com%2Fmk%2Fwp-content%2Fuploads%2F2026%2F03%2FDS302157_Radiant.jpg&#038;description=Musikparade%21\" style=\"font-size: 0px;width:48px;height:48px;margin:0;margin-bottom:5px;margin-right:5px\"><img loading=\"lazy\" decoding=\"async\" alt=\"pinterest\" title=\"Pin it with Pinterest\" class=\"synved-share-image synved-social-image synved-social-image-share\" width=\"48\" height=\"48\" style=\"display: inline;width:48px;height:48px;margin: 0;padding: 0;border: none;box-shadow: none\" src=\"http:\/\/www.schechler.com\/mk\/wp-content\/plugins\/social-media-feather\/synved-social\/image\/social\/regular\/96x96\/pinterest.png\" \/><\/a><a class=\"synved-social-button synved-social-button-share synved-social-size-48 synved-social-resolution-single synved-social-provider-linkedin nolightbox\" data-provider=\"linkedin\" target=\"_blank\" rel=\"nofollow\" title=\"Share on Linkedin\" href=\"https:\/\/www.linkedin.com\/shareArticle?mini=true&#038;url=http%3A%2F%2Fwww.schechler.com%2Fmk&#038;title=Musikparade%21\" style=\"font-size: 0px;width:48px;height:48px;margin:0;margin-bottom:5px;margin-right:5px\"><img loading=\"lazy\" decoding=\"async\" alt=\"linkedin\" title=\"Share on Linkedin\" class=\"synved-share-image synved-social-image synved-social-image-share\" width=\"48\" height=\"48\" style=\"display: inline;width:48px;height:48px;margin: 0;padding: 0;border: none;box-shadow: none\" src=\"http:\/\/www.schechler.com\/mk\/wp-content\/plugins\/social-media-feather\/synved-social\/image\/social\/regular\/96x96\/linkedin.png\" \/><\/a><a class=\"synved-social-button synved-social-button-share synved-social-size-48 synved-social-resolution-single synved-social-provider-mail nolightbox\" data-provider=\"mail\" rel=\"nofollow\" title=\"Share by email\" href=\"mailto:?subject=Musikparade%21&#038;body=Dark%20Contrasts%20Photo%20Project.%20Hey%20check%20this%20out:%20http%3A%2F%2Fwww.schechler.com%2Fmk\" style=\"font-size: 0px;width:48px;height:48px;margin:0;margin-bottom:5px\"><img loading=\"lazy\" decoding=\"async\" alt=\"mail\" title=\"Share by email\" class=\"synved-share-image synved-social-image synved-social-image-share\" width=\"48\" height=\"48\" style=\"display: inline;width:48px;height:48px;margin: 0;padding: 0;border: none;box-shadow: none\" src=\"http:\/\/www.schechler.com\/mk\/wp-content\/plugins\/social-media-feather\/synved-social\/image\/social\/regular\/96x96\/mail.png\" \/><\/a>","protected":false},"excerpt":{"rendered":"<p>400 Musiker bringen die Porsche-Arena zum Klingen: Musikparade begeistert in Stuttgart Dudels\u00e4cke, Trommelwirbel und ein imposanter Klangk\u00f6rper aus Hunderten von Musikern: Die Internationale Musikparade hat am Samstag die Porsche-Arena in Stuttgart in eine gro\u00dfe B\u00fchne f\u00fcr Blasmusik, Marchingbands und Showelemente verwandelt. Zwei nahezu dreist\u00fcndige Konzerte lockten zahlreiche Besucher an und boten ein eindrucksvolles musikalisches Spektakel [&hellip;]<\/p>\n","protected":false},"author":1,"featured_media":19384,"comment_status":"closed","ping_status":"closed","sticky":false,"template":"","format":"image","meta":{"ngg_post_thumbnail":0,"footnotes":""},"categories":[1],"tags":[],"class_list":["post-19382","post","type-post","status-publish","format-image","has-post-thumbnail","hentry","category-allgemein","post_format-post-format-image"],"_links":{"self":[{"href":"http:\/\/www.schechler.com\/mk\/wp-json\/wp\/v2\/posts\/19382","targetHints":{"allow":["GET"]}}],"collection":[{"href":"http:\/\/www.schechler.com\/mk\/wp-json\/wp\/v2\/posts"}],"about":[{"href":"http:\/\/www.schechler.com\/mk\/wp-json\/wp\/v2\/types\/post"}],"author":[{"embeddable":true,"href":"http:\/\/www.schechler.com\/mk\/wp-json\/wp\/v2\/users\/1"}],"replies":[{"embeddable":true,"href":"http:\/\/www.schechler.com\/mk\/wp-json\/wp\/v2\/comments?post=19382"}],"version-history":[{"count":2,"href":"http:\/\/www.schechler.com\/mk\/wp-json\/wp\/v2\/posts\/19382\/revisions"}],"predecessor-version":[{"id":19969,"href":"http:\/\/www.schechler.com\/mk\/wp-json\/wp\/v2\/posts\/19382\/revisions\/19969"}],"wp:featuredmedia":[{"embeddable":true,"href":"http:\/\/www.schechler.com\/mk\/wp-json\/wp\/v2\/media\/19384"}],"wp:attachment":[{"href":"http:\/\/www.schechler.com\/mk\/wp-json\/wp\/v2\/media?parent=19382"}],"wp:term":[{"taxonomy":"category","embeddable":true,"href":"http:\/\/www.schechler.com\/mk\/wp-json\/wp\/v2\/categories?post=19382"},{"taxonomy":"post_tag","embeddable":true,"href":"http:\/\/www.schechler.com\/mk\/wp-json\/wp\/v2\/tags?post=19382"}],"curies":[{"name":"wp","href":"https:\/\/api.w.org\/{rel}","templated":true}]}}