{"id":19335,"date":"2026-02-28T22:10:26","date_gmt":"2026-02-28T21:10:26","guid":{"rendered":"http:\/\/www.schechler.com\/mk\/?p=19335"},"modified":"2026-04-11T19:38:14","modified_gmt":"2026-04-11T17:38:14","slug":"vogue","status":"publish","type":"post","link":"http:\/\/www.schechler.com\/mk\/2026\/02\/28\/vogue\/","title":{"rendered":"Vogue!"},"content":{"rendered":"<p>145 Jahre Breuninger: \u201eVOGUE loves Breuninger\u201c macht Stuttgart zur Modeb\u00fchne<\/p>\n<p><strong>Gro\u00dfer Andrang, gespannte Erwartung und ein Hauch von internationalem Flair: Mit dem Event \u201eVOGUE loves Breuninger\u201c hat die E. Breuninger GmbH &#038; Co. ihr 145-j\u00e4hriges Bestehen am Standort Stuttgart gefeiert \u2013 und den Auftakt ins Jubil\u00e4umsjahr eindrucksvoll gestaltet. Gemeinsam mit Exklusivpartner VOGUE Germany wurde der Flagship Store in der Stuttgarter Innenstadt zur B\u00fchne f\u00fcr Mode, Beauty und Begegnung. Unsere Redaktion war vor Ort und hat die besondere Atmosph\u00e4re in Bildern festgehalten.<\/strong><\/p>\n<p>Schon beim Betreten des Hauses war sp\u00fcrbar, dass dieser Tag mehr sein sollte als ein klassisches Shopping-Event. In der Kuppel der Karlspassage zog ein schwebender Laufsteg alle Blicke auf sich. Von den verschiedenen Etagen aus verfolgten Besucherinnen und Besucher die Inszenierungen, die den Raum in eine eindrucksvolle Modekulisse verwandelten. Labels wie adidas Originals, Luisa Cerano und Weekend Max Mara pr\u00e4sentierten ihre aktuellen Kollektionen. Erg\u00e4nzt wurde das Programm durch zwei hauseigene Fashion Shows, die aktuelle Trends und ausgew\u00e4hlte Highlights aus dem Sortiment zeigten.<\/p>\n<div id=\"attachment_19337\" style=\"width: 1090px\" class=\"wp-caption aligncenter\"><img loading=\"lazy\" decoding=\"async\" aria-describedby=\"caption-attachment-19337\" src=\"http:\/\/www.schechler.com\/mk\/wp-content\/uploads\/2026\/03\/0_2026-03-002.jpg\" alt=\"\" width=\"1080\" height=\"726\" class=\"size-full wp-image-19337\" srcset=\"http:\/\/www.schechler.com\/mk\/wp-content\/uploads\/2026\/03\/0_2026-03-002.jpg 1080w, http:\/\/www.schechler.com\/mk\/wp-content\/uploads\/2026\/03\/0_2026-03-002-300x202.jpg 300w, http:\/\/www.schechler.com\/mk\/wp-content\/uploads\/2026\/03\/0_2026-03-002-1024x688.jpg 1024w, http:\/\/www.schechler.com\/mk\/wp-content\/uploads\/2026\/03\/0_2026-03-002-768x516.jpg 768w, http:\/\/www.schechler.com\/mk\/wp-content\/uploads\/2026\/03\/0_2026-03-002-250x168.jpg 250w\" sizes=\"auto, (max-width: 1080px) 100vw, 1080px\" \/><p id=\"caption-attachment-19337\" class=\"wp-caption-text\">Kollektionspr\u00e4sentation Luisa Cerano<\/p><\/div>\n<p>Neben den Laufstegmomenten bot das Event Raum f\u00fcr inhaltliche Impulse. In einem Beauty-Talk sprach Philipp Wehsack, Beauty Features Director von VOGUE Germany, gemeinsam mit Dermatologin Dr. Emi Arpa, Gr\u00fcnderin von DR. EMI ARPA SKIN, \u00fcber neue Entwicklungen in der Hautpflege und den Wandel im Beauty-Verst\u00e4ndnis. Sp\u00e4ter diskutierten Kerstin Weng, Head of Editorial Content VOGUE Germany, Schauspielerin und Musical-Darstellerin Florence Kasumba sowie die Designerinnen Laura de Sousa und Anna Heinrichs vom Label HORROR VACUI \u00fcber kreative Prozesse, Inspiration und den Mut zur eigenen Handschrift. Charmant und souver\u00e4n f\u00fchrte Moderatorin Rabea Schif durch das abwechslungsreiche Programm.<\/p>\n<p>Ein weiterer H\u00f6hepunkt war die Pr\u00e4sentation der limitierten \u201eVOGUE Collection Designer Capsule\u201c. Rund 300 Unikate, entworfen von HORROR VACUI, Isis-Maria Niedecken und Laura de Sousa, sind exklusiv im Stuttgarter Flagship Store sowie online erh\u00e4ltlich. Die St\u00fccke verbinden handwerkliche Qualit\u00e4t mit einem klaren gestalterischen Anspruch und unterstreichen den besonderen Anlass des Jubil\u00e4ums.<\/p>\n<p>Dass das Event bei den G\u00e4sten auf gro\u00dfe Resonanz stie\u00df, war im gesamten Haus sp\u00fcrbar. Viele langj\u00e4hrige Kundinnen und Kunden nutzten die Gelegenheit, das Jubil\u00e4um mitzufeiern. Ein emotionaler Moment war das feierliche Anschneiden der Jubil\u00e4umstorte, die anschlie\u00dfend an die Besucherinnen und Besucher verteilt wurde. F\u00fcr Joachim Aisenbrey, Gesch\u00e4ftsf\u00fchrer des Flagship Stores Stuttgart, ein Zeichen daf\u00fcr, wie stark Breuninger als Ort der Inspiration und Begegnung wahrgenommen wird.<\/p>\n<p>Der Tag klang in den hauseigenen Gastronomien entspannt aus und setzte zugleich den Startpunkt f\u00fcr ein Jubil\u00e4umsjahr, das am Standort Stuttgart und dar\u00fcber hinaus mit weiteren Aktionen begleitet werden soll. \u201eVOGUE loves Breuninger\u201c hat gezeigt, wie Tradition und Zeitgeist zusammenfinden k\u00f6nnen \u2013 mitten in Stuttgart und mitten im Geschehen.<br \/>\nMK Schechler<\/p>\n<p>Zum \u00f6ffnen dieser Foto-Galerie auf erstes Bild klicken<br \/>\nngg_shortcode_0_placeholder<\/p>\n<p><strong>145 Jahre Breuninger in Stuttgart &#x1f389;<\/strong><br \/>\nMit \u201eVOGUE loves Breuninger\u201c hat das E. Breuninger GmbH &#038; Co. Jubil\u00e4umsjahr stilvoll er\u00f6ffnet. Im Flagship Store Stuttgart erwartete die G\u00e4ste ein Tag voller Fashion Shows, Beauty Talks und Live-Musik \u2013 exklusiv in Kooperation mit VOGUE Germany. Highlight war der spektakul\u00e4re, schwebende Laufsteg in der Karlspassage. Brands wie adidas Originals, Luisa Cerano und Weekend Max Mara pr\u00e4sentierten ihre aktuellen Kollektionen. Dazu inspirierende Talks mit spannenden Pers\u00f6nlichkeiten aus Mode und Beauty.<\/p>\n<p>Ein besonderes Jubil\u00e4ums-Statement: die limitierte \u201eVOGUE Collection Designer Capsule\u201c mit rund 300 exklusiven Unikaten \u2013 nur in Stuttgart und online erh\u00e4ltlich.<\/p>\n<p>Ein Tag voller Begegnungen, Inspiration und Mode. Stuttgart hat gefeiert \u2013 und wie.<\/p>\n<p><strong>Der detaillierte Zeitplan des Jubil\u00e4umstags: \u201eVOGUE loves Breuninger\u201c auf einen Blick<\/strong><br \/>\n10.00 Uhr Opening durch Joachim Aisenbrey, Gesch\u00e4ftsf\u00fchrer Flagship Store Stuttgart<br \/>\n11.00 \u2013 11.15 Uhr Breuninger Fashion Show<br \/>\n12.15 \u2013 12.30 Uhr Beauty Talk mit Philipp Wehsack, Beauty Features Director Vogue Germany sowie Dr. Emi Arpa. Fach\u00e4rztin f\u00fcr Dermatologie und Gr\u00fcnderin von DR. EMI ARPA SKIN<br \/>\n13.00 \u2013 13.15 Uhr Weekend Max Mara Fashion Show<br \/>\n13.15 \u2013 13.30 Uhr Fashion Talk mit Kerstin Weng, Head of Editorial Content Vogue Germany sowie Florence Kasumba, Schauspielerin und Musical-Darstellerin und den beiden Fashion-Designerinnen Laura de Sousa und Anna Heinrichs (HORROR VACUI)<br \/>\n14.30 Uhr Offizielle Begr\u00fc\u00dfung durch Holger Blecker, Chief ExecutiveOfficer von Breuninger<br \/>\n15.00 \u2013 15.15 Uhr Breuninger Fashion Show<br \/>\n15.15 \u2013 15.45 Uhr Music Act I (Max Merseny)<br \/>\n17.00 \u2013 17.15 Uhr Luisa Cerano Fashion Show<br \/>\n17.15 \u2013 17.45 Uhr Music Act II (Max Merseny)<br \/>\n19.00 \u2013 19.15 Uhr Adidas Original Fashion Show<br \/>\n19.15 \u2013 20.00 Uhr Music Act III (Max Merseny)<br \/>\nAusklang in den Breuninger Gastronomien<\/p>\n<p>#Breuninger #145JahreBreuninger #VOGUElovesBreuninger #Stuttgart #FashionEvent #LuxuryRetail #VOGUEGermany #FashionInspiration #Jubil\u00e4um <\/p>\n<a class=\"synved-social-button synved-social-button-share synved-social-size-48 synved-social-resolution-single synved-social-provider-facebook nolightbox\" data-provider=\"facebook\" target=\"_blank\" rel=\"nofollow\" title=\"Share on Facebook\" href=\"https:\/\/www.facebook.com\/sharer.php?u=http%3A%2F%2Fwww.schechler.com%2Fmk&#038;t=Vogue%21&#038;s=100&#038;p&#091;url&#093;=http%3A%2F%2Fwww.schechler.com%2Fmk&#038;p&#091;images&#093;&#091;0&#093;=http%3A%2F%2Fwww.schechler.com%2Fmk%2Fwp-content%2Fuploads%2F2026%2F03%2F00_2026-03-01-16.03.23.jpg&#038;p&#091;title&#093;=Vogue%21\" style=\"font-size: 0px;width:48px;height:48px;margin:0;margin-bottom:5px;margin-right:5px\"><img loading=\"lazy\" decoding=\"async\" alt=\"Facebook\" title=\"Share on Facebook\" class=\"synved-share-image synved-social-image synved-social-image-share\" width=\"48\" height=\"48\" style=\"display: inline;width:48px;height:48px;margin: 0;padding: 0;border: none;box-shadow: none\" src=\"http:\/\/www.schechler.com\/mk\/wp-content\/plugins\/social-media-feather\/synved-social\/image\/social\/regular\/96x96\/facebook.png\" \/><\/a><a class=\"synved-social-button synved-social-button-share synved-social-size-48 synved-social-resolution-single synved-social-provider-twitter nolightbox\" data-provider=\"twitter\" target=\"_blank\" rel=\"nofollow\" title=\"Share on Twitter\" href=\"https:\/\/twitter.com\/intent\/tweet?url=http%3A%2F%2Fwww.schechler.com%2Fmk&#038;text=Dark%20Contrasts%20Photo%20Project.%20Hey%20check%20this%20out\" style=\"font-size: 0px;width:48px;height:48px;margin:0;margin-bottom:5px;margin-right:5px\"><img loading=\"lazy\" decoding=\"async\" alt=\"twitter\" title=\"Share on Twitter\" class=\"synved-share-image synved-social-image synved-social-image-share\" width=\"48\" height=\"48\" style=\"display: inline;width:48px;height:48px;margin: 0;padding: 0;border: none;box-shadow: none\" src=\"http:\/\/www.schechler.com\/mk\/wp-content\/plugins\/social-media-feather\/synved-social\/image\/social\/regular\/96x96\/twitter.png\" \/><\/a><a class=\"synved-social-button synved-social-button-share synved-social-size-48 synved-social-resolution-single synved-social-provider-pinterest nolightbox\" data-provider=\"pinterest\" target=\"_blank\" rel=\"nofollow\" title=\"Pin it with Pinterest\" href=\"https:\/\/pinterest.com\/pin\/create\/button\/?url=http%3A%2F%2Fwww.schechler.com%2Fmk&#038;media=http%3A%2F%2Fwww.schechler.com%2Fmk%2Fwp-content%2Fuploads%2F2026%2F03%2F00_2026-03-01-16.03.23.jpg&#038;description=Vogue%21\" style=\"font-size: 0px;width:48px;height:48px;margin:0;margin-bottom:5px;margin-right:5px\"><img loading=\"lazy\" decoding=\"async\" alt=\"pinterest\" title=\"Pin it with Pinterest\" class=\"synved-share-image synved-social-image synved-social-image-share\" width=\"48\" height=\"48\" style=\"display: inline;width:48px;height:48px;margin: 0;padding: 0;border: none;box-shadow: none\" src=\"http:\/\/www.schechler.com\/mk\/wp-content\/plugins\/social-media-feather\/synved-social\/image\/social\/regular\/96x96\/pinterest.png\" \/><\/a><a class=\"synved-social-button synved-social-button-share synved-social-size-48 synved-social-resolution-single synved-social-provider-linkedin nolightbox\" data-provider=\"linkedin\" target=\"_blank\" rel=\"nofollow\" title=\"Share on Linkedin\" href=\"https:\/\/www.linkedin.com\/shareArticle?mini=true&#038;url=http%3A%2F%2Fwww.schechler.com%2Fmk&#038;title=Vogue%21\" style=\"font-size: 0px;width:48px;height:48px;margin:0;margin-bottom:5px;margin-right:5px\"><img loading=\"lazy\" decoding=\"async\" alt=\"linkedin\" title=\"Share on Linkedin\" class=\"synved-share-image synved-social-image synved-social-image-share\" width=\"48\" height=\"48\" style=\"display: inline;width:48px;height:48px;margin: 0;padding: 0;border: none;box-shadow: none\" src=\"http:\/\/www.schechler.com\/mk\/wp-content\/plugins\/social-media-feather\/synved-social\/image\/social\/regular\/96x96\/linkedin.png\" \/><\/a><a class=\"synved-social-button synved-social-button-share synved-social-size-48 synved-social-resolution-single synved-social-provider-mail nolightbox\" data-provider=\"mail\" rel=\"nofollow\" title=\"Share by email\" href=\"mailto:?subject=Vogue%21&#038;body=Dark%20Contrasts%20Photo%20Project.%20Hey%20check%20this%20out:%20http%3A%2F%2Fwww.schechler.com%2Fmk\" style=\"font-size: 0px;width:48px;height:48px;margin:0;margin-bottom:5px\"><img loading=\"lazy\" decoding=\"async\" alt=\"mail\" title=\"Share by email\" class=\"synved-share-image synved-social-image synved-social-image-share\" width=\"48\" height=\"48\" style=\"display: inline;width:48px;height:48px;margin: 0;padding: 0;border: none;box-shadow: none\" src=\"http:\/\/www.schechler.com\/mk\/wp-content\/plugins\/social-media-feather\/synved-social\/image\/social\/regular\/96x96\/mail.png\" \/><\/a>","protected":false},"excerpt":{"rendered":"<p>145 Jahre Breuninger: \u201eVOGUE loves Breuninger\u201c macht Stuttgart zur Modeb\u00fchne Gro\u00dfer Andrang, gespannte Erwartung und ein Hauch von internationalem Flair: Mit dem Event \u201eVOGUE loves Breuninger\u201c hat die E. Breuninger GmbH &#038; Co. ihr 145-j\u00e4hriges Bestehen am Standort Stuttgart gefeiert \u2013 und den Auftakt ins Jubil\u00e4umsjahr eindrucksvoll gestaltet. Gemeinsam mit Exklusivpartner VOGUE Germany wurde der [&hellip;]<\/p>\n","protected":false},"author":1,"featured_media":19336,"comment_status":"closed","ping_status":"closed","sticky":false,"template":"","format":"image","meta":{"ngg_post_thumbnail":0,"footnotes":""},"categories":[1],"tags":[8,4],"class_list":["post-19335","post","type-post","status-publish","format-image","has-post-thumbnail","hentry","category-allgemein","tag-mixed","tag-people","post_format-post-format-image"],"_links":{"self":[{"href":"http:\/\/www.schechler.com\/mk\/wp-json\/wp\/v2\/posts\/19335","targetHints":{"allow":["GET"]}}],"collection":[{"href":"http:\/\/www.schechler.com\/mk\/wp-json\/wp\/v2\/posts"}],"about":[{"href":"http:\/\/www.schechler.com\/mk\/wp-json\/wp\/v2\/types\/post"}],"author":[{"embeddable":true,"href":"http:\/\/www.schechler.com\/mk\/wp-json\/wp\/v2\/users\/1"}],"replies":[{"embeddable":true,"href":"http:\/\/www.schechler.com\/mk\/wp-json\/wp\/v2\/comments?post=19335"}],"version-history":[{"count":1,"href":"http:\/\/www.schechler.com\/mk\/wp-json\/wp\/v2\/posts\/19335\/revisions"}],"predecessor-version":[{"id":19968,"href":"http:\/\/www.schechler.com\/mk\/wp-json\/wp\/v2\/posts\/19335\/revisions\/19968"}],"wp:featuredmedia":[{"embeddable":true,"href":"http:\/\/www.schechler.com\/mk\/wp-json\/wp\/v2\/media\/19336"}],"wp:attachment":[{"href":"http:\/\/www.schechler.com\/mk\/wp-json\/wp\/v2\/media?parent=19335"}],"wp:term":[{"taxonomy":"category","embeddable":true,"href":"http:\/\/www.schechler.com\/mk\/wp-json\/wp\/v2\/categories?post=19335"},{"taxonomy":"post_tag","embeddable":true,"href":"http:\/\/www.schechler.com\/mk\/wp-json\/wp\/v2\/tags?post=19335"}],"curies":[{"name":"wp","href":"https:\/\/api.w.org\/{rel}","templated":true}]}}