{"id":18425,"date":"2025-12-29T22:17:32","date_gmt":"2025-12-29T21:17:32","guid":{"rendered":"http:\/\/www.schechler.com\/mk\/?p=18425"},"modified":"2026-04-11T19:41:08","modified_gmt":"2026-04-11T17:41:08","slug":"christmas-garden-wilhelma","status":"publish","type":"post","link":"http:\/\/www.schechler.com\/mk\/2025\/12\/29\/christmas-garden-wilhelma\/","title":{"rendered":"Christmas Garden Wilhelma!"},"content":{"rendered":"<p>#christmasgardenstuttgart #wilhelma #c2concerts<\/p>\n<p>Winterzauber in der Wilhelma: Der Christmas Garden Stuttgart startet in seine 7. Saison<\/p>\n<p><strong>Es ist wieder soweit: Der Christmas Garden Stuttgart verzaubert die Wilhelma mit einer ganz besonderen Winteratmosph\u00e4re. Am 14. November 2025 er\u00f6ffnete das beliebte Lichterfest feierlich die siebte Saison \u2013 und es hat sich einiges ver\u00e4ndert! Die historische Parklandschaft wird erneut in ein glitzerndes Winterwunderland verwandelt, das mit neuen Installationen und einem einzigartigen Erlebnis begeistert.<\/strong><\/p>\n<p><strong>Ein zauberhafter Auftakt in die Saison<\/strong><br \/>\nRund 250 geladene G\u00e4ste durften beim exklusiven Er\u00f6ffnungsabend als Erste einen Blick auf die neuen Highlights des Christmas Garden werfen. Der stimmungsvolle Abend begann mit einem herzlichen Empfang durch Christian Doll, Gesch\u00e4ftsf\u00fchrer der C\u00b2 CONCERTS GmbH, und Dr. Thomas K\u00f6lpin, Direktor der Wilhelma. Mit einem warmen Gl\u00fchwein in der Hand und der Vorfreude auf das bevorstehende Abenteuer, starteten die Besucher in den rund zwei Kilometer langen Rundweg, der mit 30 Lichtinstallationen und einer Atmosph\u00e4re voller Magie und Staunen aufwartet.<\/p>\n<p><strong>Eine Reise durch leuchtende Kunstwerke<\/strong><br \/>\nBereits zu Beginn des Rundgangs wird der Besucher von einer wahren Lichtpracht empfangen. Der Maurische Garten erstrahlt in neuem Glanz: Fast 80 funkelnde Eiben und eine auf Musik abgestimmte Lichtchoreografie entf\u00fchren die Besucher in eine magische Welt. Doch das ist nur eines der vielen Highlights. Der Mystische Zauberwald mit seinem atemberaubend schimmernden Mammutwald geh\u00f6rt ebenfalls zu den gro\u00dfen Favoriten. Die leuchtenden B\u00e4ume, die sich im Takt der Musik bewegen, sind nicht nur optisch ein Genuss, sondern auch akustisch ein Erlebnis.<\/p>\n<p>Ein weiteres Highlight ist die Kathedrale des Lichts, ein 24 Meter langer Tunnel, der von goldenen Lichtern umh\u00fcllt wird und jedes Jahr aufs Neue als Fotomagnet gilt. Besonders beeindruckend ist auch der Funkelnde Lichterwald, in dem 30 Tannenb\u00e4ume im Rhythmus der Musik erstrahlen und eine unvergessliche Atmosph\u00e4re schaffen.<\/p>\n<p>Nicht zu vergessen: Der Geist der Weihnacht, ein spektakul\u00e4rer Moment, bei dem ein alter Baum pl\u00f6tzlich zum Leben erwacht, zu den Besuchern spricht und von kleinen Waldgeistern umkreist wird. Ein wahrer \u00dcberraschungsmoment, der sowohl Kinder als auch Erwachsene in Staunen versetzt.<\/p>\n<div id=\"attachment_18426\" style=\"width: 1090px\" class=\"wp-caption aligncenter\"><img loading=\"lazy\" decoding=\"async\" aria-describedby=\"caption-attachment-18426\" src=\"http:\/\/www.schechler.com\/mk\/wp-content\/uploads\/2025\/12\/DS703517_Radiant.jpg\" alt=\"\" width=\"1080\" height=\"727\" class=\"size-full wp-image-18426\" srcset=\"http:\/\/www.schechler.com\/mk\/wp-content\/uploads\/2025\/12\/DS703517_Radiant.jpg 1080w, http:\/\/www.schechler.com\/mk\/wp-content\/uploads\/2025\/12\/DS703517_Radiant-300x202.jpg 300w, http:\/\/www.schechler.com\/mk\/wp-content\/uploads\/2025\/12\/DS703517_Radiant-1024x689.jpg 1024w, http:\/\/www.schechler.com\/mk\/wp-content\/uploads\/2025\/12\/DS703517_Radiant-768x517.jpg 768w, http:\/\/www.schechler.com\/mk\/wp-content\/uploads\/2025\/12\/DS703517_Radiant-250x168.jpg 250w\" sizes=\"auto, (max-width: 1080px) 100vw, 1080px\" \/><p id=\"caption-attachment-18426\" class=\"wp-caption-text\">Christmas Garden Wilhelma<\/p><\/div>\n<p><strong>Familienfreundlichkeit und besondere Extras<\/strong><br \/>\nDer Christmas Garden Stuttgart ist ein Erlebnis f\u00fcr die ganze Familie! An ausgew\u00e4hlten Familientagen (17.11., 24.11., 01.12., 08.12.2025 und 07.01.2026) erwartet die kleinen Besucher eine Vielzahl an Extras, wie verg\u00fcnstigte Familientickets ab 41,90 Euro, die M\u00f6glichkeit, das VfB Stuttgart-Maskottchen Fritzle zu treffen (am 1. und 8. Dezember), sowie den luftigen Walking Act Luftikus, der \u00fcber das Gel\u00e4nde schwebt und f\u00fcr Staunen sorgt. Au\u00dferdem k\u00f6nnen Kinder an der Kinder-Rallye teilnehmen, Zuckerwatte genie\u00dfen und den echten Nikolaus treffen.<\/p>\n<p><strong>Ein unvergessliches Erlebnis bis zum 11. Januar 2026<\/strong><br \/>\nDer Christmas Garden Stuttgart ist noch bis zum 11. Januar 2026 ein absolutes Muss f\u00fcr alle, die in die winterliche Zauberwelt eintauchen m\u00f6chten. Der Rundweg ist fast t\u00e4glich ge\u00f6ffnet \u2013 nur an Heiligabend und Silvester bleibt die Wilhelma geschlossen. Wer bereits in der Vorweihnachtszeit da war, sollte sich auf jeden Fall noch einen Besuch im neuen Jahr g\u00f6nnen: Ab dem 1. Januar 2026 werden viele der festlichen Weihnachtshits durch stimmungsvolle Wintersongs ersetzt, die die Lichtinstallationen in einem ganz neuen Licht erstrahlen lassen.<\/p>\n<p>Besonders sch\u00f6n: F\u00fcr Familien gibt es am 7. Januar 2026 noch einen letzten Familientag mit \u00dcberraschungen und besonderen Angeboten.<\/p>\n<p><strong>Ein Muss f\u00fcr alle Winterfreunde<\/strong><br \/>\nDer Christmas Garden Stuttgart ist l\u00e4ngst zu einem festen Bestandteil der Stuttgarter Wintertradition geworden. Die gelungene Mischung aus Lichtkunst, Musik und Natur, die jedes Jahr neu inszeniert wird, zieht nicht nur Stuttgarter, sondern auch Besucher aus der gesamten Region an. Wenn auch Sie die Winterabende in einem magischen Licht erleben m\u00f6chten, sollten Sie sich dieses unvergessliche Erlebnis nicht entgehen lassen.<br \/>\nMK Schechler<\/p>\n<p>Zum \u00f6ffnen dieser Foto-Galerie auf erstes Bild klicken<br \/>\nngg_shortcode_0_placeholder<\/p>\n<p>Weitere Infos und Tickets:<br \/>\nBesuchen Sie die offizielle Website des Christmas Garden Stuttgart unter <a href=\"http:\/\/christmas-garden.de\/stuttgart\" target=\"_blank\">christmas-garden.de\/stuttgart<\/a>  f\u00fcr mehr Details und Ticketbuchungen.<\/p>\n<p>#christmasgardenstuttgart #wilhelma #c2concerts<\/p>\n<a class=\"synved-social-button synved-social-button-share synved-social-size-48 synved-social-resolution-single synved-social-provider-facebook nolightbox\" data-provider=\"facebook\" target=\"_blank\" rel=\"nofollow\" title=\"Share on Facebook\" href=\"https:\/\/www.facebook.com\/sharer.php?u=http%3A%2F%2Fwww.schechler.com%2Fmk&#038;t=Christmas%20Garden%20Wilhelma%21&#038;s=100&#038;p&#091;url&#093;=http%3A%2F%2Fwww.schechler.com%2Fmk&#038;p&#091;images&#093;&#091;0&#093;=http%3A%2F%2Fwww.schechler.com%2Fmk%2Fwp-content%2Fuploads%2F2025%2F12%2F2025-11-16-08.15.34_Radiant.jpg&#038;p&#091;title&#093;=Christmas%20Garden%20Wilhelma%21\" style=\"font-size: 0px;width:48px;height:48px;margin:0;margin-bottom:5px;margin-right:5px\"><img loading=\"lazy\" decoding=\"async\" alt=\"Facebook\" title=\"Share on Facebook\" class=\"synved-share-image synved-social-image synved-social-image-share\" width=\"48\" height=\"48\" style=\"display: inline;width:48px;height:48px;margin: 0;padding: 0;border: none;box-shadow: none\" src=\"http:\/\/www.schechler.com\/mk\/wp-content\/plugins\/social-media-feather\/synved-social\/image\/social\/regular\/96x96\/facebook.png\" \/><\/a><a class=\"synved-social-button synved-social-button-share synved-social-size-48 synved-social-resolution-single synved-social-provider-twitter nolightbox\" data-provider=\"twitter\" target=\"_blank\" rel=\"nofollow\" title=\"Share on Twitter\" href=\"https:\/\/twitter.com\/intent\/tweet?url=http%3A%2F%2Fwww.schechler.com%2Fmk&#038;text=Dark%20Contrasts%20Photo%20Project.%20Hey%20check%20this%20out\" style=\"font-size: 0px;width:48px;height:48px;margin:0;margin-bottom:5px;margin-right:5px\"><img loading=\"lazy\" decoding=\"async\" alt=\"twitter\" title=\"Share on Twitter\" class=\"synved-share-image synved-social-image synved-social-image-share\" width=\"48\" height=\"48\" style=\"display: inline;width:48px;height:48px;margin: 0;padding: 0;border: none;box-shadow: none\" src=\"http:\/\/www.schechler.com\/mk\/wp-content\/plugins\/social-media-feather\/synved-social\/image\/social\/regular\/96x96\/twitter.png\" \/><\/a><a class=\"synved-social-button synved-social-button-share synved-social-size-48 synved-social-resolution-single synved-social-provider-pinterest nolightbox\" data-provider=\"pinterest\" target=\"_blank\" rel=\"nofollow\" title=\"Pin it with Pinterest\" href=\"https:\/\/pinterest.com\/pin\/create\/button\/?url=http%3A%2F%2Fwww.schechler.com%2Fmk&#038;media=http%3A%2F%2Fwww.schechler.com%2Fmk%2Fwp-content%2Fuploads%2F2025%2F12%2F2025-11-16-08.15.34_Radiant.jpg&#038;description=Christmas%20Garden%20Wilhelma%21\" style=\"font-size: 0px;width:48px;height:48px;margin:0;margin-bottom:5px;margin-right:5px\"><img loading=\"lazy\" decoding=\"async\" alt=\"pinterest\" title=\"Pin it with Pinterest\" class=\"synved-share-image synved-social-image synved-social-image-share\" width=\"48\" height=\"48\" style=\"display: inline;width:48px;height:48px;margin: 0;padding: 0;border: none;box-shadow: none\" src=\"http:\/\/www.schechler.com\/mk\/wp-content\/plugins\/social-media-feather\/synved-social\/image\/social\/regular\/96x96\/pinterest.png\" \/><\/a><a class=\"synved-social-button synved-social-button-share synved-social-size-48 synved-social-resolution-single synved-social-provider-linkedin nolightbox\" data-provider=\"linkedin\" target=\"_blank\" rel=\"nofollow\" title=\"Share on Linkedin\" href=\"https:\/\/www.linkedin.com\/shareArticle?mini=true&#038;url=http%3A%2F%2Fwww.schechler.com%2Fmk&#038;title=Christmas%20Garden%20Wilhelma%21\" style=\"font-size: 0px;width:48px;height:48px;margin:0;margin-bottom:5px;margin-right:5px\"><img loading=\"lazy\" decoding=\"async\" alt=\"linkedin\" title=\"Share on Linkedin\" class=\"synved-share-image synved-social-image synved-social-image-share\" width=\"48\" height=\"48\" style=\"display: inline;width:48px;height:48px;margin: 0;padding: 0;border: none;box-shadow: none\" src=\"http:\/\/www.schechler.com\/mk\/wp-content\/plugins\/social-media-feather\/synved-social\/image\/social\/regular\/96x96\/linkedin.png\" \/><\/a><a class=\"synved-social-button synved-social-button-share synved-social-size-48 synved-social-resolution-single synved-social-provider-mail nolightbox\" data-provider=\"mail\" rel=\"nofollow\" title=\"Share by email\" href=\"mailto:?subject=Christmas%20Garden%20Wilhelma%21&#038;body=Dark%20Contrasts%20Photo%20Project.%20Hey%20check%20this%20out:%20http%3A%2F%2Fwww.schechler.com%2Fmk\" style=\"font-size: 0px;width:48px;height:48px;margin:0;margin-bottom:5px\"><img loading=\"lazy\" decoding=\"async\" alt=\"mail\" title=\"Share by email\" class=\"synved-share-image synved-social-image synved-social-image-share\" width=\"48\" height=\"48\" style=\"display: inline;width:48px;height:48px;margin: 0;padding: 0;border: none;box-shadow: none\" src=\"http:\/\/www.schechler.com\/mk\/wp-content\/plugins\/social-media-feather\/synved-social\/image\/social\/regular\/96x96\/mail.png\" \/><\/a>","protected":false},"excerpt":{"rendered":"<p>#christmasgardenstuttgart #wilhelma #c2concerts Winterzauber in der Wilhelma: Der Christmas Garden Stuttgart startet in seine 7. Saison Es ist wieder soweit: Der Christmas Garden Stuttgart verzaubert die Wilhelma mit einer ganz besonderen Winteratmosph\u00e4re. Am 14. November 2025 er\u00f6ffnete das beliebte Lichterfest feierlich die siebte Saison \u2013 und es hat sich einiges ver\u00e4ndert! Die historische Parklandschaft wird [&hellip;]<\/p>\n","protected":false},"author":1,"featured_media":18427,"comment_status":"closed","ping_status":"closed","sticky":false,"template":"","format":"image","meta":{"ngg_post_thumbnail":0,"footnotes":""},"categories":[1],"tags":[8],"class_list":["post-18425","post","type-post","status-publish","format-image","has-post-thumbnail","hentry","category-allgemein","tag-mixed","post_format-post-format-image"],"_links":{"self":[{"href":"http:\/\/www.schechler.com\/mk\/wp-json\/wp\/v2\/posts\/18425","targetHints":{"allow":["GET"]}}],"collection":[{"href":"http:\/\/www.schechler.com\/mk\/wp-json\/wp\/v2\/posts"}],"about":[{"href":"http:\/\/www.schechler.com\/mk\/wp-json\/wp\/v2\/types\/post"}],"author":[{"embeddable":true,"href":"http:\/\/www.schechler.com\/mk\/wp-json\/wp\/v2\/users\/1"}],"replies":[{"embeddable":true,"href":"http:\/\/www.schechler.com\/mk\/wp-json\/wp\/v2\/comments?post=18425"}],"version-history":[{"count":1,"href":"http:\/\/www.schechler.com\/mk\/wp-json\/wp\/v2\/posts\/18425\/revisions"}],"predecessor-version":[{"id":19977,"href":"http:\/\/www.schechler.com\/mk\/wp-json\/wp\/v2\/posts\/18425\/revisions\/19977"}],"wp:featuredmedia":[{"embeddable":true,"href":"http:\/\/www.schechler.com\/mk\/wp-json\/wp\/v2\/media\/18427"}],"wp:attachment":[{"href":"http:\/\/www.schechler.com\/mk\/wp-json\/wp\/v2\/media?parent=18425"}],"wp:term":[{"taxonomy":"category","embeddable":true,"href":"http:\/\/www.schechler.com\/mk\/wp-json\/wp\/v2\/categories?post=18425"},{"taxonomy":"post_tag","embeddable":true,"href":"http:\/\/www.schechler.com\/mk\/wp-json\/wp\/v2\/tags?post=18425"}],"curies":[{"name":"wp","href":"https:\/\/api.w.org\/{rel}","templated":true}]}}