{"id":17078,"date":"2025-09-10T18:53:08","date_gmt":"2025-09-10T16:53:08","guid":{"rendered":"http:\/\/www.schechler.com\/mk\/?p=17078"},"modified":"2025-09-11T13:02:40","modified_gmt":"2025-09-11T11:02:40","slug":"legendary-elvis","status":"publish","type":"post","link":"http:\/\/www.schechler.com\/mk\/2025\/09\/10\/legendary-elvis\/","title":{"rendered":"Legendary: ELVIS!"},"content":{"rendered":"<p>\u201eLegendary: ELVIS\u201c im Friedrichsbau Variet\u00e9 Stuttgart<\/p>\n<p><strong>Ab dem 12. September 2025 hei\u00dft es im Friedrichsbau Variet\u00e9 Stuttgart: B\u00fchne frei f\u00fcr den King! Mit der neuen Eigenproduktion \u201eLegendary: ELVIS\u201c entf\u00fchrt das Haus in die Welt von Elvis Presley \u2013 allerdings nicht im Stil einer glitzernden Las-Vegas-Revue, sondern in Form von Szenen aus dem Leben der Musiklegende.<\/strong><\/p>\n<p><strong>Keine Kopie, sondern ein Erlebnis<br \/>\n<\/strong>Regisseur Ralph Sun inszeniert ein abwechslungsreiches B\u00fchnenspektakel, das den Menschen hinter dem Mythos zeigt: von den bescheidenen Anf\u00e4ngen in Tupelo bis hin zu den goldenen Jahren in Graceland. Dabei verschmelzen Musik, Artistik und Tanz zu einem packenden Portr\u00e4t.<\/p>\n<p>Die Hauptrolle \u00fcbernimmt Nils Strassburg, der von Time Warner New York als \u201eDeutschlands bester Elvis-Interpret\u201c ausgezeichnet wurde. Mit seiner Stimme und Pr\u00e4senz bringt er die gr\u00f6\u00dften Hits des Kings live zur\u00fcck auf die B\u00fchne. An seiner Seite: Erz\u00e4hler Ruben Dietze, der in der Rolle von Elvis\u2019 Zwillingsbruder Jesse Garon Presley dem Abend eine emotionale Tiefe verleiht.<\/p>\n<p><strong>K\u00fcnstler zwischen Rock\u2019n\u2019Roll und Artistik<br \/>\n<\/strong>Das Ensemble ist international besetzt und verbindet Show mit Akrobatik:<\/p>\n<ul>\n<li>Die Vegas Showgirls sorgen mit Glamour und energiegeladenem Tanz f\u00fcr die klassische Show-Atmosph\u00e4re.<\/li>\n<li><span style=\"font-size: 20px;\">Katharina Dr\u00f6scher begeistert mit poetischer Seilartistik.<\/span><\/li>\n<li><span style=\"font-size: 20px;\">Valerie Sealey zeigt die seltene Kunst der Paddel-Jonglage \u2013 elegant, humorvoll und virtuos.<\/span><\/li>\n<li><span style=\"font-size: 20px;\">Das ukrainische Duo Satin (Oleksii Filippov und Sofia Mezentseva) beeindruckt mit Partnerakrobatik und atemberaubender Kraft am Chinesischen Mast.<\/span><\/li>\n<\/ul>\n<div id=\"attachment_17106\" style=\"width: 1090px\" class=\"wp-caption aligncenter\"><img loading=\"lazy\" decoding=\"async\" aria-describedby=\"caption-attachment-17106\" src=\"http:\/\/www.schechler.com\/mk\/wp-content\/uploads\/2025\/09\/DS306107_Radiant.jpg\" alt=\"\" width=\"1080\" height=\"722\" class=\"size-full wp-image-17106\" srcset=\"http:\/\/www.schechler.com\/mk\/wp-content\/uploads\/2025\/09\/DS306107_Radiant.jpg 1080w, http:\/\/www.schechler.com\/mk\/wp-content\/uploads\/2025\/09\/DS306107_Radiant-300x201.jpg 300w, http:\/\/www.schechler.com\/mk\/wp-content\/uploads\/2025\/09\/DS306107_Radiant-1024x685.jpg 1024w, http:\/\/www.schechler.com\/mk\/wp-content\/uploads\/2025\/09\/DS306107_Radiant-768x513.jpg 768w, http:\/\/www.schechler.com\/mk\/wp-content\/uploads\/2025\/09\/DS306107_Radiant-250x167.jpg 250w\" sizes=\"auto, (max-width: 1080px) 100vw, 1080px\" \/><p id=\"caption-attachment-17106\" class=\"wp-caption-text\">Nils Strassburg ist Elvis<\/p><\/div>\n<p><strong>Dinner with Elvis<br \/>\n<\/strong>Ein besonderes Highlight ist der Abend \u201eDinner with Elvis\u201c am 17. Oktober 2025: Hier verbindet sich die Show mit einem festlichen 3-G\u00e4nge-Men\u00fc samt Sektempfang. Ein Erlebnis f\u00fcr alle, die Musik und Kulinarik gemeinsam genie\u00dfen wollen.<\/p>\n<p><strong>Mehr als Elvis: Gastspiele im Herbst<br \/>\n<\/strong>W\u00e4hrend der Spielzeit von \u201eLegendary: ELVIS\u201c gibt es im Friedrichsbau auch spannende Gastspiele, die die Vielfalt des Hauses unterstreichen:<\/p>\n<ul>\n<li>10 Jahre Stuttgart Burlesque Festival (3.\u20135. Oktober)<\/li>\n<li><span style=\"font-size: 20px;\">We love Musicals \u2013 Boyband Special (13. Oktober)<\/span><\/li>\n<li><span style=\"font-size: 20px;\">10 Jahre Sabine Schief \u2013 Die Jubelshow (14. Oktober)<\/span><\/li>\n<li><span style=\"font-size: 20px;\">Rhapsody in Magic (27. Oktober)<\/span><\/li>\n<\/ul>\n<p><strong>Spielzeit und Tickets<br \/>\n<\/strong>\u201eLegendary: ELVIS\u201c l\u00e4uft vom 12. September bis 9. November 2025. Vorstellungen finden Do.\u2013Sa. um 20 Uhr und So. um 18 Uhr statt. Neben regul\u00e4ren Tickets gibt es Youngster-Tickets (23 \u20ac bis 27 Jahre) sowie Specials f\u00fcr Familien und Gruppen.<\/p>\n<p>F\u00fcr Elvis-Fans, Showliebhaber und Kulturfreunde gleicherma\u00dfen: \u201eLegendary: ELVIS\u201c ist keine blo\u00dfe Tribute-Show, sondern ein lebendiges, facettenreiches Erlebnis, das dem King von Rock\u2019n\u2019Roll neues Leben einhaucht \u2013 mitten in Stuttgart.<\/p>\n<p>Zum Anschauen der Foto-Galerie auf erstes Bild klicken und dann mit Pfeiltaste rechts durchbl\u00e4ttern.<\/p>\nngg_shortcode_0_placeholder\n<p>Friedrichsbau Variet\u00e9<br \/>\nSiemensstra\u00dfe 15, 70469 Stuttgart<br \/>\ntickets@friedrichsbau.de<br \/>\nQuelle \/ Mehr Infos: <a href=\"http:\/\/www.friedrichsbau.de\" target=\"_blank\">www.friedrichsbau.de<\/a><\/p>\n<p>#LegendaryElvis #ElvisPresley #FriedrichsbauVariet\u00e9 #StuttgartEvents #ElvisLives #Variet\u00e9Show #RocknRollForever #DinnerWithElvis #KulturInStuttgart<\/p>\n<a class=\"synved-social-button synved-social-button-share synved-social-size-48 synved-social-resolution-single synved-social-provider-facebook nolightbox\" data-provider=\"facebook\" target=\"_blank\" rel=\"nofollow\" title=\"Share on Facebook\" href=\"https:\/\/www.facebook.com\/sharer.php?u=http%3A%2F%2Fwww.schechler.com%2Fmk&#038;t=Legendary%3A%20ELVIS%21&#038;s=100&#038;p&#091;url&#093;=http%3A%2F%2Fwww.schechler.com%2Fmk&#038;p&#091;images&#093;&#091;0&#093;=http%3A%2F%2Fwww.schechler.com%2Fmk%2Fwp-content%2Fuploads%2F2025%2F09%2FDS306111_Radiant-001.jpg&#038;p&#091;title&#093;=Legendary%3A%20ELVIS%21\" style=\"font-size: 0px;width:48px;height:48px;margin:0;margin-bottom:5px;margin-right:5px\"><img loading=\"lazy\" decoding=\"async\" alt=\"Facebook\" title=\"Share on Facebook\" class=\"synved-share-image synved-social-image synved-social-image-share\" width=\"48\" height=\"48\" style=\"display: inline;width:48px;height:48px;margin: 0;padding: 0;border: none;box-shadow: none\" src=\"http:\/\/www.schechler.com\/mk\/wp-content\/plugins\/social-media-feather\/synved-social\/image\/social\/regular\/96x96\/facebook.png\" \/><\/a><a class=\"synved-social-button synved-social-button-share synved-social-size-48 synved-social-resolution-single synved-social-provider-twitter nolightbox\" data-provider=\"twitter\" target=\"_blank\" rel=\"nofollow\" title=\"Share on Twitter\" href=\"https:\/\/twitter.com\/intent\/tweet?url=http%3A%2F%2Fwww.schechler.com%2Fmk&#038;text=Dark%20Contrasts%20Photo%20Project.%20Hey%20check%20this%20out\" style=\"font-size: 0px;width:48px;height:48px;margin:0;margin-bottom:5px;margin-right:5px\"><img loading=\"lazy\" decoding=\"async\" alt=\"twitter\" title=\"Share on Twitter\" class=\"synved-share-image synved-social-image synved-social-image-share\" width=\"48\" height=\"48\" style=\"display: inline;width:48px;height:48px;margin: 0;padding: 0;border: none;box-shadow: none\" src=\"http:\/\/www.schechler.com\/mk\/wp-content\/plugins\/social-media-feather\/synved-social\/image\/social\/regular\/96x96\/twitter.png\" \/><\/a><a class=\"synved-social-button synved-social-button-share synved-social-size-48 synved-social-resolution-single synved-social-provider-pinterest nolightbox\" data-provider=\"pinterest\" target=\"_blank\" rel=\"nofollow\" title=\"Pin it with Pinterest\" href=\"https:\/\/pinterest.com\/pin\/create\/button\/?url=http%3A%2F%2Fwww.schechler.com%2Fmk&#038;media=http%3A%2F%2Fwww.schechler.com%2Fmk%2Fwp-content%2Fuploads%2F2025%2F09%2FDS306111_Radiant-001.jpg&#038;description=Legendary%3A%20ELVIS%21\" style=\"font-size: 0px;width:48px;height:48px;margin:0;margin-bottom:5px;margin-right:5px\"><img loading=\"lazy\" decoding=\"async\" alt=\"pinterest\" title=\"Pin it with Pinterest\" class=\"synved-share-image synved-social-image synved-social-image-share\" width=\"48\" height=\"48\" style=\"display: inline;width:48px;height:48px;margin: 0;padding: 0;border: none;box-shadow: none\" src=\"http:\/\/www.schechler.com\/mk\/wp-content\/plugins\/social-media-feather\/synved-social\/image\/social\/regular\/96x96\/pinterest.png\" \/><\/a><a class=\"synved-social-button synved-social-button-share synved-social-size-48 synved-social-resolution-single synved-social-provider-linkedin nolightbox\" data-provider=\"linkedin\" target=\"_blank\" rel=\"nofollow\" title=\"Share on Linkedin\" href=\"https:\/\/www.linkedin.com\/shareArticle?mini=true&#038;url=http%3A%2F%2Fwww.schechler.com%2Fmk&#038;title=Legendary%3A%20ELVIS%21\" style=\"font-size: 0px;width:48px;height:48px;margin:0;margin-bottom:5px;margin-right:5px\"><img loading=\"lazy\" decoding=\"async\" alt=\"linkedin\" title=\"Share on Linkedin\" class=\"synved-share-image synved-social-image synved-social-image-share\" width=\"48\" height=\"48\" style=\"display: inline;width:48px;height:48px;margin: 0;padding: 0;border: none;box-shadow: none\" src=\"http:\/\/www.schechler.com\/mk\/wp-content\/plugins\/social-media-feather\/synved-social\/image\/social\/regular\/96x96\/linkedin.png\" \/><\/a><a class=\"synved-social-button synved-social-button-share synved-social-size-48 synved-social-resolution-single synved-social-provider-mail nolightbox\" data-provider=\"mail\" rel=\"nofollow\" title=\"Share by email\" href=\"mailto:?subject=Legendary%3A%20ELVIS%21&#038;body=Dark%20Contrasts%20Photo%20Project.%20Hey%20check%20this%20out:%20http%3A%2F%2Fwww.schechler.com%2Fmk\" style=\"font-size: 0px;width:48px;height:48px;margin:0;margin-bottom:5px\"><img loading=\"lazy\" decoding=\"async\" alt=\"mail\" title=\"Share by email\" class=\"synved-share-image synved-social-image synved-social-image-share\" width=\"48\" height=\"48\" style=\"display: inline;width:48px;height:48px;margin: 0;padding: 0;border: none;box-shadow: none\" src=\"http:\/\/www.schechler.com\/mk\/wp-content\/plugins\/social-media-feather\/synved-social\/image\/social\/regular\/96x96\/mail.png\" \/><\/a>","protected":false},"excerpt":{"rendered":"<p>\u201eLegendary: ELVIS\u201c im Friedrichsbau Variet\u00e9 Stuttgart Ab dem 12. September 2025 hei\u00dft es im Friedrichsbau Variet\u00e9 Stuttgart: B\u00fchne frei f\u00fcr den King! Mit der neuen Eigenproduktion \u201eLegendary: ELVIS\u201c entf\u00fchrt das Haus in die Welt von Elvis Presley \u2013 allerdings nicht im Stil einer glitzernden Las-Vegas-Revue, sondern in Form von Szenen aus dem Leben der Musiklegende. [&hellip;]<\/p>\n","protected":false},"author":1,"featured_media":17107,"comment_status":"closed","ping_status":"closed","sticky":false,"template":"","format":"image","meta":{"ngg_post_thumbnail":0,"footnotes":""},"categories":[1],"tags":[14],"class_list":["post-17078","post","type-post","status-publish","format-image","has-post-thumbnail","hentry","category-allgemein","tag-friedrichsbau-variete","post_format-post-format-image"],"_links":{"self":[{"href":"http:\/\/www.schechler.com\/mk\/wp-json\/wp\/v2\/posts\/17078","targetHints":{"allow":["GET"]}}],"collection":[{"href":"http:\/\/www.schechler.com\/mk\/wp-json\/wp\/v2\/posts"}],"about":[{"href":"http:\/\/www.schechler.com\/mk\/wp-json\/wp\/v2\/types\/post"}],"author":[{"embeddable":true,"href":"http:\/\/www.schechler.com\/mk\/wp-json\/wp\/v2\/users\/1"}],"replies":[{"embeddable":true,"href":"http:\/\/www.schechler.com\/mk\/wp-json\/wp\/v2\/comments?post=17078"}],"version-history":[{"count":0,"href":"http:\/\/www.schechler.com\/mk\/wp-json\/wp\/v2\/posts\/17078\/revisions"}],"wp:featuredmedia":[{"embeddable":true,"href":"http:\/\/www.schechler.com\/mk\/wp-json\/wp\/v2\/media\/17107"}],"wp:attachment":[{"href":"http:\/\/www.schechler.com\/mk\/wp-json\/wp\/v2\/media?parent=17078"}],"wp:term":[{"taxonomy":"category","embeddable":true,"href":"http:\/\/www.schechler.com\/mk\/wp-json\/wp\/v2\/categories?post=17078"},{"taxonomy":"post_tag","embeddable":true,"href":"http:\/\/www.schechler.com\/mk\/wp-json\/wp\/v2\/tags?post=17078"}],"curies":[{"name":"wp","href":"https:\/\/api.w.org\/{rel}","templated":true}]}}