{"id":16006,"date":"2025-04-10T23:10:25","date_gmt":"2025-04-10T21:10:25","guid":{"rendered":"http:\/\/www.schechler.com\/mk\/?p=16006"},"modified":"2025-04-11T18:23:43","modified_gmt":"2025-04-11T16:23:43","slug":"glenn-hughes","status":"publish","type":"post","link":"http:\/\/www.schechler.com\/mk\/2025\/04\/10\/glenn-hughes\/","title":{"rendered":"Glenn Hughes!"},"content":{"rendered":"<p><strong>Rock-Legende trifft Orchester \u2013 Glenn Hughes bringt die MHP-Arena zum Beben<\/strong><br \/>\nWenn Glenn Hughes die B\u00fchne betritt, wird aus einem Rockkonzert eine Zeremonie. So war es auch am gestrigen Abend bei \u201eRock Meets Classic\u201c in der MHP-Arena Ludwigsburg. Der 72-J\u00e4hrige bewies einmal mehr, warum er bis heute zu den charismatischsten Stimmen des Hardrock z\u00e4hlt \u2013 und warum ihn viele schlichtweg den \u201eVoice of Rock\u201c nennen.<\/p>\n<p><strong>Glenn Hughes \u2013 mehr als Deep Purple<\/strong><br \/>\nBekannt wurde Hughes in den 70ern als Bassist und S\u00e4nger von Deep Purple (Mark III und IV), sp\u00e4ter tourte er mit Black Sabbath und lieferte Solo-Alben am Flie\u00dfband \u2013 mal soulig, mal funkig, oft knallhart rockend. In den letzten Jahren machte er besonders als Frontmann der Hardrock-Allstars The Dead Daisies von sich reden. Mit ihnen ver\u00f6ffentlichte er unter anderem die gefeierten Alben Holy Ground (2021) und Radiance (2022), auf denen seine unverwechselbare Stimme erneut im Zentrum stand.<\/p>\n<div id=\"attachment_16010\" style=\"width: 1090px\" class=\"wp-caption aligncenter\"><img loading=\"lazy\" decoding=\"async\" aria-describedby=\"caption-attachment-16010\" src=\"http:\/\/www.schechler.com\/mk\/wp-content\/uploads\/2025\/04\/DS301942_Radiant.jpg\" alt=\"\" width=\"1080\" height=\"722\" class=\"size-full wp-image-16010\" srcset=\"http:\/\/www.schechler.com\/mk\/wp-content\/uploads\/2025\/04\/DS301942_Radiant.jpg 1080w, http:\/\/www.schechler.com\/mk\/wp-content\/uploads\/2025\/04\/DS301942_Radiant-300x201.jpg 300w, http:\/\/www.schechler.com\/mk\/wp-content\/uploads\/2025\/04\/DS301942_Radiant-1024x685.jpg 1024w, http:\/\/www.schechler.com\/mk\/wp-content\/uploads\/2025\/04\/DS301942_Radiant-768x513.jpg 768w, http:\/\/www.schechler.com\/mk\/wp-content\/uploads\/2025\/04\/DS301942_Radiant-250x167.jpg 250w\" sizes=\"auto, (max-width: 1080px) 100vw, 1080px\" \/><p id=\"caption-attachment-16010\" class=\"wp-caption-text\">Glenn Hughes bei \u201eRock Meets Classic\u201c in Ludwigsburg (10.04.2025)<\/p><\/div>\n<p><strong>Die Setlist \u2013 eine Reise durch die Purple-\u00c4ra<\/strong><br \/>\nHughes\u2019 Auftritt bei Rock Meets Classic war eine kompromisslose Hommage an seine Zeit bei Deep Purple \u2013 und gleichzeitig eine Demonstration seiner vokalen Wucht:<\/p>\n<p>Stormbringer \u2013 Der Opener kam mit voller Orchesterwucht und machte sofort klar: Hier steht kein Nostalgiker auf der B\u00fchne, sondern ein Performer, der den Sound von damals in die Gegenwart holt. Hughes\u2019 hohe Screams sa\u00dfen, das Riff krachte, das Orchester legte sich druckvoll darunter.<\/p>\n<p>Might Just Take Your Life \u2013 Funk und Rock treffen sich in diesem Deep-Purple-Klassiker. Hughes brillierte am Mikro, w\u00e4hrend das Cello die rhythmische Tiefe betonte. Ein Highlight f\u00fcr Fans der Burn-\u00c4ra.<\/p>\n<p>Mistreated \u2013 Der emotionale H\u00f6hepunkt. Hughes zelebrierte die Blues-Ballade fast wie eine Soul-Nummer. Die Streicher malten gro\u00dfe B\u00f6gen, sein Gesang changierte zwischen Verletzlichkeit und purer Macht. Standing Ovations inklusive.<\/p>\n<p>Burn \u2013 Kaum ein Song steht so f\u00fcr Glenns Purple-Zeit wie dieser. Gemeinsam mit der Band und dem Orchester wurde der Track zum Inferno aus Groove, Gitarren und Klassik-Power. Hughes strotzte vor Energie, das Publikum tobte.<\/p>\n<p>Close My Eyes Forever (Duett mit Lita Ford) \u2013 \u00dcberraschung des Abends. Urspr\u00fcnglich ein Hit von Ford und Ozzy Osbourne, wurde die Ballade durch das Duett mit Hughes zu einem emotionalen Schlussakkord. Ihre Stimmen harmonierten auf unerwartet zarte Weise \u2013 G\u00e4nsehaut pur.<\/p>\n<p><strong>Glenn Hughes als lebendige Rock-DNA<\/strong><br \/>\nAuch Jahrzehnte nach seinen gro\u00dfen Erfolgen singt Glenn Hughes nicht nur \u00fcber Rock \u2013 er ist Rock. Sein Auftritt bei \u201eRock Meets Classic\u201c war keine blo\u00dfe Nostalgie-Revue, sondern eine energiegeladene Zeitreise mit Seele, Kraft und Leidenschaft. Zusammen mit dem Orchester und der hochkar\u00e4tig besetzten Band wurde sein Set zu einem der st\u00e4rksten Momente des Abends.<\/p>\n<p>&#x1f4f8; Die Foto-Galerie mit den besten Momenten von Glenn Hughes\u2019 Performance findest du unten.<br \/>\nMK Schechler<\/p>\n<p>Zum Anschauen der Foto-Galerie auf erstes Bild klicken und dann mit Pfeiltaste rechts durchbl\u00e4ttern.<\/p>\nngg_shortcode_0_placeholder\n<p>Rock Meets Classic<br \/>\nDo. 10.04.2025 | 20:00 Uhr<br \/>\nMHP-Arena | Ludwigsburg<br \/>\nmit<br \/>\nRandall Hall (Lynyrd Skynyrd)<br \/>\nGlenn Hughes (Deep Purple\/Black Sabbath)<br \/>\nLita Ford (Runaways)<br \/>\nFran Cosmo (Boston)<br \/>\nJohn Elefante (Kansas)<br \/>\nMal MCNulty (Slade)<\/p>\n<p>Setlist Glenn Hughes:<br \/>\nStormbringer (Deep Purple song)<br \/>\nMight Just Take Your Life (Deep Purple song)<br \/>\nMistreated (Deep Purple song)<br \/>\nBurn (Deep Purple song)<br \/>\nClose My Eyes Forever (Duett mit Lita Ford)<\/p>\n<p>Lokaler Veranstalter:<br \/>\nMusic Circus Concertb\u00fcro \u2013 Charlottenplatz 17 \u2013 70173 Stuttgart \u2013 <a href=\"http:\/\/www.musiccircus.de\" target=\"_blank\">www.musiccircus.de<\/a><\/p>\n<p>#GlennHughes #DeepPurple #TheDeadDaisies #rockmeetsclassic #rmc2025 #musiccircusconcertgmbh #manfredhertlein<\/p>\n<p><img loading=\"lazy\" decoding=\"async\" title=\"GPT unterst\u00fctzt\" src=\"http:\/\/www.schechler.com\/mk\/wp-content\/uploads\/2023\/08\/GPT_included_Robot-Icon.png\" alt=\"GPT unterst\u00fctzt\" width=\"30\" height=\"30\"><\/p>\n<a class=\"synved-social-button synved-social-button-share synved-social-size-48 synved-social-resolution-single synved-social-provider-facebook nolightbox\" data-provider=\"facebook\" target=\"_blank\" rel=\"nofollow\" title=\"Share on Facebook\" href=\"https:\/\/www.facebook.com\/sharer.php?u=http%3A%2F%2Fwww.schechler.com%2Fmk&#038;t=Glenn%20Hughes%21&#038;s=100&#038;p&#091;url&#093;=http%3A%2F%2Fwww.schechler.com%2Fmk&#038;p&#091;images&#093;&#091;0&#093;=http%3A%2F%2Fwww.schechler.com%2Fmk%2Fwp-content%2Fuploads%2F2025%2F04%2FDS301952_Radiant-001.jpg&#038;p&#091;title&#093;=Glenn%20Hughes%21\" style=\"font-size: 0px;width:48px;height:48px;margin:0;margin-bottom:5px;margin-right:5px\"><img loading=\"lazy\" decoding=\"async\" alt=\"Facebook\" title=\"Share on Facebook\" class=\"synved-share-image synved-social-image synved-social-image-share\" width=\"48\" height=\"48\" style=\"display: inline;width:48px;height:48px;margin: 0;padding: 0;border: none;box-shadow: none\" src=\"http:\/\/www.schechler.com\/mk\/wp-content\/plugins\/social-media-feather\/synved-social\/image\/social\/regular\/96x96\/facebook.png\" \/><\/a><a class=\"synved-social-button synved-social-button-share synved-social-size-48 synved-social-resolution-single synved-social-provider-twitter nolightbox\" data-provider=\"twitter\" target=\"_blank\" rel=\"nofollow\" title=\"Share on Twitter\" href=\"https:\/\/twitter.com\/intent\/tweet?url=http%3A%2F%2Fwww.schechler.com%2Fmk&#038;text=Dark%20Contrasts%20Photo%20Project.%20Hey%20check%20this%20out\" style=\"font-size: 0px;width:48px;height:48px;margin:0;margin-bottom:5px;margin-right:5px\"><img loading=\"lazy\" decoding=\"async\" alt=\"twitter\" title=\"Share on Twitter\" class=\"synved-share-image synved-social-image synved-social-image-share\" width=\"48\" height=\"48\" style=\"display: inline;width:48px;height:48px;margin: 0;padding: 0;border: none;box-shadow: none\" src=\"http:\/\/www.schechler.com\/mk\/wp-content\/plugins\/social-media-feather\/synved-social\/image\/social\/regular\/96x96\/twitter.png\" \/><\/a><a class=\"synved-social-button synved-social-button-share synved-social-size-48 synved-social-resolution-single synved-social-provider-pinterest nolightbox\" data-provider=\"pinterest\" target=\"_blank\" rel=\"nofollow\" title=\"Pin it with Pinterest\" href=\"https:\/\/pinterest.com\/pin\/create\/button\/?url=http%3A%2F%2Fwww.schechler.com%2Fmk&#038;media=http%3A%2F%2Fwww.schechler.com%2Fmk%2Fwp-content%2Fuploads%2F2025%2F04%2FDS301952_Radiant-001.jpg&#038;description=Glenn%20Hughes%21\" style=\"font-size: 0px;width:48px;height:48px;margin:0;margin-bottom:5px;margin-right:5px\"><img loading=\"lazy\" decoding=\"async\" alt=\"pinterest\" title=\"Pin it with Pinterest\" class=\"synved-share-image synved-social-image synved-social-image-share\" width=\"48\" height=\"48\" style=\"display: inline;width:48px;height:48px;margin: 0;padding: 0;border: none;box-shadow: none\" src=\"http:\/\/www.schechler.com\/mk\/wp-content\/plugins\/social-media-feather\/synved-social\/image\/social\/regular\/96x96\/pinterest.png\" \/><\/a><a class=\"synved-social-button synved-social-button-share synved-social-size-48 synved-social-resolution-single synved-social-provider-linkedin nolightbox\" data-provider=\"linkedin\" target=\"_blank\" rel=\"nofollow\" title=\"Share on Linkedin\" href=\"https:\/\/www.linkedin.com\/shareArticle?mini=true&#038;url=http%3A%2F%2Fwww.schechler.com%2Fmk&#038;title=Glenn%20Hughes%21\" style=\"font-size: 0px;width:48px;height:48px;margin:0;margin-bottom:5px;margin-right:5px\"><img loading=\"lazy\" decoding=\"async\" alt=\"linkedin\" title=\"Share on Linkedin\" class=\"synved-share-image synved-social-image synved-social-image-share\" width=\"48\" height=\"48\" style=\"display: inline;width:48px;height:48px;margin: 0;padding: 0;border: none;box-shadow: none\" src=\"http:\/\/www.schechler.com\/mk\/wp-content\/plugins\/social-media-feather\/synved-social\/image\/social\/regular\/96x96\/linkedin.png\" \/><\/a><a class=\"synved-social-button synved-social-button-share synved-social-size-48 synved-social-resolution-single synved-social-provider-mail nolightbox\" data-provider=\"mail\" rel=\"nofollow\" title=\"Share by email\" href=\"mailto:?subject=Glenn%20Hughes%21&#038;body=Dark%20Contrasts%20Photo%20Project.%20Hey%20check%20this%20out:%20http%3A%2F%2Fwww.schechler.com%2Fmk\" style=\"font-size: 0px;width:48px;height:48px;margin:0;margin-bottom:5px\"><img loading=\"lazy\" decoding=\"async\" alt=\"mail\" title=\"Share by email\" class=\"synved-share-image synved-social-image synved-social-image-share\" width=\"48\" height=\"48\" style=\"display: inline;width:48px;height:48px;margin: 0;padding: 0;border: none;box-shadow: none\" src=\"http:\/\/www.schechler.com\/mk\/wp-content\/plugins\/social-media-feather\/synved-social\/image\/social\/regular\/96x96\/mail.png\" \/><\/a>","protected":false},"excerpt":{"rendered":"<p>Rock-Legende trifft Orchester \u2013 Glenn Hughes bringt die MHP-Arena zum Beben Wenn Glenn Hughes die B\u00fchne betritt, wird aus einem Rockkonzert eine Zeremonie. So war es auch am gestrigen Abend bei \u201eRock Meets Classic\u201c in der MHP-Arena Ludwigsburg. Der 72-J\u00e4hrige bewies einmal mehr, warum er bis heute zu den charismatischsten Stimmen des Hardrock z\u00e4hlt \u2013 [&hellip;]<\/p>\n","protected":false},"author":1,"featured_media":16009,"comment_status":"closed","ping_status":"closed","sticky":false,"template":"","format":"image","meta":{"ngg_post_thumbnail":0,"footnotes":""},"categories":[1],"tags":[5],"class_list":["post-16006","post","type-post","status-publish","format-image","has-post-thumbnail","hentry","category-allgemein","tag-concerts","post_format-post-format-image"],"_links":{"self":[{"href":"http:\/\/www.schechler.com\/mk\/wp-json\/wp\/v2\/posts\/16006","targetHints":{"allow":["GET"]}}],"collection":[{"href":"http:\/\/www.schechler.com\/mk\/wp-json\/wp\/v2\/posts"}],"about":[{"href":"http:\/\/www.schechler.com\/mk\/wp-json\/wp\/v2\/types\/post"}],"author":[{"embeddable":true,"href":"http:\/\/www.schechler.com\/mk\/wp-json\/wp\/v2\/users\/1"}],"replies":[{"embeddable":true,"href":"http:\/\/www.schechler.com\/mk\/wp-json\/wp\/v2\/comments?post=16006"}],"version-history":[{"count":0,"href":"http:\/\/www.schechler.com\/mk\/wp-json\/wp\/v2\/posts\/16006\/revisions"}],"wp:featuredmedia":[{"embeddable":true,"href":"http:\/\/www.schechler.com\/mk\/wp-json\/wp\/v2\/media\/16009"}],"wp:attachment":[{"href":"http:\/\/www.schechler.com\/mk\/wp-json\/wp\/v2\/media?parent=16006"}],"wp:term":[{"taxonomy":"category","embeddable":true,"href":"http:\/\/www.schechler.com\/mk\/wp-json\/wp\/v2\/categories?post=16006"},{"taxonomy":"post_tag","embeddable":true,"href":"http:\/\/www.schechler.com\/mk\/wp-json\/wp\/v2\/tags?post=16006"}],"curies":[{"name":"wp","href":"https:\/\/api.w.org\/{rel}","templated":true}]}}