{"id":12421,"date":"2024-03-21T09:55:43","date_gmt":"2024-03-21T08:55:43","guid":{"rendered":"http:\/\/www.schechler.com\/mk\/?p=12421"},"modified":"2024-03-25T18:49:52","modified_gmt":"2024-03-25T17:49:52","slug":"jason-derulo-2","status":"publish","type":"post","link":"http:\/\/www.schechler.com\/mk\/2024\/03\/21\/jason-derulo-2\/","title":{"rendered":"Jason Derulo!"},"content":{"rendered":"<p><strong>Jason Derulo begeistert in ausverkaufter Show der &#8220;Nu King World Tour&#8221; in der Porsche-Arena Stuttgart<\/strong><br \/>\nAm gestrigen Abend verwandelte Jason Derulo die Porsche-Arena Stuttgart in einen wahren Schmelztiegel der musikalischen Ekstase. Vor einem ausverkauften Publikum pr\u00e4sentierte der Superstar seine Nu King World Tour und lieferte eine atemberaubende Show, die die Massen mitrei\u00dfen und begeistern konnte.<\/p>\n<p>Schon beim Betreten der B\u00fchne strahlte Jason Derulo eine Aura aus, die die Zuschauer in ihren Bann zog. Mit einem kraftvollen Einstiegssong entfesselte er eine Energie, die sich wie ein Feuer \u00fcber das gesamte Publikum ausbreitete. Begleitet von einer beeindruckenden Lichtshow und einer Band, die perfekt aufeinander abgestimmt war, entfaltete sich vor den Augen der Zuschauer ein audiovisuelles Spektakel. Derulo&#8217;s musikalisches Repertoire reichte von seinen fr\u00fchen Hits wie &#8220;Whatcha Say&#8221; und &#8220;In My Head&#8221; bis hin zu zehn Tracks von seinem aktuellen, tournamengebenden Album&#8230;<\/p>\n<p>Das Publikum war von Anfang an in der Hand des charismatischen Entertainers. Mit seiner mitrei\u00dfenden B\u00fchnenpr\u00e4senz und seinem unverkennbaren Charme schaffte es Derulo, eine unmittelbare Verbindung zu seinen Fans herzustellen. Ob er nun zum Mitsingen animierte, zum Tanzen aufforderte oder einfach nur seine Dankbarkeit f\u00fcr die Unterst\u00fctzung seines Publikums zum Ausdruck brachte, seine Interaktion mit den Zuschauern &#8211; etwa 80 Prozent davon waren j\u00fcngere Frauen &#8211; war authentisch und herzlich.<\/p>\n<p>H\u00f6hepunkt des Abends war zweifellos Derulos Performance seiner gr\u00f6\u00dften Hits wie &#8220;Talk Dirty&#8221; und &#8220;Want to Want Me&#8221;. Die Porsche-Arena bebte f\u00f6rmlich unter dem euphorischen Jubel der Fans, die jede Zeile mitsangen und jede Bewegung des K\u00fcnstlers frenetisch bejubelten. Es war ein Moment der musikalischen Einheit und des kollektiven Gl\u00fccks, den man so schnell nicht vergessen wird.<\/p>\n<p>Insgesamt war Jason Derulos Nu King Tour in der Porsche-Arena Stuttgart ein triumphales Ereignis. Der K\u00fcnstler zeigte sich von seiner besten Seite und lieferte eine Show, die nicht nur seine Fans begeisterte, sondern auch neue Bewunderer gewann. Es war ein Abend voller Tanz, Emotionen und unvergesslicher Momente, der die Position von Jason Derulo als einer der f\u00fchrenden Entertainer unserer Zeit nur weiter festigte.<\/p>\n<div id=\"attachment_12422\" style=\"width: 1090px\" class=\"wp-caption aligncenter\"><img loading=\"lazy\" decoding=\"async\" aria-describedby=\"caption-attachment-12422\" src=\"http:\/\/www.schechler.com\/mk\/wp-content\/uploads\/2024\/03\/photo_20240321_201625.jpg\" alt=\"\" width=\"1080\" height=\"727\" class=\"size-full wp-image-12422\" srcset=\"http:\/\/www.schechler.com\/mk\/wp-content\/uploads\/2024\/03\/photo_20240321_201625.jpg 1080w, http:\/\/www.schechler.com\/mk\/wp-content\/uploads\/2024\/03\/photo_20240321_201625-300x202.jpg 300w, http:\/\/www.schechler.com\/mk\/wp-content\/uploads\/2024\/03\/photo_20240321_201625-1024x689.jpg 1024w, http:\/\/www.schechler.com\/mk\/wp-content\/uploads\/2024\/03\/photo_20240321_201625-768x517.jpg 768w, http:\/\/www.schechler.com\/mk\/wp-content\/uploads\/2024\/03\/photo_20240321_201625-250x168.jpg 250w\" sizes=\"auto, (max-width: 1080px) 100vw, 1080px\" \/><p id=\"caption-attachment-12422\" class=\"wp-caption-text\">Suchbild: Finde Jason Derulo<\/p><\/div>\n<p>Jason Derulo<br \/>\nNu King World Tour<br \/>\nG\u00e4ste: Sincere Show, Afro B<br \/>\nPorsche-Arena | Stuttgart<br \/>\n20.03.2024 | 20:00 Uhr<\/p>\n<p>Lokaler Veranstalter:<br \/>\nMusic Circus Concertb\u00fcro \u2013 Charlottenplatz 17 \u2013 70173 Stuttgart \u2013 <a href=\"http:\/\/www.musiccircus.de\" rel=\"noopener noreferrer\" target=\"_blank\">www.musiccircus.de<\/a><\/p>\n<p>Seit seinem Durchbruch mit der allein in den USA f\u00fcnffach Platin-ausgezeichneten Single \u201eWhatcha Say\u201c (Gold in DE) in 2009 hat der preisgekr\u00f6nte Singer-Songwriter weltweit mehr als 250 Millionen Tontr\u00e4ger verkauft, \u00fcber 18,2 Milliarden Streams generiert und sich eine gewaltige Social-Media-Fangemeinde von \u00fcber 117 Millionen Followern quer \u00fcber allen Plattformen aufgebaut.<\/p>\n<p>Mittlerweile ist JASON DERULO einer der gr\u00f6\u00dften Superstars der TikTok-Sph\u00e4re: Insgesamt ist er der viertmeistgefolgte m\u00e4nnliche K\u00fcnstler auf der Video-Sharing-Plattform, geschlechter\u00fcbergreifend hat er den weltweit elfterfolgreichsten Account. Aktuell arbeitet der vielseitig talentierte S\u00e4nger, Songwriter, Digital-Guru und Unternehmer an seinem mit Spannung erwarteten f\u00fcnften Album. Einen ersten Vorgeschmack darauf geben die im Februar ver\u00f6ffentlichte Single \u201eSaturday\/Sunday\u201c mit David Guetta, sowie die neuen Songs \u201eGlad U Came\u201c und \u201eWhen Love Sucks\u201c feat. Dido.<\/p>\n<p>Zum Anschauen der Foto-Galerie auf erstes Bild klicken und dann mit Pfeiltaste rechts durchbl\u00e4ttern.<\/p>\n<p>ngg_shortcode_0_placeholder<\/strong><\/p>\n<p><strong>Setlist<\/strong><br \/>\nNu King Video<br \/>\nWhatcha Say<br \/>\nTip Toe<br \/>\nWiggle<br \/>\nTake You Dancing<br \/>\nAcapulco<br \/>\nBreathing<br \/>\nCheyenne<br \/>\nIn My Head<br \/>\nRidin&#8217; Solo<br \/>\nMad Love<br \/>\nSavage Love<br \/>\nHands On MeLove Tonight (Shouse cover)<br \/>\nJalebi Baby (Tesher x Jason Derulo cover)<br \/>\nCo\u00f1o<br \/>\nIt Girl<br \/>\nU + I<br \/>\nMarry Me<br \/>\nSpicy Margarita<br \/>\nTrumpets<br \/>\nSwalla<br \/>\nDon&#8217;t Wanna Go Home<br \/>\nAyo Girl<br \/>\nThe Other Side<br \/>\nTalk Dirty<br \/>\nWant to Want Me<br \/>\nDown<\/p>\n<p>#jasonderulo #jasonderuloconcert #jasonderuloworldtour #jasonderulofans #NuKingWorldtour #derulofamily #LesTwins #LesTwinsoff #LesTwinson #LesTwinsLaurent #LesTwinsLarry #LilBeast #CaBlaze #LaurentBourgeois #LarryBourgeois #LingBourgeoisEdit #LesTwinsClique #LesTwinsDance #FranceDancer #Legend #LegendTwins #LesTwinsHipHop #OfficialLesTwins #musiccircusconcertgmbh #porschearena #soldoutshow <\/p>\n<p><img loading=\"lazy\" decoding=\"async\" src=\"http:\/\/www.schechler.com\/mk\/wp-content\/uploads\/2023\/08\/GPT_included_Robot-Icon.png\" alt=\"GPT unterst\u00fctzt\" title=\"GPT unterst\u00fctzt\" width=\"30\" height=\"30\"\/><\/p>\n<a class=\"synved-social-button synved-social-button-share synved-social-size-48 synved-social-resolution-single synved-social-provider-facebook nolightbox\" data-provider=\"facebook\" target=\"_blank\" rel=\"nofollow\" title=\"Share on Facebook\" href=\"https:\/\/www.facebook.com\/sharer.php?u=http%3A%2F%2Fwww.schechler.com%2Fmk&#038;t=Jason%20Derulo%21&#038;s=100&#038;p&#091;url&#093;=http%3A%2F%2Fwww.schechler.com%2Fmk&#038;p&#091;images&#093;&#091;0&#093;=http%3A%2F%2Fwww.schechler.com%2Fmk%2Fwp-content%2Fuploads%2F2024%2F03%2FDS307709_Radiant.jpg&#038;p&#091;title&#093;=Jason%20Derulo%21\" style=\"font-size: 0px;width:48px;height:48px;margin:0;margin-bottom:5px;margin-right:5px\"><img loading=\"lazy\" decoding=\"async\" alt=\"Facebook\" title=\"Share on Facebook\" class=\"synved-share-image synved-social-image synved-social-image-share\" width=\"48\" height=\"48\" style=\"display: inline;width:48px;height:48px;margin: 0;padding: 0;border: none;box-shadow: none\" src=\"http:\/\/www.schechler.com\/mk\/wp-content\/plugins\/social-media-feather\/synved-social\/image\/social\/regular\/96x96\/facebook.png\" \/><\/a><a class=\"synved-social-button synved-social-button-share synved-social-size-48 synved-social-resolution-single synved-social-provider-twitter nolightbox\" data-provider=\"twitter\" target=\"_blank\" rel=\"nofollow\" title=\"Share on Twitter\" href=\"https:\/\/twitter.com\/intent\/tweet?url=http%3A%2F%2Fwww.schechler.com%2Fmk&#038;text=Dark%20Contrasts%20Photo%20Project.%20Hey%20check%20this%20out\" style=\"font-size: 0px;width:48px;height:48px;margin:0;margin-bottom:5px;margin-right:5px\"><img loading=\"lazy\" decoding=\"async\" alt=\"twitter\" title=\"Share on Twitter\" class=\"synved-share-image synved-social-image synved-social-image-share\" width=\"48\" height=\"48\" style=\"display: inline;width:48px;height:48px;margin: 0;padding: 0;border: none;box-shadow: none\" src=\"http:\/\/www.schechler.com\/mk\/wp-content\/plugins\/social-media-feather\/synved-social\/image\/social\/regular\/96x96\/twitter.png\" \/><\/a><a class=\"synved-social-button synved-social-button-share synved-social-size-48 synved-social-resolution-single synved-social-provider-pinterest nolightbox\" data-provider=\"pinterest\" target=\"_blank\" rel=\"nofollow\" title=\"Pin it with Pinterest\" href=\"https:\/\/pinterest.com\/pin\/create\/button\/?url=http%3A%2F%2Fwww.schechler.com%2Fmk&#038;media=http%3A%2F%2Fwww.schechler.com%2Fmk%2Fwp-content%2Fuploads%2F2024%2F03%2FDS307709_Radiant.jpg&#038;description=Jason%20Derulo%21\" style=\"font-size: 0px;width:48px;height:48px;margin:0;margin-bottom:5px;margin-right:5px\"><img loading=\"lazy\" decoding=\"async\" alt=\"pinterest\" title=\"Pin it with Pinterest\" class=\"synved-share-image synved-social-image synved-social-image-share\" width=\"48\" height=\"48\" style=\"display: inline;width:48px;height:48px;margin: 0;padding: 0;border: none;box-shadow: none\" src=\"http:\/\/www.schechler.com\/mk\/wp-content\/plugins\/social-media-feather\/synved-social\/image\/social\/regular\/96x96\/pinterest.png\" \/><\/a><a class=\"synved-social-button synved-social-button-share synved-social-size-48 synved-social-resolution-single synved-social-provider-linkedin nolightbox\" data-provider=\"linkedin\" target=\"_blank\" rel=\"nofollow\" title=\"Share on Linkedin\" href=\"https:\/\/www.linkedin.com\/shareArticle?mini=true&#038;url=http%3A%2F%2Fwww.schechler.com%2Fmk&#038;title=Jason%20Derulo%21\" style=\"font-size: 0px;width:48px;height:48px;margin:0;margin-bottom:5px;margin-right:5px\"><img loading=\"lazy\" decoding=\"async\" alt=\"linkedin\" title=\"Share on Linkedin\" class=\"synved-share-image synved-social-image synved-social-image-share\" width=\"48\" height=\"48\" style=\"display: inline;width:48px;height:48px;margin: 0;padding: 0;border: none;box-shadow: none\" src=\"http:\/\/www.schechler.com\/mk\/wp-content\/plugins\/social-media-feather\/synved-social\/image\/social\/regular\/96x96\/linkedin.png\" \/><\/a><a class=\"synved-social-button synved-social-button-share synved-social-size-48 synved-social-resolution-single synved-social-provider-mail nolightbox\" data-provider=\"mail\" rel=\"nofollow\" title=\"Share by email\" href=\"mailto:?subject=Jason%20Derulo%21&#038;body=Dark%20Contrasts%20Photo%20Project.%20Hey%20check%20this%20out:%20http%3A%2F%2Fwww.schechler.com%2Fmk\" style=\"font-size: 0px;width:48px;height:48px;margin:0;margin-bottom:5px\"><img loading=\"lazy\" decoding=\"async\" alt=\"mail\" title=\"Share by email\" class=\"synved-share-image synved-social-image synved-social-image-share\" width=\"48\" height=\"48\" style=\"display: inline;width:48px;height:48px;margin: 0;padding: 0;border: none;box-shadow: none\" src=\"http:\/\/www.schechler.com\/mk\/wp-content\/plugins\/social-media-feather\/synved-social\/image\/social\/regular\/96x96\/mail.png\" \/><\/a>","protected":false},"excerpt":{"rendered":"<p>Jason Derulo begeistert in ausverkaufter Show der &#8220;Nu King World Tour&#8221; in der Porsche-Arena Stuttgart Am gestrigen Abend verwandelte Jason Derulo die Porsche-Arena Stuttgart in einen wahren Schmelztiegel der musikalischen Ekstase. Vor einem ausverkauften Publikum pr\u00e4sentierte der Superstar seine Nu King World Tour und lieferte eine atemberaubende Show, die die Massen mitrei\u00dfen und begeistern konnte. [&hellip;]<\/p>\n","protected":false},"author":1,"featured_media":12423,"comment_status":"closed","ping_status":"closed","sticky":false,"template":"","format":"image","meta":{"ngg_post_thumbnail":0,"footnotes":""},"categories":[1],"tags":[5],"class_list":["post-12421","post","type-post","status-publish","format-image","has-post-thumbnail","hentry","category-allgemein","tag-concerts","post_format-post-format-image"],"_links":{"self":[{"href":"http:\/\/www.schechler.com\/mk\/wp-json\/wp\/v2\/posts\/12421","targetHints":{"allow":["GET"]}}],"collection":[{"href":"http:\/\/www.schechler.com\/mk\/wp-json\/wp\/v2\/posts"}],"about":[{"href":"http:\/\/www.schechler.com\/mk\/wp-json\/wp\/v2\/types\/post"}],"author":[{"embeddable":true,"href":"http:\/\/www.schechler.com\/mk\/wp-json\/wp\/v2\/users\/1"}],"replies":[{"embeddable":true,"href":"http:\/\/www.schechler.com\/mk\/wp-json\/wp\/v2\/comments?post=12421"}],"version-history":[{"count":0,"href":"http:\/\/www.schechler.com\/mk\/wp-json\/wp\/v2\/posts\/12421\/revisions"}],"wp:featuredmedia":[{"embeddable":true,"href":"http:\/\/www.schechler.com\/mk\/wp-json\/wp\/v2\/media\/12423"}],"wp:attachment":[{"href":"http:\/\/www.schechler.com\/mk\/wp-json\/wp\/v2\/media?parent=12421"}],"wp:term":[{"taxonomy":"category","embeddable":true,"href":"http:\/\/www.schechler.com\/mk\/wp-json\/wp\/v2\/categories?post=12421"},{"taxonomy":"post_tag","embeddable":true,"href":"http:\/\/www.schechler.com\/mk\/wp-json\/wp\/v2\/tags?post=12421"}],"curies":[{"name":"wp","href":"https:\/\/api.w.org\/{rel}","templated":true}]}}