{"id":12393,"date":"2024-03-17T17:37:43","date_gmt":"2024-03-17T16:37:43","guid":{"rendered":"http:\/\/www.schechler.com\/mk\/?p=12393"},"modified":"2024-03-30T16:55:56","modified_gmt":"2024-03-30T15:55:56","slug":"seraina-telli","status":"publish","type":"post","link":"http:\/\/www.schechler.com\/mk\/2024\/03\/17\/seraina-telli\/","title":{"rendered":"Seraina Telli!"},"content":{"rendered":"<blockquote><p><strong>Seraina Telli begeistert als Support von Joachim Witt im Scala Ludwigsburg<\/strong><br \/>\nAm vergangenen Freitagabend wurde das Scala Ludwigsburg mit einem elektrisierenden Konzertabend belebt, der die Grenzen zwischen den Genres verschwimmen lie\u00df. Als Support f\u00fcr den legend\u00e4ren Joachim Witt betrat Seraina Telli die B\u00fchne und entfachte eine Energie, die das Publikum in ihren Bann zog.<\/p>\n<p>Seraina Telli, bekannt als charismatische Frontfrau der Band Dead Venus, zeigte in ihrer Solo-Performance eine eindrucksvolle Vielseitigkeit. Mit ihrer markanten Stimme und einer Pr\u00e4senz, die den Raum erf\u00fcllte, zog sie die Zuschauer sofort in ihren Bann. Ihre Musik, eine Mischung aus Rock, Alternative und einer Prise elektronischer Elemente, war ein kraftvoller Auftakt f\u00fcr den Abend. Von Anfang an verstand es Telli, das Publikum mitzurei\u00dfen. Mit Songs wie &#8220;Addicted to Color&#8221; und &#8220;Modern Warrior&#8221; zeigte sie eine beeindruckende Bandbreite an Emotionen und Stimmungen. Ihre Texte, durchdrungen von pers\u00f6nlicher Intensit\u00e4t, fanden einen direkten Draht zu den Zuh\u00f6rern, die sich in den eindringlichen Melodien verloren.<\/p>\n<p>Besonders beeindruckend war die Art und Weise, wie Seraina Telli die B\u00fchne beherrschte. Mit ihrer energetischen Performance und einer starken B\u00fchnenpr\u00e4senz zog sie die Aufmerksamkeit auf sich und lie\u00df keinen Moment der Langeweile aufkommen. Ihr Zusammenspiel mit der Band war nahtlos und jeder Song wurde mit einer Leidenschaft vorgetragen, die ansteckend wirkte. Die H\u00f6hepunkte ihres Auftritts waren zweifellos die Momente, in denen Telli ihre Stimme in die H\u00f6he trieb und eine kraftvolle Intensit\u00e4t entfaltete, die G\u00e4nsehaut verursachte. Ihr Auftritt war eine eindringliche Demonstration ihrer k\u00fcnstlerischen F\u00e4higkeiten und lie\u00df das Publikum mit dem Wunsch zur\u00fcck, mehr von ihr zu h\u00f6ren.<\/p>\n<p>Insgesamt war Seraina Tellis Auftritt im Scala Ludwigsburg ein \u00fcberzeugender Start in den Abend. Sie bewies einmal mehr, dass sie zu den aufregendsten Stimmen der zeitgen\u00f6ssischen Rockmusik geh\u00f6rt und ihre Performance als Support f\u00fcr Joachim Witt war eine perfekte Einstimmung auf den Hauptact des Abends.<br \/>\nMK Schechler<\/p><\/blockquote>\n<div id=\"attachment_12397\" style=\"width: 1090px\" class=\"wp-caption aligncenter\"><img loading=\"lazy\" decoding=\"async\" aria-describedby=\"caption-attachment-12397\" src=\"http:\/\/www.schechler.com\/mk\/wp-content\/uploads\/2024\/03\/DS706169_Radiant.jpg\" alt=\"\" width=\"1080\" height=\"727\" class=\"size-full wp-image-12397\" srcset=\"http:\/\/www.schechler.com\/mk\/wp-content\/uploads\/2024\/03\/DS706169_Radiant.jpg 1080w, http:\/\/www.schechler.com\/mk\/wp-content\/uploads\/2024\/03\/DS706169_Radiant-300x202.jpg 300w, http:\/\/www.schechler.com\/mk\/wp-content\/uploads\/2024\/03\/DS706169_Radiant-1024x689.jpg 1024w, http:\/\/www.schechler.com\/mk\/wp-content\/uploads\/2024\/03\/DS706169_Radiant-768x517.jpg 768w, http:\/\/www.schechler.com\/mk\/wp-content\/uploads\/2024\/03\/DS706169_Radiant-250x168.jpg 250w\" sizes=\"auto, (max-width: 1080px) 100vw, 1080px\" \/><p id=\"caption-attachment-12397\" class=\"wp-caption-text\">Seraina Telli in Ludwigsburg<\/p><\/div>\n<p>JOACHIM WITT<br \/>\nFELS IN DER BRANDUNG &#8211; TOUR 2024<br \/>\nSUPPORT: SERAINA TELLI<br \/>\nScala Ludwigsburg<br \/>\n15 MRZ 20.00 UHR<\/p>\n<p>Zum Anschauen der Foto-Galerie auf erstes Bild klicken und dann mit Pfeiltaste rechts durchbl\u00e4ttern.<\/p>\n<p>ngg_shortcode_0_placeholder<\/strong><\/p>\n<p><strong>Setlist<\/strong><br \/>\nAddicted to Color<br \/>\nWish You Well<br \/>\nI\u2019m Not Sorry<br \/>\nI Dare to<br \/>\nThink!<br \/>\nAll Your Tears<br \/>\nLeft Behind<br \/>\nNot One of Your Kind<br \/>\nModern Warrior<\/p>\n<p>#serainatelli #joachimwitt #herbergsvater #goldenerreiter #scalaludwigsburg #JanoschMoldau<\/p>\n<p><img loading=\"lazy\" decoding=\"async\" src=\"http:\/\/www.schechler.com\/mk\/wp-content\/uploads\/2023\/08\/GPT_included_Robot-Icon.png\" alt=\"GPT unterst\u00fctzt\" title=\"GPT unterst\u00fctzt\" width=\"30\" height=\"30\"\/><\/p>\n<a class=\"synved-social-button synved-social-button-share synved-social-size-48 synved-social-resolution-single synved-social-provider-facebook nolightbox\" data-provider=\"facebook\" target=\"_blank\" rel=\"nofollow\" title=\"Share on Facebook\" href=\"https:\/\/www.facebook.com\/sharer.php?u=http%3A%2F%2Fwww.schechler.com%2Fmk&#038;t=Seraina%20Telli%21&#038;s=100&#038;p&#091;url&#093;=http%3A%2F%2Fwww.schechler.com%2Fmk&#038;p&#091;images&#093;&#091;0&#093;=http%3A%2F%2Fwww.schechler.com%2Fmk%2Fwp-content%2Fuploads%2F2024%2F03%2FDS307242_Radiant-001.jpg&#038;p&#091;title&#093;=Seraina%20Telli%21\" style=\"font-size: 0px;width:48px;height:48px;margin:0;margin-bottom:5px;margin-right:5px\"><img loading=\"lazy\" decoding=\"async\" alt=\"Facebook\" title=\"Share on Facebook\" class=\"synved-share-image synved-social-image synved-social-image-share\" width=\"48\" height=\"48\" style=\"display: inline;width:48px;height:48px;margin: 0;padding: 0;border: none;box-shadow: none\" src=\"http:\/\/www.schechler.com\/mk\/wp-content\/plugins\/social-media-feather\/synved-social\/image\/social\/regular\/96x96\/facebook.png\" \/><\/a><a class=\"synved-social-button synved-social-button-share synved-social-size-48 synved-social-resolution-single synved-social-provider-twitter nolightbox\" data-provider=\"twitter\" target=\"_blank\" rel=\"nofollow\" title=\"Share on Twitter\" href=\"https:\/\/twitter.com\/intent\/tweet?url=http%3A%2F%2Fwww.schechler.com%2Fmk&#038;text=Dark%20Contrasts%20Photo%20Project.%20Hey%20check%20this%20out\" style=\"font-size: 0px;width:48px;height:48px;margin:0;margin-bottom:5px;margin-right:5px\"><img loading=\"lazy\" decoding=\"async\" alt=\"twitter\" title=\"Share on Twitter\" class=\"synved-share-image synved-social-image synved-social-image-share\" width=\"48\" height=\"48\" style=\"display: inline;width:48px;height:48px;margin: 0;padding: 0;border: none;box-shadow: none\" src=\"http:\/\/www.schechler.com\/mk\/wp-content\/plugins\/social-media-feather\/synved-social\/image\/social\/regular\/96x96\/twitter.png\" \/><\/a><a class=\"synved-social-button synved-social-button-share synved-social-size-48 synved-social-resolution-single synved-social-provider-pinterest nolightbox\" data-provider=\"pinterest\" target=\"_blank\" rel=\"nofollow\" title=\"Pin it with Pinterest\" href=\"https:\/\/pinterest.com\/pin\/create\/button\/?url=http%3A%2F%2Fwww.schechler.com%2Fmk&#038;media=http%3A%2F%2Fwww.schechler.com%2Fmk%2Fwp-content%2Fuploads%2F2024%2F03%2FDS307242_Radiant-001.jpg&#038;description=Seraina%20Telli%21\" style=\"font-size: 0px;width:48px;height:48px;margin:0;margin-bottom:5px;margin-right:5px\"><img loading=\"lazy\" decoding=\"async\" alt=\"pinterest\" title=\"Pin it with Pinterest\" class=\"synved-share-image synved-social-image synved-social-image-share\" width=\"48\" height=\"48\" style=\"display: inline;width:48px;height:48px;margin: 0;padding: 0;border: none;box-shadow: none\" src=\"http:\/\/www.schechler.com\/mk\/wp-content\/plugins\/social-media-feather\/synved-social\/image\/social\/regular\/96x96\/pinterest.png\" \/><\/a><a class=\"synved-social-button synved-social-button-share synved-social-size-48 synved-social-resolution-single synved-social-provider-linkedin nolightbox\" data-provider=\"linkedin\" target=\"_blank\" rel=\"nofollow\" title=\"Share on Linkedin\" href=\"https:\/\/www.linkedin.com\/shareArticle?mini=true&#038;url=http%3A%2F%2Fwww.schechler.com%2Fmk&#038;title=Seraina%20Telli%21\" style=\"font-size: 0px;width:48px;height:48px;margin:0;margin-bottom:5px;margin-right:5px\"><img loading=\"lazy\" decoding=\"async\" alt=\"linkedin\" title=\"Share on Linkedin\" class=\"synved-share-image synved-social-image synved-social-image-share\" width=\"48\" height=\"48\" style=\"display: inline;width:48px;height:48px;margin: 0;padding: 0;border: none;box-shadow: none\" src=\"http:\/\/www.schechler.com\/mk\/wp-content\/plugins\/social-media-feather\/synved-social\/image\/social\/regular\/96x96\/linkedin.png\" \/><\/a><a class=\"synved-social-button synved-social-button-share synved-social-size-48 synved-social-resolution-single synved-social-provider-mail nolightbox\" data-provider=\"mail\" rel=\"nofollow\" title=\"Share by email\" href=\"mailto:?subject=Seraina%20Telli%21&#038;body=Dark%20Contrasts%20Photo%20Project.%20Hey%20check%20this%20out:%20http%3A%2F%2Fwww.schechler.com%2Fmk\" style=\"font-size: 0px;width:48px;height:48px;margin:0;margin-bottom:5px\"><img loading=\"lazy\" decoding=\"async\" alt=\"mail\" title=\"Share by email\" class=\"synved-share-image synved-social-image synved-social-image-share\" width=\"48\" height=\"48\" style=\"display: inline;width:48px;height:48px;margin: 0;padding: 0;border: none;box-shadow: none\" src=\"http:\/\/www.schechler.com\/mk\/wp-content\/plugins\/social-media-feather\/synved-social\/image\/social\/regular\/96x96\/mail.png\" \/><\/a>","protected":false},"excerpt":{"rendered":"<p>Seraina Telli begeistert als Support von Joachim Witt im Scala Ludwigsburg Am vergangenen Freitagabend wurde das Scala Ludwigsburg mit einem elektrisierenden Konzertabend belebt, der die Grenzen zwischen den Genres verschwimmen lie\u00df. Als Support f\u00fcr den legend\u00e4ren Joachim Witt betrat Seraina Telli die B\u00fchne und entfachte eine Energie, die das Publikum in ihren Bann zog. Seraina [&hellip;]<\/p>\n","protected":false},"author":1,"featured_media":12396,"comment_status":"closed","ping_status":"closed","sticky":false,"template":"","format":"image","meta":{"ngg_post_thumbnail":0,"footnotes":""},"categories":[1],"tags":[5],"class_list":["post-12393","post","type-post","status-publish","format-image","has-post-thumbnail","hentry","category-allgemein","tag-concerts","post_format-post-format-image"],"_links":{"self":[{"href":"http:\/\/www.schechler.com\/mk\/wp-json\/wp\/v2\/posts\/12393","targetHints":{"allow":["GET"]}}],"collection":[{"href":"http:\/\/www.schechler.com\/mk\/wp-json\/wp\/v2\/posts"}],"about":[{"href":"http:\/\/www.schechler.com\/mk\/wp-json\/wp\/v2\/types\/post"}],"author":[{"embeddable":true,"href":"http:\/\/www.schechler.com\/mk\/wp-json\/wp\/v2\/users\/1"}],"replies":[{"embeddable":true,"href":"http:\/\/www.schechler.com\/mk\/wp-json\/wp\/v2\/comments?post=12393"}],"version-history":[{"count":0,"href":"http:\/\/www.schechler.com\/mk\/wp-json\/wp\/v2\/posts\/12393\/revisions"}],"wp:featuredmedia":[{"embeddable":true,"href":"http:\/\/www.schechler.com\/mk\/wp-json\/wp\/v2\/media\/12396"}],"wp:attachment":[{"href":"http:\/\/www.schechler.com\/mk\/wp-json\/wp\/v2\/media?parent=12393"}],"wp:term":[{"taxonomy":"category","embeddable":true,"href":"http:\/\/www.schechler.com\/mk\/wp-json\/wp\/v2\/categories?post=12393"},{"taxonomy":"post_tag","embeddable":true,"href":"http:\/\/www.schechler.com\/mk\/wp-json\/wp\/v2\/tags?post=12393"}],"curies":[{"name":"wp","href":"https:\/\/api.w.org\/{rel}","templated":true}]}}