{"id":12318,"date":"2024-03-15T23:50:45","date_gmt":"2024-03-15T22:50:45","guid":{"rendered":"http:\/\/www.schechler.com\/mk\/?p=12318"},"modified":"2024-03-17T13:06:53","modified_gmt":"2024-03-17T12:06:53","slug":"joachim-witt","status":"publish","type":"post","link":"http:\/\/www.schechler.com\/mk\/2024\/03\/15\/joachim-witt\/","title":{"rendered":"Joachim Witt!"},"content":{"rendered":"<blockquote><p><strong>Er ist der goldene Reiter&#8230;<\/strong><br \/>\nJoachim Witt, eine Legende der deutschen Musikszene, begeisterte sein Publikum in Ludwigsburg mit einer unvergesslichen Clubtour und einem beeindruckenden Abschiedskonzert. Der Abend war gepr\u00e4gt von einer elektrisierenden Atmosph\u00e4re, als Witt die B\u00fchne betrat und das Publikum mit seiner charismatischen Pr\u00e4senz in den Bann zog.<\/p>\n<p>Mit seinem aktuellen Album &#8220;Fels in der Brandung&#8221; im Gep\u00e4ck pr\u00e4sentierte Witt eine eindrucksvolle Mischung aus neuen Hits und zeitlosen Klassikern. Von den eing\u00e4ngigen Melodien bis hin zu den tiefgr\u00fcndigen Texten zog er sein Publikum in seinen Bann und sorgte f\u00fcr unvergessliche Momente. &#8220;Die Flut&#8221; und &#8220;Herbergsvater&#8221; durften nat\u00fcrlich genauso nicht fehlen wie &#8220;Goldener Reiter&#8221;. <\/p>\n<p>Die Clubatmosph\u00e4re des Scala verst\u00e4rkte die Intimit\u00e4t des Konzerts und lie\u00df die Fans noch n\u00e4her an den K\u00fcnstler heran. Witt nutzte diese N\u00e4he, um eine emotionale Verbindung zu seinem Publikum aufzubauen, und bedankte sich herzlich f\u00fcr die jahrelange Unterst\u00fctzung seiner Fans.<\/p>\n<p>Mit einer energiegeladenen Performance und einer mitrei\u00dfenden B\u00fchnenpr\u00e4senz bewies Joachim Witt einmal mehr, warum er zu den ganz Gro\u00dfen der deutschen Musikszene z\u00e4hlt. Sein Abschiedskonzert in der Ludwigsburger Scala wird sicherlich noch lange in den Herzen der Zuschauer nachhallen und den vierhundert Anwesenden als ein unvergessliches Erlebnis in Erinnerung bleiben.<br \/>\nMK Schechler<\/p><\/blockquote>\n<div id=\"attachment_12324\" style=\"width: 1090px\" class=\"wp-caption aligncenter\"><img loading=\"lazy\" decoding=\"async\" aria-describedby=\"caption-attachment-12324\" src=\"http:\/\/www.schechler.com\/mk\/wp-content\/uploads\/2024\/03\/DS706220_Radiant.jpg\" alt=\"\" width=\"1080\" height=\"727\" class=\"size-full wp-image-12324\" srcset=\"http:\/\/www.schechler.com\/mk\/wp-content\/uploads\/2024\/03\/DS706220_Radiant.jpg 1080w, http:\/\/www.schechler.com\/mk\/wp-content\/uploads\/2024\/03\/DS706220_Radiant-300x202.jpg 300w, http:\/\/www.schechler.com\/mk\/wp-content\/uploads\/2024\/03\/DS706220_Radiant-1024x689.jpg 1024w, http:\/\/www.schechler.com\/mk\/wp-content\/uploads\/2024\/03\/DS706220_Radiant-768x517.jpg 768w, http:\/\/www.schechler.com\/mk\/wp-content\/uploads\/2024\/03\/DS706220_Radiant-250x168.jpg 250w\" sizes=\"auto, (max-width: 1080px) 100vw, 1080px\" \/><p id=\"caption-attachment-12324\" class=\"wp-caption-text\">Joachim Witt im Scala Ludwigsburg<\/p><\/div>\n<p>JOACHIM WITT<br \/>\nFELS IN DER BRANDUNG &#8211; TOUR 2024<br \/>\nScala Ludwigsburg<br \/>\n15 MRZ 20.00 UHR<\/p>\n<p>K\u00fcnstlerhomepage: <a href=\"http:\/\/joachimwitt.de\/\" rel=\"noopener\" target=\"_blank\">http:\/\/joachimwitt.de\/<\/a><\/p>\n<p>Zum Anschauen der Foto-Galerie auf erstes Bild klicken und dann mit Pfeiltaste rechts durchbl\u00e4ttern.<\/p>\n<p>ngg_shortcode_0_placeholder<\/strong><\/p>\n<p>Er ist, wie Fans betonen, \u00bbeinzigartig, ganz besonders\u00ab. Viele Male erfand Joachim Witt sich bereits neu und blieb dabei immer am Nerv der Zeit ma\u00dfgeblicher deutscher Musikgeschichte. Das alles spricht f\u00fcr den Mann, der 1981 nur einen einzigen Song brauchte, um einen festen Platz in den Annalen deutscher Popmusik einzunehmen: \u00bbGoldener Reiter\u00ab kletterte im Aufwind der Neuen Deutschen Welle (NDW) an die Spitze der Charts und hat bis heute nichts von seiner Wirkung eingeb\u00fc\u00dft.<\/p>\n<p>Joachim Witt ist eine Lichtgestalt der deutschen Kulturszene. Seit \u00fcber 40 Jahren steht der erfolgreiche Musiker auf der B\u00fchne. In diesen Jahrzehnten hat er eine enorme Wandelbarkeit bewiesen. 17 Alben ver\u00f6ffentlichte Joachim Witt seit 1980. Zwei Signature-Songs \u2013 n\u00e4mlich \u00bbTri Tra Trullala (Herbergsvater)\u00ab und \u00bbDie Flut\u00ab, letztgenannter ein Duett mit Peter Heppner (Wolfsheim) pr\u00e4gen das \u00f6ffentliche Bild von Witt. Nach diversen Top-Ten Charterfolgen, Gold- und Platinawards (allein \u201edie Flut\u201c verkaufte mehr als 900.000 Einheiten) und \u00fcber 40 Millionen Streams schl\u00e4gt Joachim Witt nun ein weiteres, neues Kapitel seiner Karriere auf.<\/p>\n<p>In den letzten Jahrzehnten hat Joachim Witt die B\u00fchnen der Republik erobert, die Herzen mit seinen zeitlosen Hits ber\u00fchrt und in seinen musikalischen Bann gezogen. Ein K\u00fcnstler, der wie ein Fels in der Brandung stand, fest verankert in der deutschen Musiklandschaft. Und nun, da er kurz vor seinem 75. Geburtstag steht, schenkt er seinen treuen Fans ein letztes Geschenk \u2013 die ultimative Erfahrung, den Mann selbst auf seiner allerletzten Club Tour live zu erleben. Ja, richtig gelesen: Joachim Witt wird ab Februar auf seine letzte Club Tour gehen! Die kommende Tour zum Album \u201eDer Fels in der Brandung\u201c verspricht nicht nur eine k\u00fcnstlerische Zeitreise, sondern auch einen emotionalen Abschied von den intimen Clubs, die Witt so sehr liebt. Die Gelegenheit, diesen Ausnahmek\u00fcnstler in dieser einzigartigen Atmosph\u00e4re zu erleben, wird sich nie wieder bieten. Denn Joachim Witt hat nun angek\u00fcndigt, dass dies seine letzte Club Tour sein wird, ein bewegender Abschied von den kleinen B\u00fchnen, die ihm so viel bedeuten.<\/p>\n<p>Am 22. Februar 2024 wurde Joachim Witt 75 Jahre alt, und die Club Tour ist sein ganz pers\u00f6nliches Geschenk an die treuen Fans, die ihn durch all die Jahre begleitet haben. Dies ist die letzte Chance, die leidenschaftliche Energie und die einzigartige Musikalit\u00e4t dieses Ausnahmek\u00fcnstlers hautnah zu erleben. Ein Moment, der f\u00fcr immer in den Herzen der Zuschauer verweilen wird. Diese Tour wird nicht nur ein Konzert sein, sondern ein emotionales Fest, das die Karriere dieses legend\u00e4ren K\u00fcnstlers w\u00fcrdigt. Jedes Ticket ist ein Eintritt in eine Welt der Melodien, die f\u00fcr immer in Erinnerung bleiben werden.<\/p>\n<p><strong>Setlist<\/strong><br \/>\nPROPAGANDA<br \/>\nWEG INS LICHT<br \/>\nES REGNET IN MIR<br \/>\nH\u00d6RST DU MICH<br \/>\nSIGNALE<br \/>\nOHNE DICH<br \/>\nGEH DEINEN WEG<br \/>\nB\u00c4UME<br \/>\nFELS IN DER BRANDUNG<br \/>\nMEIN HERZ<br \/>\nREVOLUTION<br \/>\nK\u00d6NIGREICH<br \/>\nSCHW\u00d6R MIR<br \/>\nDIE ERDE BRENNT<br \/>\nTR\u00c4UME IM GEGENWIND<br \/>\nICH HAB DICH NIE VERGESSEN<br \/>\nDIE FLUT<br \/>\nGOLDENER REITER<br \/>\nHERBERGSVATER<\/p>\n<p>#joachimwitt #herbergsvater #goldenerreiter #scalaludwigsburg #SerainaTelli #JanoschMoldau<\/p>\n<p><img loading=\"lazy\" decoding=\"async\" src=\"http:\/\/www.schechler.com\/mk\/wp-content\/uploads\/2023\/08\/GPT_included_Robot-Icon.png\" alt=\"GPT unterst\u00fctzt\" title=\"GPT unterst\u00fctzt\" width=\"30\" height=\"30\"\/><\/p>\n<a class=\"synved-social-button synved-social-button-share synved-social-size-48 synved-social-resolution-single synved-social-provider-facebook nolightbox\" data-provider=\"facebook\" target=\"_blank\" rel=\"nofollow\" title=\"Share on Facebook\" href=\"https:\/\/www.facebook.com\/sharer.php?u=http%3A%2F%2Fwww.schechler.com%2Fmk&#038;t=Joachim%20Witt%21&#038;s=100&#038;p&#091;url&#093;=http%3A%2F%2Fwww.schechler.com%2Fmk&#038;p&#091;images&#093;&#091;0&#093;=http%3A%2F%2Fwww.schechler.com%2Fmk%2Fwp-content%2Fuploads%2F2024%2F03%2FDS307280_Radiant.jpg&#038;p&#091;title&#093;=Joachim%20Witt%21\" style=\"font-size: 0px;width:48px;height:48px;margin:0;margin-bottom:5px;margin-right:5px\"><img loading=\"lazy\" decoding=\"async\" alt=\"Facebook\" title=\"Share on Facebook\" class=\"synved-share-image synved-social-image synved-social-image-share\" width=\"48\" height=\"48\" style=\"display: inline;width:48px;height:48px;margin: 0;padding: 0;border: none;box-shadow: none\" src=\"http:\/\/www.schechler.com\/mk\/wp-content\/plugins\/social-media-feather\/synved-social\/image\/social\/regular\/96x96\/facebook.png\" \/><\/a><a class=\"synved-social-button synved-social-button-share synved-social-size-48 synved-social-resolution-single synved-social-provider-twitter nolightbox\" data-provider=\"twitter\" target=\"_blank\" rel=\"nofollow\" title=\"Share on Twitter\" href=\"https:\/\/twitter.com\/intent\/tweet?url=http%3A%2F%2Fwww.schechler.com%2Fmk&#038;text=Dark%20Contrasts%20Photo%20Project.%20Hey%20check%20this%20out\" style=\"font-size: 0px;width:48px;height:48px;margin:0;margin-bottom:5px;margin-right:5px\"><img loading=\"lazy\" decoding=\"async\" alt=\"twitter\" title=\"Share on Twitter\" class=\"synved-share-image synved-social-image synved-social-image-share\" width=\"48\" height=\"48\" style=\"display: inline;width:48px;height:48px;margin: 0;padding: 0;border: none;box-shadow: none\" src=\"http:\/\/www.schechler.com\/mk\/wp-content\/plugins\/social-media-feather\/synved-social\/image\/social\/regular\/96x96\/twitter.png\" \/><\/a><a class=\"synved-social-button synved-social-button-share synved-social-size-48 synved-social-resolution-single synved-social-provider-pinterest nolightbox\" data-provider=\"pinterest\" target=\"_blank\" rel=\"nofollow\" title=\"Pin it with Pinterest\" href=\"https:\/\/pinterest.com\/pin\/create\/button\/?url=http%3A%2F%2Fwww.schechler.com%2Fmk&#038;media=http%3A%2F%2Fwww.schechler.com%2Fmk%2Fwp-content%2Fuploads%2F2024%2F03%2FDS307280_Radiant.jpg&#038;description=Joachim%20Witt%21\" style=\"font-size: 0px;width:48px;height:48px;margin:0;margin-bottom:5px;margin-right:5px\"><img loading=\"lazy\" decoding=\"async\" alt=\"pinterest\" title=\"Pin it with Pinterest\" class=\"synved-share-image synved-social-image synved-social-image-share\" width=\"48\" height=\"48\" style=\"display: inline;width:48px;height:48px;margin: 0;padding: 0;border: none;box-shadow: none\" src=\"http:\/\/www.schechler.com\/mk\/wp-content\/plugins\/social-media-feather\/synved-social\/image\/social\/regular\/96x96\/pinterest.png\" \/><\/a><a class=\"synved-social-button synved-social-button-share synved-social-size-48 synved-social-resolution-single synved-social-provider-linkedin nolightbox\" data-provider=\"linkedin\" target=\"_blank\" rel=\"nofollow\" title=\"Share on Linkedin\" href=\"https:\/\/www.linkedin.com\/shareArticle?mini=true&#038;url=http%3A%2F%2Fwww.schechler.com%2Fmk&#038;title=Joachim%20Witt%21\" style=\"font-size: 0px;width:48px;height:48px;margin:0;margin-bottom:5px;margin-right:5px\"><img loading=\"lazy\" decoding=\"async\" alt=\"linkedin\" title=\"Share on Linkedin\" class=\"synved-share-image synved-social-image synved-social-image-share\" width=\"48\" height=\"48\" style=\"display: inline;width:48px;height:48px;margin: 0;padding: 0;border: none;box-shadow: none\" src=\"http:\/\/www.schechler.com\/mk\/wp-content\/plugins\/social-media-feather\/synved-social\/image\/social\/regular\/96x96\/linkedin.png\" \/><\/a><a class=\"synved-social-button synved-social-button-share synved-social-size-48 synved-social-resolution-single synved-social-provider-mail nolightbox\" data-provider=\"mail\" rel=\"nofollow\" title=\"Share by email\" href=\"mailto:?subject=Joachim%20Witt%21&#038;body=Dark%20Contrasts%20Photo%20Project.%20Hey%20check%20this%20out:%20http%3A%2F%2Fwww.schechler.com%2Fmk\" style=\"font-size: 0px;width:48px;height:48px;margin:0;margin-bottom:5px\"><img loading=\"lazy\" decoding=\"async\" alt=\"mail\" title=\"Share by email\" class=\"synved-share-image synved-social-image synved-social-image-share\" width=\"48\" height=\"48\" style=\"display: inline;width:48px;height:48px;margin: 0;padding: 0;border: none;box-shadow: none\" src=\"http:\/\/www.schechler.com\/mk\/wp-content\/plugins\/social-media-feather\/synved-social\/image\/social\/regular\/96x96\/mail.png\" \/><\/a>","protected":false},"excerpt":{"rendered":"<p>Er ist der goldene Reiter&#8230; Joachim Witt, eine Legende der deutschen Musikszene, begeisterte sein Publikum in Ludwigsburg mit einer unvergesslichen Clubtour und einem beeindruckenden Abschiedskonzert. Der Abend war gepr\u00e4gt von einer elektrisierenden Atmosph\u00e4re, als Witt die B\u00fchne betrat und das Publikum mit seiner charismatischen Pr\u00e4senz in den Bann zog. Mit seinem aktuellen Album &#8220;Fels in [&hellip;]<\/p>\n","protected":false},"author":1,"featured_media":12323,"comment_status":"closed","ping_status":"closed","sticky":false,"template":"","format":"image","meta":{"ngg_post_thumbnail":0,"footnotes":""},"categories":[1],"tags":[5],"class_list":["post-12318","post","type-post","status-publish","format-image","has-post-thumbnail","hentry","category-allgemein","tag-concerts","post_format-post-format-image"],"_links":{"self":[{"href":"http:\/\/www.schechler.com\/mk\/wp-json\/wp\/v2\/posts\/12318","targetHints":{"allow":["GET"]}}],"collection":[{"href":"http:\/\/www.schechler.com\/mk\/wp-json\/wp\/v2\/posts"}],"about":[{"href":"http:\/\/www.schechler.com\/mk\/wp-json\/wp\/v2\/types\/post"}],"author":[{"embeddable":true,"href":"http:\/\/www.schechler.com\/mk\/wp-json\/wp\/v2\/users\/1"}],"replies":[{"embeddable":true,"href":"http:\/\/www.schechler.com\/mk\/wp-json\/wp\/v2\/comments?post=12318"}],"version-history":[{"count":0,"href":"http:\/\/www.schechler.com\/mk\/wp-json\/wp\/v2\/posts\/12318\/revisions"}],"wp:featuredmedia":[{"embeddable":true,"href":"http:\/\/www.schechler.com\/mk\/wp-json\/wp\/v2\/media\/12323"}],"wp:attachment":[{"href":"http:\/\/www.schechler.com\/mk\/wp-json\/wp\/v2\/media?parent=12318"}],"wp:term":[{"taxonomy":"category","embeddable":true,"href":"http:\/\/www.schechler.com\/mk\/wp-json\/wp\/v2\/categories?post=12318"},{"taxonomy":"post_tag","embeddable":true,"href":"http:\/\/www.schechler.com\/mk\/wp-json\/wp\/v2\/tags?post=12318"}],"curies":[{"name":"wp","href":"https:\/\/api.w.org\/{rel}","templated":true}]}}