{"id":12297,"date":"2024-03-13T15:47:16","date_gmt":"2024-03-13T14:47:16","guid":{"rendered":"http:\/\/www.schechler.com\/mk\/?p=12297"},"modified":"2024-03-19T20:58:26","modified_gmt":"2024-03-19T19:58:26","slug":"cirque","status":"publish","type":"post","link":"http:\/\/www.schechler.com\/mk\/2024\/03\/13\/cirque\/","title":{"rendered":"Cirque!"},"content":{"rendered":"<blockquote><p>Das Variet\u00e9 ist verwandt mit dem Theater und dem Zirkus. In der Show &#8220;Cirque&#8221; verschmelzen diese Genres!<\/p><\/blockquote>\n<p><strong>Friedrichsbau Variet\u00e9: Die neue Show \u201eCirque\u201c startet diese Woche, hier erste Einblicke&#8230;<\/strong><\/p>\n<div id=\"attachment_12316\" style=\"width: 1090px\" class=\"wp-caption aligncenter\"><img loading=\"lazy\" decoding=\"async\" aria-describedby=\"caption-attachment-12316\" src=\"http:\/\/www.schechler.com\/mk\/wp-content\/uploads\/2024\/03\/zDS307185_Radiant.jpg\" alt=\"\" width=\"1080\" height=\"721\" class=\"size-full wp-image-12316\" srcset=\"http:\/\/www.schechler.com\/mk\/wp-content\/uploads\/2024\/03\/zDS307185_Radiant.jpg 1080w, http:\/\/www.schechler.com\/mk\/wp-content\/uploads\/2024\/03\/zDS307185_Radiant-300x200.jpg 300w, http:\/\/www.schechler.com\/mk\/wp-content\/uploads\/2024\/03\/zDS307185_Radiant-1024x684.jpg 1024w, http:\/\/www.schechler.com\/mk\/wp-content\/uploads\/2024\/03\/zDS307185_Radiant-768x513.jpg 768w, http:\/\/www.schechler.com\/mk\/wp-content\/uploads\/2024\/03\/zDS307185_Radiant-250x167.jpg 250w\" sizes=\"auto, (max-width: 1080px) 100vw, 1080px\" \/><p id=\"caption-attachment-12316\" class=\"wp-caption-text\">Friedrichsbau Variet\u00e9: Ensemble der neuen Show \u201eCirque\u201c<\/p><\/div>\n<p>CIRQUE<br \/>\n15.03.24 \u2013 02.06.24<\/p>\n<p>Artistische Paradiesv\u00f6gel, wortgewandte Gaukler und akrobatische Exoten; ein Wanderzirkus, irgendwo im amerikanischen Wasteland der 50er Jahre. Sobald der Vorhang sich schlie\u00dft, erwacht die Welt hinter den Kulissen zum Leben. Ihr zu Hause ist die Stra\u00dfe, ihre Familie ist der Zirkus. Erf\u00fcllt von Fantasie, Romantik, Nostalgie, Wildheit und Freiheitsliebe begeistern spannende Charaktere mit herausragenden K\u00fcnsten und einzigartigen Talenten. Erleben Sie ein faszinierendes Spektakel, welches die Geschichten der Vergangenheit, die Visionen der Zukunft und vor allem das Leben im Hier und Jetzt lebendig macht. <\/p>\n<p>Zum Anschauen der Foto-Galerie auf erstes Bild klicken und dann mit Pfeiltaste rechts durchbl\u00e4ttern. Zus\u00e4tzliche Bilder von der Show am Premierenwochenende auf Foto-Galerie Seite 2.<\/p>\n<p>ngg_shortcode_0_placeholder<\/strong><\/p>\n<p>K\u00dcNSTLER:<br \/>\nMerlin Johnson Gesang, Comedy &#038; Magic<br \/>\nOfelia Grey Hoop, Stabjonglage<br \/>\nLisa Chudalla Aerial Chains, Schwertschlucken<br \/>\nJana Vogel Aerial Hoop<br \/>\nAleksandr &#038; Vlad Ikarische Spiele<br \/>\nRobert Best Equilibre<br \/>\nCoco Belle Burlesque<br \/>\nCollins lil. Brother Comedy, Magic <\/p>\n<p>Friedrichsbau Variet\u00e9<br \/>\nSiemensstra\u00dfe 15, 70469 Stuttgart<br \/>\ntickets@friedrichsbau.de<br \/>\nQuelle \/ Mehr Infos: <a href=\"http:\/\/www.friedrichsbau.de\" rel=\"noopener noreferrer\" target=\"_blank\">www.friedrichsbau.de<\/a> <\/p>\n<p>#friedrichsbau #variete #zirkuswelt #cirque #artistenshow<\/p>\n<a class=\"synved-social-button synved-social-button-share synved-social-size-48 synved-social-resolution-single synved-social-provider-facebook nolightbox\" data-provider=\"facebook\" target=\"_blank\" rel=\"nofollow\" title=\"Share on Facebook\" href=\"https:\/\/www.facebook.com\/sharer.php?u=http%3A%2F%2Fwww.schechler.com%2Fmk&amp;t=Cirque%21&amp;s=100&amp;p[url]=http%3A%2F%2Fwww.schechler.com%2Fmk&amp;p[images][0]=http%3A%2F%2Fwww.schechler.com%2Fmk%2Fwp-content%2Fuploads%2F2024%2F03%2FDS307152_Radiant.jpg&amp;p[title]=Cirque%21\" style=\"font-size: 0px;width:48px;height:48px;margin:0;margin-bottom:5px;margin-right:5px\"><img loading=\"lazy\" decoding=\"async\" alt=\"Facebook\" title=\"Share on Facebook\" class=\"synved-share-image synved-social-image synved-social-image-share\" width=\"48\" height=\"48\" style=\"display: inline;width:48px;height:48px;margin: 0;padding: 0;border: none;box-shadow: none\" src=\"http:\/\/www.schechler.com\/mk\/wp-content\/plugins\/social-media-feather\/synved-social\/image\/social\/regular\/96x96\/facebook.png\" \/><\/a><a class=\"synved-social-button synved-social-button-share synved-social-size-48 synved-social-resolution-single synved-social-provider-twitter nolightbox\" data-provider=\"twitter\" target=\"_blank\" rel=\"nofollow\" title=\"Share on Twitter\" href=\"https:\/\/twitter.com\/intent\/tweet?url=http%3A%2F%2Fwww.schechler.com%2Fmk&amp;text=Dark%20Contrasts%20Photo%20Project.%20Hey%20check%20this%20out\" style=\"font-size: 0px;width:48px;height:48px;margin:0;margin-bottom:5px;margin-right:5px\"><img loading=\"lazy\" decoding=\"async\" alt=\"twitter\" title=\"Share on Twitter\" class=\"synved-share-image synved-social-image synved-social-image-share\" width=\"48\" height=\"48\" style=\"display: inline;width:48px;height:48px;margin: 0;padding: 0;border: none;box-shadow: none\" src=\"http:\/\/www.schechler.com\/mk\/wp-content\/plugins\/social-media-feather\/synved-social\/image\/social\/regular\/96x96\/twitter.png\" \/><\/a><a class=\"synved-social-button synved-social-button-share synved-social-size-48 synved-social-resolution-single synved-social-provider-pinterest nolightbox\" data-provider=\"pinterest\" target=\"_blank\" rel=\"nofollow\" title=\"Pin it with Pinterest\" href=\"https:\/\/pinterest.com\/pin\/create\/button\/?url=http%3A%2F%2Fwww.schechler.com%2Fmk&amp;media=http%3A%2F%2Fwww.schechler.com%2Fmk%2Fwp-content%2Fuploads%2F2024%2F03%2FDS307152_Radiant.jpg&amp;description=Cirque%21\" style=\"font-size: 0px;width:48px;height:48px;margin:0;margin-bottom:5px;margin-right:5px\"><img loading=\"lazy\" decoding=\"async\" alt=\"pinterest\" title=\"Pin it with Pinterest\" class=\"synved-share-image synved-social-image synved-social-image-share\" width=\"48\" height=\"48\" style=\"display: inline;width:48px;height:48px;margin: 0;padding: 0;border: none;box-shadow: none\" src=\"http:\/\/www.schechler.com\/mk\/wp-content\/plugins\/social-media-feather\/synved-social\/image\/social\/regular\/96x96\/pinterest.png\" \/><\/a><a class=\"synved-social-button synved-social-button-share synved-social-size-48 synved-social-resolution-single synved-social-provider-linkedin nolightbox\" data-provider=\"linkedin\" target=\"_blank\" rel=\"nofollow\" title=\"Share on Linkedin\" href=\"https:\/\/www.linkedin.com\/shareArticle?mini=true&amp;url=http%3A%2F%2Fwww.schechler.com%2Fmk&amp;title=Cirque%21\" style=\"font-size: 0px;width:48px;height:48px;margin:0;margin-bottom:5px;margin-right:5px\"><img loading=\"lazy\" decoding=\"async\" alt=\"linkedin\" title=\"Share on Linkedin\" class=\"synved-share-image synved-social-image synved-social-image-share\" width=\"48\" height=\"48\" style=\"display: inline;width:48px;height:48px;margin: 0;padding: 0;border: none;box-shadow: none\" src=\"http:\/\/www.schechler.com\/mk\/wp-content\/plugins\/social-media-feather\/synved-social\/image\/social\/regular\/96x96\/linkedin.png\" \/><\/a><a class=\"synved-social-button synved-social-button-share synved-social-size-48 synved-social-resolution-single synved-social-provider-mail nolightbox\" data-provider=\"mail\" rel=\"nofollow\" title=\"Share by email\" href=\"mailto:?subject=Cirque%21&amp;body=Dark%20Contrasts%20Photo%20Project.%20Hey%20check%20this%20out:%20http%3A%2F%2Fwww.schechler.com%2Fmk\" style=\"font-size: 0px;width:48px;height:48px;margin:0;margin-bottom:5px\"><img loading=\"lazy\" decoding=\"async\" alt=\"mail\" title=\"Share by email\" class=\"synved-share-image synved-social-image synved-social-image-share\" width=\"48\" height=\"48\" style=\"display: inline;width:48px;height:48px;margin: 0;padding: 0;border: none;box-shadow: none\" src=\"http:\/\/www.schechler.com\/mk\/wp-content\/plugins\/social-media-feather\/synved-social\/image\/social\/regular\/96x96\/mail.png\" \/><\/a>","protected":false},"excerpt":{"rendered":"<p>Das Variet\u00e9 ist verwandt mit dem Theater und dem Zirkus. In der Show &#8220;Cirque&#8221; verschmelzen diese Genres! Friedrichsbau Variet\u00e9: Die neue Show \u201eCirque\u201c startet diese Woche, hier erste Einblicke&#8230; CIRQUE 15.03.24 \u2013 02.06.24 Artistische Paradiesv\u00f6gel, wortgewandte Gaukler und akrobatische Exoten; ein Wanderzirkus, irgendwo im amerikanischen Wasteland der 50er Jahre. Sobald der Vorhang sich schlie\u00dft, erwacht [&hellip;]<\/p>\n","protected":false},"author":1,"featured_media":12315,"comment_status":"closed","ping_status":"closed","sticky":false,"template":"","format":"image","meta":{"ngg_post_thumbnail":0,"footnotes":""},"categories":[1],"tags":[14],"class_list":["post-12297","post","type-post","status-publish","format-image","has-post-thumbnail","hentry","category-allgemein","tag-friedrichsbau-variete","post_format-post-format-image"],"_links":{"self":[{"href":"http:\/\/www.schechler.com\/mk\/wp-json\/wp\/v2\/posts\/12297","targetHints":{"allow":["GET"]}}],"collection":[{"href":"http:\/\/www.schechler.com\/mk\/wp-json\/wp\/v2\/posts"}],"about":[{"href":"http:\/\/www.schechler.com\/mk\/wp-json\/wp\/v2\/types\/post"}],"author":[{"embeddable":true,"href":"http:\/\/www.schechler.com\/mk\/wp-json\/wp\/v2\/users\/1"}],"replies":[{"embeddable":true,"href":"http:\/\/www.schechler.com\/mk\/wp-json\/wp\/v2\/comments?post=12297"}],"version-history":[{"count":0,"href":"http:\/\/www.schechler.com\/mk\/wp-json\/wp\/v2\/posts\/12297\/revisions"}],"wp:featuredmedia":[{"embeddable":true,"href":"http:\/\/www.schechler.com\/mk\/wp-json\/wp\/v2\/media\/12315"}],"wp:attachment":[{"href":"http:\/\/www.schechler.com\/mk\/wp-json\/wp\/v2\/media?parent=12297"}],"wp:term":[{"taxonomy":"category","embeddable":true,"href":"http:\/\/www.schechler.com\/mk\/wp-json\/wp\/v2\/categories?post=12297"},{"taxonomy":"post_tag","embeddable":true,"href":"http:\/\/www.schechler.com\/mk\/wp-json\/wp\/v2\/tags?post=12297"}],"curies":[{"name":"wp","href":"https:\/\/api.w.org\/{rel}","templated":true}]}}