{"id":12069,"date":"2024-02-24T23:59:39","date_gmt":"2024-02-24T22:59:39","guid":{"rendered":"http:\/\/www.schechler.com\/mk\/?p=12069"},"modified":"2024-04-14T15:30:39","modified_gmt":"2024-04-14T13:30:39","slug":"30-jahre-friedrichsbau-variete","status":"publish","type":"post","link":"http:\/\/www.schechler.com\/mk\/2024\/02\/24\/30-jahre-friedrichsbau-variete\/","title":{"rendered":"30 Jahre Friedrichsbau Variet\u00e9!"},"content":{"rendered":"<p>Jubil\u00e4umsgala \u2013 30 Jahre Friedrichsbau Variet\u00e9<br \/>\nSA. 24.02.2024 20 Uhr<\/p>\n<p><strong>Stuttgarts Showtheater wurde 30 Jahre alt! Das wurde in einer gro\u00dfen Jubil\u00e4umsgala mit anschlie\u00dfender Aftershow-Party geb\u00fchrend gefeiert.<\/strong><br \/>\nAm 24. Februar 1994 wurde das neue Friedrichsbau Variet\u00e9 mit der Show \u201eKapriolen des Variet\u00e9s\u201c er\u00f6ffnet. Seitdem schreibt Stuttgarts Showtheater Erfolgsgeschichte, hat Wirtschaftskrisen, den Umzug in ein neues Domizil und eine Pandemie \u00fcberstanden. F\u00fcr weit \u00fcber 300 Shows wurden \u00fcber 2400 K\u00fcnstlerinnen und K\u00fcnstler aus vielen Teilen der Welt eigens nach Stuttgart geholt. Das Friedrichsbau Variet\u00e9 ist ein Ort der Vielfalt, der Sch\u00f6nheit und des Staunens!<\/p>\n<p>Die vergangenen drei Jahrzehnte wurden am 24. Februar 2024 mit vielen Wegbegleitern, Pers\u00f6nlichkeiten aus Politik, Stadtleben und Kultur sowie Freunden und Stammg\u00e4sten des Hauses zelebriert.<\/p>\n<ul>\n<li>Friedrichsbau Variet\u00e9 Gesch\u00e4ftsf\u00fchrer Timo Steinhauer er\u00f6ffnet<\/li>\n<li>Gru\u00dfwort Erster B\u00fcrgermeister Dr. Fabian Mayer<\/li>\n<li>Zimt und Zauber: Variet\u00e9 Ausschnitte vom Circus Circuli<\/li>\n<li>Rosemie, Clownin, Musikerin, S\u00e4ngerin und Conferencieuse, gab 2015 einer Show des Friedrichsbau Variet\u00e9s ihren Namen: In \u201eDie Rosevue\u201c kalauert, jodelt und steppt sie zwischen den Einlagen ihrer K\u00fcnstlerkollegen.<\/li>\n<li>Filippo Strocchi, der ab 28. Juli bis zum 10. September 2023 Graf von Krolock in TANZ DER VAMPIRE Stuttgart darstellte, gibt eine Einlage als Frank N Furter aus der ROCKY HORROR PICTURE SHOW.<\/li>\n<li>Pause mit Schm\u00fccker&#8217;s Jubil\u00e4umsteller<\/li>\n<li>Ausschnitte aus der jetzt endenden Show MASQUE<br \/>\nRegie: Ralph Sun<br \/>\n&#8220;MASQUE&#8221; l\u00e4dt Sie ein, die Magie der Verh\u00fcllung selbst zu erleben. Betreten auch Sie den Spiegelsaal der Diva, wo sich Verf\u00fchrung, Sch\u00f6nheit und Freiheit entfalten und Akrobatik, Tanz und Gesang zu einer Symphonie der Sinne verschmelzen. Bei der Gala:<br \/>\nVegas Showgirls Revue-Ballett<br \/>\nKristina Kruttke Moderation, Gesang, Comedy<br \/>\nBruno &amp; Fellon Messerwerfen<br \/>\nFabio Zimmermann Jonglage<br \/>\nJulia Wahl Pole<br \/>\nMarie Bitaroczky Aerial Net<br \/>\nOleg Valko Cube<\/li>\n<li>Finale<\/li>\n<li>Nachtisch-Buffet und Aftershow mit DJ mr. mac<\/li>\n<\/ul>\n<div id=\"attachment_12077\" style=\"width: 1090px\" class=\"wp-caption aligncenter\"><img loading=\"lazy\" decoding=\"async\" aria-describedby=\"caption-attachment-12077\" class=\"size-full wp-image-12077\" src=\"http:\/\/www.schechler.com\/mk\/wp-content\/uploads\/2024\/02\/DS306509_Radiant.jpg\" alt=\"\" width=\"1080\" height=\"722\" srcset=\"http:\/\/www.schechler.com\/mk\/wp-content\/uploads\/2024\/02\/DS306509_Radiant.jpg 1080w, http:\/\/www.schechler.com\/mk\/wp-content\/uploads\/2024\/02\/DS306509_Radiant-300x201.jpg 300w, http:\/\/www.schechler.com\/mk\/wp-content\/uploads\/2024\/02\/DS306509_Radiant-1024x685.jpg 1024w, http:\/\/www.schechler.com\/mk\/wp-content\/uploads\/2024\/02\/DS306509_Radiant-768x513.jpg 768w, http:\/\/www.schechler.com\/mk\/wp-content\/uploads\/2024\/02\/DS306509_Radiant-250x167.jpg 250w\" sizes=\"auto, (max-width: 1080px) 100vw, 1080px\" \/><p id=\"caption-attachment-12077\" class=\"wp-caption-text\">Jubil\u00e4umsgala \u2013 30 Jahre Friedrichsbau Variet\u00e9: Finale<\/p><\/div>\n<blockquote><p>&#8220;30 Jahre Friedrichsbau Variet\u00e9! &#x1f389;&#x1f382; Seit dem glanzvollen Er\u00f6ffnungstag am 24. Februar 1994 fanden 360 Shows bei uns statt. Davon 118 Eigenproduktionen. &#x1f3ad;&#x1f31f; \u00dcber 2,4 Millionen G\u00e4ste haben bereits die Magie des Friedrichsbau Variet\u00e9s erlebt, und \u00fcber 2.400 talentierte K\u00fcnstlerinnen und K\u00fcnstler aus 36 L\u00e4ndern haben unsere B\u00fchne mit Leben gef\u00fcllt. &#x1f30d;&#x1f4ab; Heute lassen wir die Korken knallen und feiern diese unglaubliche Reise der letzten 30 Jahre gemeinsam mit euch! &#x1f942;&#x1f389; Danke f\u00fcr eure Treue. Ihr seid die Besten!!! &#x1f942;&#x1f389;&#8221;<br \/>\nFriedrichsbau Variet\u00e9<\/p><\/blockquote>\n<p>Zum Anschauen der Foto-Galerie auf erstes Bild klicken und dann mit Pfeiltaste rechts durchbl\u00e4ttern.<\/p>\n<p>ngg_shortcode_0_placeholder<\/strong><\/p>\n<p><strong>GESCHICHTE DES FRIEDRICHSBAU VARIET\u00c9S: AUSZ\u00dcGE<\/strong><\/p>\n<p>1900<br \/>\nIn der Stuttgarter Innenstadt entsteht aus dem klassizistischen \u201eSchweikelschen Haus\u201c von 1815 der Friedrichsbau, ein f\u00fcnfst\u00f6ckiges, pomp\u00f6ses Jugendstilgeb\u00e4ude mit L\u00e4den im Erdgeschoss sowie B\u00fcros und Gesch\u00e4ftsr\u00e4umen in den oberen Etagen. Am spektakul\u00e4rsten ist wohl der erste Stock, in dem ein prunkvoller Theatersaal mit 800 samtbezogenen Pl\u00e4tzen eingerichtet wird.<\/p>\n<p>1901<br \/>\nUnter der Leitung von Ludwig Grauaug erbl\u00fcht das Friedrichsbau Theater zu einer der renommiertesten \u201eSpezialit\u00e4tenb\u00fchnen\u201c Deutschlands. Internationale Stars wie Josephine Baker, die ber\u00fchmte Nacktt\u00e4nzerin Mathea Merryfield, Enrico Rastelli, die Tiller Girls und der unvergessliche Grock treten in den kommenden 30 Jahren in Stuttgart auf. W\u00e4hrend des Ersten Weltkrieges wird den Theatermachern die Arbeit erheblich erschwert, doch die Stuttgarter Institution kommt nicht ins Wanken. Die Zuschauer str\u00f6men in den Friedrichsbau \u2013 der Bedarf an Am\u00fcsement und Ablenkung ist in diesen Zeiten enorm hoch.<\/p>\n<p>1931<br \/>\nDas Theater schlie\u00dft wegen eines Umbaus vor\u00fcbergehend seine Pforten. Ludwig Grauaug legt gleichzeitig sein Amt nieder und \u201ezieht sich ins Privatleben zur\u00fcck\u201c, so der Schw\u00e4bische Merkur. Nahe liegt jedoch, dass er aufgrund seiner j\u00fcdischen Herkunft mit dieser Entscheidung vor allem auf den anwachsenden politischen Druck seiner Zeit reagiert.<\/p>\n<p>1933<br \/>\nUnter der Leitung Emil Neidhards kehrt das bunte Leben ins Friedrichsbau Theater zur\u00fcck. Willy Reichert \u00fcbernimmt die k\u00fcnstlerische Leitung und steht selbst unz\u00e4hlige Male mit Oskar Heiler auf der B\u00fchne. Diese beiden schw\u00e4bischen Originale werden als \u201eH\u00e4berle und Pfleiderer\u201c zur Institution und sind weit \u00fcber Stuttgarts Grenzen hinaus bekannt. Caterina Valente tritt 1936 als F\u00fcnfj\u00e4hrige zusammen mit ihrer Familie im Friedrichsbau auf.<\/p>\n<p>1939<br \/>\nUm den neuesten \u201eFeuervorschriften\u201c gerecht zu werden, wird das Theater erneut wegen Umbaus geschlossen. Zur Wiederer\u00f6ffnung sorgt vor allem Mathea Merryfield mit ihrem Auftritt f\u00fcr Furore: Sie ist eine der sch\u00f6nsten Nacktt\u00e4nzerinnen Amerikas der damaligen Zeit. Gro\u00dfe K\u00fcnstler wie Karl Valentin oder Marita Gr\u00fcndgens &#8211; um nur einige zu nennen &#8211; tragen zum Ansehen des Friedrichsbaus bei. Trotz schwieriger politischer Lage und teils absurden Auflagen seitens der Nationalsozialisten, beispielsweise die Verpflichtung ausschlie\u00dflich nationaler K\u00fcnstler, versucht die Direktion ihrem Kurs treu zu bleiben.<\/p>\n<p>1943 &#8211; 1955<br \/>\nDer Friedrichsbau erleidet schwere Kriegssch\u00e4den. Der Spielbetrieb muss eingestellt werden. Im Jahr 1955 wird das einst prunkvolle Haus schlie\u00dflich dem Erdboden gleichgemacht. Dies ist zun\u00e4chst das Ende eines der besten Variet\u00e9theater Europas.<\/p>\n<p>1993<br \/>\nAn historischer Stelle im Herzen Stuttgarts l\u00e4sst die L-Bank einen gro\u00dfen Neubau entstehen. Die Deutsche Entertainment AG (DEAG) legt ein Konzept f\u00fcr ein Variet\u00e9theater vor, das von der L-Bank mit Begeisterung angenommen wird. In diesem Zuge l\u00e4sst die DEAG den Veranstaltungsraum, der im Untergeschoss der &#8220;Rotunde&#8221; liegt, in ein Theater mit B\u00fchne, Foyer und einem kleinen K\u00fcchenbereich umbauen. Das Friedrichsbau Variet\u00e9 bekommt als hundertprozentige Tochter der DEAG von der L-Bank ein neues Forum.<\/p>\n<p>1994 \u2013 2003<br \/>\nAm 24. Februar 1994 \u00f6ffnet das neue Friedrichsbau Variet\u00e9 feierlich seine Pforten mit der Premiere des Programms \u201eKapriolen des Variet\u00e9s\u201c unter der Regie von Andr\u00e9 Heller. Oscar Heiler, den die neue Gesch\u00e4ftsf\u00fchrerin Gabriele Frenzel f\u00fcr diesen Abend auf die B\u00fchne holt, wird mit stehenden Ovationen empfangen. Damit ist der Bogen gespannt, Tradition und Innovation vereinen sich in der neuen Spielst\u00e4tte. Die unverkennbare Handschrift Bernhard Pauls, k\u00fcnstlerischer Leiter des Friedrichsbau Variet\u00e9s und Circus Roncalli-Direktor, ist in den Programmen sp\u00fcrbar. Er holt junge Talente und sagenhafte Stars nach Stuttgart, um seine phantasievollen Shows zu inszenieren: Fingerflinke Magier treffen auf freche Comedians, begnadete Jongleure auf wortgewandte Conf\u00e9renciers. Internationale K\u00fcnstler, Artisten und Gr\u00f6\u00dfen wie Max Raabe, Dr. Eckart von Hirschhausen, die Kessler Zwillinge, Robert Kreis, Topas, die Thuranos und viele mehr sind hier fortan zu Hause. Das Friedrichsbau Variet\u00e9 ist ein wichtiger Bestandteil der attraktiven Kulturlandschaft in Stuttgart und Umgebung und z\u00e4hlt zu den renommiertesten Variet\u00e9b\u00fchnen Deutschlands.<\/p>\n<p>2012 &#8211; 2013<br \/>\nW\u00e4hrend der Wintersaison 2012\/13 brechen f\u00fcr das Friedrichsbau Variet\u00e9 turbulente Zeiten an. Die L-Bank k\u00fcndigt abrupt die F\u00f6rderung, die sie seit der Er\u00f6ffnung 1994 t\u00e4tigte, und kurz darauf auch die Miet- und Pachtvertr\u00e4ge f\u00fcr die Spielst\u00e4tte. Daraufhin entschlie\u00dft sich der Betreiber des Variet\u00e9s, die DEAG, das Haus zum Ende 2013 zu schlie\u00dfen.<\/p>\n<p>2014<br \/>\nEs wird eine neue gemeinn\u00fctzige Firmenstruktur, die Friedrichsbau Variet\u00e9 Theater gGmbH mit zun\u00e4chst sieben Gesellschaftern gegr\u00fcndet, die ab 1. Januar 2014 in Kraft tritt. Neben Gabriele Frenzel wird Timo Steinhauer, der langj\u00e4hrige Vertriebsleiter des Variet\u00e9s, in die Gesch\u00e4ftsf\u00fchrung berufen. Am 17.05.2014 geht der Spielbetrieb in angestammter Spielst\u00e4tte in der Friedrichstra\u00dfe 24 mit der Show \u201eTOPAS presents STARS &amp; TALENTS\u201c zu Ende. Um die Zeit bis zur Einweihung des neuen Domizils am 04.12.2014 zu \u00fcberbr\u00fccken, geht das Friedrichsbau Variet\u00e9 mit verschiedenen Produktionen \u201eon Tour\u201c und bespielt Schloss Solitude, das Theaterhaus und das SpardaWelt Eventcenter mit Variet\u00e9 vom Feinsten. Parallel beginnen die Arbeiten auf dem Pragsattel und nach nur viermonatiger Bauzeit wird das neue Friedrichsbau Variet\u00e9 Theater am 4. Dezember 2014 von den Gesch\u00e4ftsf\u00fchrern und dem Oberb\u00fcrgermeister er\u00f6ffnet.<\/p>\n<p>Quelle \/ Mehr Infos: Friedrichsbau Variet\u00e9<br \/>\n<a href=\"https:\/\/www.friedrichsbau.de\/\" rel=\"noopener\" target=\"_blank\">https:\/\/www.friedrichsbau.de\/<\/a><\/p>\n<p>#FriedrichsbauVariet\u00e9 #30Jahre #Jubil\u00e4um #show #Variet\u00e9<\/p>\n<a class=\"synved-social-button synved-social-button-share synved-social-size-48 synved-social-resolution-single synved-social-provider-facebook nolightbox\" data-provider=\"facebook\" target=\"_blank\" rel=\"nofollow\" title=\"Share on Facebook\" href=\"https:\/\/www.facebook.com\/sharer.php?u=http%3A%2F%2Fwww.schechler.com%2Fmk&amp;t=30%20Jahre%20Friedrichsbau%20Variet%C3%A9%21&amp;s=100&amp;p[url]=http%3A%2F%2Fwww.schechler.com%2Fmk&amp;p[images][0]=http%3A%2F%2Fwww.schechler.com%2Fmk%2Fwp-content%2Fuploads%2F2024%2F02%2FDS306483_Radiant.jpg&amp;p[title]=30%20Jahre%20Friedrichsbau%20Variet%C3%A9%21\" style=\"font-size: 0px;width:48px;height:48px;margin:0;margin-bottom:5px;margin-right:5px\"><img loading=\"lazy\" decoding=\"async\" alt=\"Facebook\" title=\"Share on Facebook\" class=\"synved-share-image synved-social-image synved-social-image-share\" width=\"48\" height=\"48\" style=\"display: inline;width:48px;height:48px;margin: 0;padding: 0;border: none;box-shadow: none\" src=\"http:\/\/www.schechler.com\/mk\/wp-content\/plugins\/social-media-feather\/synved-social\/image\/social\/regular\/96x96\/facebook.png\" \/><\/a><a class=\"synved-social-button synved-social-button-share synved-social-size-48 synved-social-resolution-single synved-social-provider-twitter nolightbox\" data-provider=\"twitter\" target=\"_blank\" rel=\"nofollow\" title=\"Share on Twitter\" href=\"https:\/\/twitter.com\/intent\/tweet?url=http%3A%2F%2Fwww.schechler.com%2Fmk&amp;text=Dark%20Contrasts%20Photo%20Project.%20Hey%20check%20this%20out\" style=\"font-size: 0px;width:48px;height:48px;margin:0;margin-bottom:5px;margin-right:5px\"><img loading=\"lazy\" decoding=\"async\" alt=\"twitter\" title=\"Share on Twitter\" class=\"synved-share-image synved-social-image synved-social-image-share\" width=\"48\" height=\"48\" style=\"display: inline;width:48px;height:48px;margin: 0;padding: 0;border: none;box-shadow: none\" src=\"http:\/\/www.schechler.com\/mk\/wp-content\/plugins\/social-media-feather\/synved-social\/image\/social\/regular\/96x96\/twitter.png\" \/><\/a><a class=\"synved-social-button synved-social-button-share synved-social-size-48 synved-social-resolution-single synved-social-provider-pinterest nolightbox\" data-provider=\"pinterest\" target=\"_blank\" rel=\"nofollow\" title=\"Pin it with Pinterest\" href=\"https:\/\/pinterest.com\/pin\/create\/button\/?url=http%3A%2F%2Fwww.schechler.com%2Fmk&amp;media=http%3A%2F%2Fwww.schechler.com%2Fmk%2Fwp-content%2Fuploads%2F2024%2F02%2FDS306483_Radiant.jpg&amp;description=30%20Jahre%20Friedrichsbau%20Variet%C3%A9%21\" style=\"font-size: 0px;width:48px;height:48px;margin:0;margin-bottom:5px;margin-right:5px\"><img loading=\"lazy\" decoding=\"async\" alt=\"pinterest\" title=\"Pin it with Pinterest\" class=\"synved-share-image synved-social-image synved-social-image-share\" width=\"48\" height=\"48\" style=\"display: inline;width:48px;height:48px;margin: 0;padding: 0;border: none;box-shadow: none\" src=\"http:\/\/www.schechler.com\/mk\/wp-content\/plugins\/social-media-feather\/synved-social\/image\/social\/regular\/96x96\/pinterest.png\" \/><\/a><a class=\"synved-social-button synved-social-button-share synved-social-size-48 synved-social-resolution-single synved-social-provider-linkedin nolightbox\" data-provider=\"linkedin\" target=\"_blank\" rel=\"nofollow\" title=\"Share on Linkedin\" href=\"https:\/\/www.linkedin.com\/shareArticle?mini=true&amp;url=http%3A%2F%2Fwww.schechler.com%2Fmk&amp;title=30%20Jahre%20Friedrichsbau%20Variet%C3%A9%21\" style=\"font-size: 0px;width:48px;height:48px;margin:0;margin-bottom:5px;margin-right:5px\"><img loading=\"lazy\" decoding=\"async\" alt=\"linkedin\" title=\"Share on Linkedin\" class=\"synved-share-image synved-social-image synved-social-image-share\" width=\"48\" height=\"48\" style=\"display: inline;width:48px;height:48px;margin: 0;padding: 0;border: none;box-shadow: none\" src=\"http:\/\/www.schechler.com\/mk\/wp-content\/plugins\/social-media-feather\/synved-social\/image\/social\/regular\/96x96\/linkedin.png\" \/><\/a><a class=\"synved-social-button synved-social-button-share synved-social-size-48 synved-social-resolution-single synved-social-provider-mail nolightbox\" data-provider=\"mail\" rel=\"nofollow\" title=\"Share by email\" href=\"mailto:?subject=30%20Jahre%20Friedrichsbau%20Variet%C3%A9%21&amp;body=Dark%20Contrasts%20Photo%20Project.%20Hey%20check%20this%20out:%20http%3A%2F%2Fwww.schechler.com%2Fmk\" style=\"font-size: 0px;width:48px;height:48px;margin:0;margin-bottom:5px\"><img loading=\"lazy\" decoding=\"async\" alt=\"mail\" title=\"Share by email\" class=\"synved-share-image synved-social-image synved-social-image-share\" width=\"48\" height=\"48\" style=\"display: inline;width:48px;height:48px;margin: 0;padding: 0;border: none;box-shadow: none\" src=\"http:\/\/www.schechler.com\/mk\/wp-content\/plugins\/social-media-feather\/synved-social\/image\/social\/regular\/96x96\/mail.png\" \/><\/a>","protected":false},"excerpt":{"rendered":"<p>Jubil\u00e4umsgala \u2013 30 Jahre Friedrichsbau Variet\u00e9 SA. 24.02.2024 20 Uhr Stuttgarts Showtheater wurde 30 Jahre alt! Das wurde in einer gro\u00dfen Jubil\u00e4umsgala mit anschlie\u00dfender Aftershow-Party geb\u00fchrend gefeiert. Am 24. Februar 1994 wurde das neue Friedrichsbau Variet\u00e9 mit der Show \u201eKapriolen des Variet\u00e9s\u201c er\u00f6ffnet. Seitdem schreibt Stuttgarts Showtheater Erfolgsgeschichte, hat Wirtschaftskrisen, den Umzug in ein neues [&hellip;]<\/p>\n","protected":false},"author":1,"featured_media":12076,"comment_status":"closed","ping_status":"closed","sticky":false,"template":"","format":"image","meta":{"ngg_post_thumbnail":0,"footnotes":""},"categories":[1],"tags":[14],"class_list":["post-12069","post","type-post","status-publish","format-image","has-post-thumbnail","hentry","category-allgemein","tag-friedrichsbau-variete","post_format-post-format-image"],"_links":{"self":[{"href":"http:\/\/www.schechler.com\/mk\/wp-json\/wp\/v2\/posts\/12069","targetHints":{"allow":["GET"]}}],"collection":[{"href":"http:\/\/www.schechler.com\/mk\/wp-json\/wp\/v2\/posts"}],"about":[{"href":"http:\/\/www.schechler.com\/mk\/wp-json\/wp\/v2\/types\/post"}],"author":[{"embeddable":true,"href":"http:\/\/www.schechler.com\/mk\/wp-json\/wp\/v2\/users\/1"}],"replies":[{"embeddable":true,"href":"http:\/\/www.schechler.com\/mk\/wp-json\/wp\/v2\/comments?post=12069"}],"version-history":[{"count":0,"href":"http:\/\/www.schechler.com\/mk\/wp-json\/wp\/v2\/posts\/12069\/revisions"}],"wp:featuredmedia":[{"embeddable":true,"href":"http:\/\/www.schechler.com\/mk\/wp-json\/wp\/v2\/media\/12076"}],"wp:attachment":[{"href":"http:\/\/www.schechler.com\/mk\/wp-json\/wp\/v2\/media?parent=12069"}],"wp:term":[{"taxonomy":"category","embeddable":true,"href":"http:\/\/www.schechler.com\/mk\/wp-json\/wp\/v2\/categories?post=12069"},{"taxonomy":"post_tag","embeddable":true,"href":"http:\/\/www.schechler.com\/mk\/wp-json\/wp\/v2\/tags?post=12069"}],"curies":[{"name":"wp","href":"https:\/\/api.w.org\/{rel}","templated":true}]}}