{"id":11657,"date":"2023-12-19T23:55:29","date_gmt":"2023-12-19T22:55:29","guid":{"rendered":"http:\/\/www.schechler.com\/mk\/?p=11657"},"modified":"2023-12-27T13:48:45","modified_gmt":"2023-12-27T12:48:45","slug":"camouflage","status":"publish","type":"post","link":"http:\/\/www.schechler.com\/mk\/2023\/12\/19\/camouflage\/","title":{"rendered":"Camouflage!"},"content":{"rendered":"<h3>Camouflage!<\/h3>\n<p><strong>Songs von Camouflage im Rahmen der &#8220;Night of the Proms&#8221; 2023 in Stuttgart<\/strong><br \/>\nDie deutsche Band CAMOUFLAGE, die in den 80er Jahren in Bietigheim-Bissingen zusammenfand, ist mit eing\u00e4ngigem Synthie-Pop bekannt geworden und mit diesem Sound klar ein Kind jener Zeit. Sie hatten weltweite Hits wie \u201eThe Great Commandment\u201c und dem Popklassiker \u201eLove ist a Shield\u201c, die sie auch in Stuttgart pr\u00e4sentierten. <\/p>\n<p>19.12.2023 | 20 Uhr<br \/>\nStuttgart | Hanns-Martin-Schleyer-Halle<\/p>\n<p>NOTP <a href=\"https:\/\/notp.com\/\" rel=\"noopener\" target=\"_blank\">https:\/\/notp.com\/<\/a><br \/>\nNOTP Fanpage <a href=\"https:\/\/www.notp-fanpage.de\/\" rel=\"noopener\" target=\"_blank\">https:\/\/www.notp-fanpage.de\/<\/a><\/p>\n<div id=\"attachment_11659\" style=\"width: 1090px\" class=\"wp-caption aligncenter\"><img loading=\"lazy\" decoding=\"async\" aria-describedby=\"caption-attachment-11659\" src=\"http:\/\/www.schechler.com\/mk\/wp-content\/uploads\/2023\/12\/DS705469_Radiant.jpg\" alt=\"\" width=\"1080\" height=\"727\" class=\"size-full wp-image-11659\" srcset=\"http:\/\/www.schechler.com\/mk\/wp-content\/uploads\/2023\/12\/DS705469_Radiant.jpg 1080w, http:\/\/www.schechler.com\/mk\/wp-content\/uploads\/2023\/12\/DS705469_Radiant-300x202.jpg 300w, http:\/\/www.schechler.com\/mk\/wp-content\/uploads\/2023\/12\/DS705469_Radiant-1024x689.jpg 1024w, http:\/\/www.schechler.com\/mk\/wp-content\/uploads\/2023\/12\/DS705469_Radiant-768x517.jpg 768w, http:\/\/www.schechler.com\/mk\/wp-content\/uploads\/2023\/12\/DS705469_Radiant-250x168.jpg 250w\" sizes=\"auto, (max-width: 1080px) 100vw, 1080px\" \/><p id=\"caption-attachment-11659\" class=\"wp-caption-text\">Camouflage bei der Night of the Proms in Stuttgart<\/p><\/div>\n<p><strong>Klassik trifft auf US-Rock, d\u00e4nischen Pop und britischen Songwriter<\/strong><\/p>\n<blockquote><p>Wieder ein voller Erfolg die aktuelle Ausgabe der Night of the Proms in Stuttgart heute Abend. Stars aus drei Jahrzehnten, darunter Gitarrengott Steve Lukather von Toto, Rockr\u00f6hre Anastacia und die lokalen Hitparadenst\u00fcrmer aus den 80ern Camouflage. Garniert mit ausgesuchter Klassik Musik, dargeboten von einem hervorragenden Orchester und ausgesucht illuminiert. Nicht zu vergessen ein hervorragend aufgelegter Cellist Nathan Chan, die D\u00e4nin Aura Dione ohne Ber\u00fchrungs\u00e4ngste mit dem Publikum und James Morrison&#8230;<br \/>\nMK Schechler<\/p><\/blockquote>\n<p>Zum Anschauen der Foto-Galerie auf erstes Bild klicken und dann mit Pfeiltaste rechts durchbl\u00e4ttern.<\/p>\n<p>ngg_shortcode_0_placeholder<\/strong><\/p>\n<p><strong>Motto Night of the Proms: Das Beste aus 300 Jahren popul\u00e4rer Musik<\/strong><br \/>\nDabei sieht sich der Tourneeveranstalter nicht als Missionar f\u00fcr klassische Musik. \u201eUnser Credo lautet: Das Beste aus 300 Jahren popul\u00e4rer Musik\u201c, umschreibt der in M\u00fcnchen ans\u00e4ssige Tourneeveranstalter die Idee dahinter. Dabei spielt weder das Musikgenre noch der Komponist die ausschlaggebende Rolle. Pr\u00e4sentiert wird Musik, die begeistert und die zu ihrer jeweiligen Zeit sehr popul\u00e4r war oder ist. \u201eWenn Sie die Aufzeichnungen \u00fcber das Leben von Mozart betrachten, finden sich viele Parallelen zu den heutigen Popstars\u201c, f\u00fcgt Vereecke hinzu. Genau von dieser Mischung lebt die Night of the Proms.<\/p>\n<p>Mehr Fotos der NOTP 2023 bei uns: <a href=\"http:\/\/www.schechler.com\/mk\/2023\/12\/19\/night-of-the-proms-3\/\" rel=\"noopener\" target=\"_blank\">Hier klicken!<\/a><\/p>\n<p>#notp #notp2023 #notp2023stuttgart #stuttgart #stuggi #nn #live #gigs #0711stuttgart #rock #nightoftheproms #alexandra_arrieche #antwerpphilharmonicorchestra #auradione #jamesmorrisonok #camouflagemusic #nathachancello #anastaciamusic #totothemselves #toto #anastacia #jamesmorrison #nathanchan #auradione #musicislife #livemusic<\/p>\n<a class=\"synved-social-button synved-social-button-share synved-social-size-48 synved-social-resolution-single synved-social-provider-facebook nolightbox\" data-provider=\"facebook\" target=\"_blank\" rel=\"nofollow\" title=\"Share on Facebook\" href=\"https:\/\/www.facebook.com\/sharer.php?u=http%3A%2F%2Fwww.schechler.com%2Fmk&#038;t=Camouflage%21&#038;s=100&#038;p&#091;url&#093;=http%3A%2F%2Fwww.schechler.com%2Fmk&#038;p&#091;images&#093;&#091;0&#093;=http%3A%2F%2Fwww.schechler.com%2Fmk%2Fwp-content%2Fuploads%2F2023%2F12%2FDS304271_Radiant.jpg&#038;p&#091;title&#093;=Camouflage%21\" style=\"font-size: 0px;width:48px;height:48px;margin:0;margin-bottom:5px;margin-right:5px\"><img loading=\"lazy\" decoding=\"async\" alt=\"Facebook\" title=\"Share on Facebook\" class=\"synved-share-image synved-social-image synved-social-image-share\" width=\"48\" height=\"48\" style=\"display: inline;width:48px;height:48px;margin: 0;padding: 0;border: none;box-shadow: none\" src=\"http:\/\/www.schechler.com\/mk\/wp-content\/plugins\/social-media-feather\/synved-social\/image\/social\/regular\/96x96\/facebook.png\" \/><\/a><a class=\"synved-social-button synved-social-button-share synved-social-size-48 synved-social-resolution-single synved-social-provider-twitter nolightbox\" data-provider=\"twitter\" target=\"_blank\" rel=\"nofollow\" title=\"Share on Twitter\" href=\"https:\/\/twitter.com\/intent\/tweet?url=http%3A%2F%2Fwww.schechler.com%2Fmk&#038;text=Dark%20Contrasts%20Photo%20Project.%20Hey%20check%20this%20out\" style=\"font-size: 0px;width:48px;height:48px;margin:0;margin-bottom:5px;margin-right:5px\"><img loading=\"lazy\" decoding=\"async\" alt=\"twitter\" title=\"Share on Twitter\" class=\"synved-share-image synved-social-image synved-social-image-share\" width=\"48\" height=\"48\" style=\"display: inline;width:48px;height:48px;margin: 0;padding: 0;border: none;box-shadow: none\" src=\"http:\/\/www.schechler.com\/mk\/wp-content\/plugins\/social-media-feather\/synved-social\/image\/social\/regular\/96x96\/twitter.png\" \/><\/a><a class=\"synved-social-button synved-social-button-share synved-social-size-48 synved-social-resolution-single synved-social-provider-pinterest nolightbox\" data-provider=\"pinterest\" target=\"_blank\" rel=\"nofollow\" title=\"Pin it with Pinterest\" href=\"https:\/\/pinterest.com\/pin\/create\/button\/?url=http%3A%2F%2Fwww.schechler.com%2Fmk&#038;media=http%3A%2F%2Fwww.schechler.com%2Fmk%2Fwp-content%2Fuploads%2F2023%2F12%2FDS304271_Radiant.jpg&#038;description=Camouflage%21\" style=\"font-size: 0px;width:48px;height:48px;margin:0;margin-bottom:5px;margin-right:5px\"><img loading=\"lazy\" decoding=\"async\" alt=\"pinterest\" title=\"Pin it with Pinterest\" class=\"synved-share-image synved-social-image synved-social-image-share\" width=\"48\" height=\"48\" style=\"display: inline;width:48px;height:48px;margin: 0;padding: 0;border: none;box-shadow: none\" src=\"http:\/\/www.schechler.com\/mk\/wp-content\/plugins\/social-media-feather\/synved-social\/image\/social\/regular\/96x96\/pinterest.png\" \/><\/a><a class=\"synved-social-button synved-social-button-share synved-social-size-48 synved-social-resolution-single synved-social-provider-linkedin nolightbox\" data-provider=\"linkedin\" target=\"_blank\" rel=\"nofollow\" title=\"Share on Linkedin\" href=\"https:\/\/www.linkedin.com\/shareArticle?mini=true&#038;url=http%3A%2F%2Fwww.schechler.com%2Fmk&#038;title=Camouflage%21\" style=\"font-size: 0px;width:48px;height:48px;margin:0;margin-bottom:5px;margin-right:5px\"><img loading=\"lazy\" decoding=\"async\" alt=\"linkedin\" title=\"Share on Linkedin\" class=\"synved-share-image synved-social-image synved-social-image-share\" width=\"48\" height=\"48\" style=\"display: inline;width:48px;height:48px;margin: 0;padding: 0;border: none;box-shadow: none\" src=\"http:\/\/www.schechler.com\/mk\/wp-content\/plugins\/social-media-feather\/synved-social\/image\/social\/regular\/96x96\/linkedin.png\" \/><\/a><a class=\"synved-social-button synved-social-button-share synved-social-size-48 synved-social-resolution-single synved-social-provider-mail nolightbox\" data-provider=\"mail\" rel=\"nofollow\" title=\"Share by email\" href=\"mailto:?subject=Camouflage%21&#038;body=Dark%20Contrasts%20Photo%20Project.%20Hey%20check%20this%20out:%20http%3A%2F%2Fwww.schechler.com%2Fmk\" style=\"font-size: 0px;width:48px;height:48px;margin:0;margin-bottom:5px\"><img loading=\"lazy\" decoding=\"async\" alt=\"mail\" title=\"Share by email\" class=\"synved-share-image synved-social-image synved-social-image-share\" width=\"48\" height=\"48\" style=\"display: inline;width:48px;height:48px;margin: 0;padding: 0;border: none;box-shadow: none\" src=\"http:\/\/www.schechler.com\/mk\/wp-content\/plugins\/social-media-feather\/synved-social\/image\/social\/regular\/96x96\/mail.png\" \/><\/a>","protected":false},"excerpt":{"rendered":"<p>Camouflage! Songs von Camouflage im Rahmen der &#8220;Night of the Proms&#8221; 2023 in Stuttgart Die deutsche Band CAMOUFLAGE, die in den 80er Jahren in Bietigheim-Bissingen zusammenfand, ist mit eing\u00e4ngigem Synthie-Pop bekannt geworden und mit diesem Sound klar ein Kind jener Zeit. Sie hatten weltweite Hits wie \u201eThe Great Commandment\u201c und dem Popklassiker \u201eLove ist a [&hellip;]<\/p>\n","protected":false},"author":1,"featured_media":11658,"comment_status":"closed","ping_status":"closed","sticky":false,"template":"","format":"image","meta":{"ngg_post_thumbnail":0,"footnotes":""},"categories":[1],"tags":[],"class_list":["post-11657","post","type-post","status-publish","format-image","has-post-thumbnail","hentry","category-allgemein","post_format-post-format-image"],"_links":{"self":[{"href":"http:\/\/www.schechler.com\/mk\/wp-json\/wp\/v2\/posts\/11657","targetHints":{"allow":["GET"]}}],"collection":[{"href":"http:\/\/www.schechler.com\/mk\/wp-json\/wp\/v2\/posts"}],"about":[{"href":"http:\/\/www.schechler.com\/mk\/wp-json\/wp\/v2\/types\/post"}],"author":[{"embeddable":true,"href":"http:\/\/www.schechler.com\/mk\/wp-json\/wp\/v2\/users\/1"}],"replies":[{"embeddable":true,"href":"http:\/\/www.schechler.com\/mk\/wp-json\/wp\/v2\/comments?post=11657"}],"version-history":[{"count":0,"href":"http:\/\/www.schechler.com\/mk\/wp-json\/wp\/v2\/posts\/11657\/revisions"}],"wp:featuredmedia":[{"embeddable":true,"href":"http:\/\/www.schechler.com\/mk\/wp-json\/wp\/v2\/media\/11658"}],"wp:attachment":[{"href":"http:\/\/www.schechler.com\/mk\/wp-json\/wp\/v2\/media?parent=11657"}],"wp:term":[{"taxonomy":"category","embeddable":true,"href":"http:\/\/www.schechler.com\/mk\/wp-json\/wp\/v2\/categories?post=11657"},{"taxonomy":"post_tag","embeddable":true,"href":"http:\/\/www.schechler.com\/mk\/wp-json\/wp\/v2\/tags?post=11657"}],"curies":[{"name":"wp","href":"https:\/\/api.w.org\/{rel}","templated":true}]}}