{"id":11367,"date":"2023-11-22T18:51:46","date_gmt":"2023-11-22T17:51:46","guid":{"rendered":"http:\/\/www.schechler.com\/mk\/?p=11367"},"modified":"2023-11-22T18:51:46","modified_gmt":"2023-11-22T17:51:46","slug":"masque","status":"publish","type":"post","link":"http:\/\/www.schechler.com\/mk\/2023\/11\/22\/masque\/","title":{"rendered":"Masque!"},"content":{"rendered":"<h3>Masque!<\/h3>\n<p><strong>Friedrichsbau Variet\u00e9: Die neue Show \u201eMasque\u201c startet diese Woche, hier erste Einblicke&#8230;<\/strong><\/p>\n<p>Ein geheimnisvoller Spiegelsaal, eine mysteri\u00f6se Diva, verf\u00fchrerische Musen und die Faszination des Unbekannten: Willkommen in der Welt von \u201eMASQUE \u2013 Revue, Secrets, Artistic\u201c! Unter dem verf\u00fchrerischen Schleier der Anonymit\u00e4t wirkt die illustre K\u00fcnstlerschar wie entfesselt. Unerkannt schl\u00fcpfen sie in neue Rollen, wachsen \u00fcber sich hinaus und offenbaren au\u00dfergew\u00f6hnliche Talente.<\/p>\n<div id=\"attachment_11369\" style=\"width: 1090px\" class=\"wp-caption aligncenter\"><img loading=\"lazy\" decoding=\"async\" aria-describedby=\"caption-attachment-11369\" src=\"http:\/\/www.schechler.com\/mk\/wp-content\/uploads\/2023\/11\/DS303869_Radiant.jpg\" alt=\"\" width=\"1080\" height=\"722\" class=\"size-full wp-image-11369\" srcset=\"http:\/\/www.schechler.com\/mk\/wp-content\/uploads\/2023\/11\/DS303869_Radiant.jpg 1080w, http:\/\/www.schechler.com\/mk\/wp-content\/uploads\/2023\/11\/DS303869_Radiant-300x201.jpg 300w, http:\/\/www.schechler.com\/mk\/wp-content\/uploads\/2023\/11\/DS303869_Radiant-1024x685.jpg 1024w, http:\/\/www.schechler.com\/mk\/wp-content\/uploads\/2023\/11\/DS303869_Radiant-768x513.jpg 768w, http:\/\/www.schechler.com\/mk\/wp-content\/uploads\/2023\/11\/DS303869_Radiant-250x167.jpg 250w\" sizes=\"auto, (max-width: 1080px) 100vw, 1080px\" \/><p id=\"caption-attachment-11369\" class=\"wp-caption-text\">Friedrichsbau Variet\u00e9: Die neue Show \u201eMasque\u201c.<\/p><\/div>\n<p>MASQUE<br \/>\nFRIEDRICHSBAU VARIET\u00c9 STUTTGART<br \/>\n24.11.23 \u2013 03.03.24<\/p>\n<p>Winterzeit ist Variet\u00e9zeit! Im Friedrichsbau Variet\u00e9 erwartet Sie in der festlichen Jahreszeit eine glanzvolle Revue mit beeindruckender Akrobatik, mitrei\u00dfendem Gesang und virtuosem Revue-Ballett. &#8220;MASQUE&#8221; l\u00e4dt Sie ein, die Magie der Verh\u00fcllung selbst zu erleben. Betreten auch Sie den Spiegelsaal der Diva, wo sich Verf\u00fchrung, Sch\u00f6nheit und Freiheit entfalten und Akrobatik, Tanz und Gesang zu einer Symphonie der Sinne verschmelzen.<\/p>\n<p>Zum Anschauen der Foto-Galerie auf erstes Bild klicken und dann mit Pfeiltaste rechts durchbl\u00e4ttern.<\/p>\n<p>ngg_shortcode_0_placeholder<\/strong><\/p>\n<p>MITWIRKENDE:<br \/>\nKristina Kruttke Moderation, Gesang, Comedy<br \/>\nVegas Showgirls Revue-Ballett<br \/>\nMarie Bitaroczky Aerial Net &#038; Aerial Silks<br \/>\nFabio Zimmermann Jonglage, Hand auf Hand<br \/>\nJulia Wahl Pole, Hand auf Hand<br \/>\nBruno &#038; Fellon Armbrust, Messerwerfen<br \/>\nOleg Valko Aerial Straps, Crystal Jonglage, Cube<\/p>\n<p>Friedrichsbau Variet\u00e9<br \/>\nSiemensstra\u00dfe 15, 70469 Stuttgart<br \/>\ntickets@friedrichsbau.de<br \/>\nQuelle \/ Mehr Infos: <a href=\"http:\/\/www.friedrichsbau.de\" rel=\"noopener noreferrer\" target=\"_blank\">www.friedrichsbau.de<\/a> <\/p>\n<p>#friedrichsbau #variete #vegasshowgirls #maskerade #masque<\/p>\n<a class=\"synved-social-button synved-social-button-share synved-social-size-48 synved-social-resolution-single synved-social-provider-facebook nolightbox\" data-provider=\"facebook\" target=\"_blank\" rel=\"nofollow\" title=\"Share on Facebook\" href=\"https:\/\/www.facebook.com\/sharer.php?u=http%3A%2F%2Fwww.schechler.com%2Fmk&amp;t=Masque%21&amp;s=100&amp;p[url]=http%3A%2F%2Fwww.schechler.com%2Fmk&amp;p[images][0]=http%3A%2F%2Fwww.schechler.com%2Fmk%2Fwp-content%2Fuploads%2F2023%2F11%2Fa_Postfoto.jpg&amp;p[title]=Masque%21\" style=\"font-size: 0px;width:48px;height:48px;margin:0;margin-bottom:5px;margin-right:5px\"><img loading=\"lazy\" decoding=\"async\" alt=\"Facebook\" title=\"Share on Facebook\" class=\"synved-share-image synved-social-image synved-social-image-share\" width=\"48\" height=\"48\" style=\"display: inline;width:48px;height:48px;margin: 0;padding: 0;border: none;box-shadow: none\" src=\"http:\/\/www.schechler.com\/mk\/wp-content\/plugins\/social-media-feather\/synved-social\/image\/social\/regular\/96x96\/facebook.png\" \/><\/a><a class=\"synved-social-button synved-social-button-share synved-social-size-48 synved-social-resolution-single synved-social-provider-twitter nolightbox\" data-provider=\"twitter\" target=\"_blank\" rel=\"nofollow\" title=\"Share on Twitter\" href=\"https:\/\/twitter.com\/intent\/tweet?url=http%3A%2F%2Fwww.schechler.com%2Fmk&amp;text=Dark%20Contrasts%20Photo%20Project.%20Hey%20check%20this%20out\" style=\"font-size: 0px;width:48px;height:48px;margin:0;margin-bottom:5px;margin-right:5px\"><img loading=\"lazy\" decoding=\"async\" alt=\"twitter\" title=\"Share on Twitter\" class=\"synved-share-image synved-social-image synved-social-image-share\" width=\"48\" height=\"48\" style=\"display: inline;width:48px;height:48px;margin: 0;padding: 0;border: none;box-shadow: none\" src=\"http:\/\/www.schechler.com\/mk\/wp-content\/plugins\/social-media-feather\/synved-social\/image\/social\/regular\/96x96\/twitter.png\" \/><\/a><a class=\"synved-social-button synved-social-button-share synved-social-size-48 synved-social-resolution-single synved-social-provider-pinterest nolightbox\" data-provider=\"pinterest\" target=\"_blank\" rel=\"nofollow\" title=\"Pin it with Pinterest\" href=\"https:\/\/pinterest.com\/pin\/create\/button\/?url=http%3A%2F%2Fwww.schechler.com%2Fmk&amp;media=http%3A%2F%2Fwww.schechler.com%2Fmk%2Fwp-content%2Fuploads%2F2023%2F11%2Fa_Postfoto.jpg&amp;description=Masque%21\" style=\"font-size: 0px;width:48px;height:48px;margin:0;margin-bottom:5px;margin-right:5px\"><img loading=\"lazy\" decoding=\"async\" alt=\"pinterest\" title=\"Pin it with Pinterest\" class=\"synved-share-image synved-social-image synved-social-image-share\" width=\"48\" height=\"48\" style=\"display: inline;width:48px;height:48px;margin: 0;padding: 0;border: none;box-shadow: none\" src=\"http:\/\/www.schechler.com\/mk\/wp-content\/plugins\/social-media-feather\/synved-social\/image\/social\/regular\/96x96\/pinterest.png\" \/><\/a><a class=\"synved-social-button synved-social-button-share synved-social-size-48 synved-social-resolution-single synved-social-provider-linkedin nolightbox\" data-provider=\"linkedin\" target=\"_blank\" rel=\"nofollow\" title=\"Share on Linkedin\" href=\"https:\/\/www.linkedin.com\/shareArticle?mini=true&amp;url=http%3A%2F%2Fwww.schechler.com%2Fmk&amp;title=Masque%21\" style=\"font-size: 0px;width:48px;height:48px;margin:0;margin-bottom:5px;margin-right:5px\"><img loading=\"lazy\" decoding=\"async\" alt=\"linkedin\" title=\"Share on Linkedin\" class=\"synved-share-image synved-social-image synved-social-image-share\" width=\"48\" height=\"48\" style=\"display: inline;width:48px;height:48px;margin: 0;padding: 0;border: none;box-shadow: none\" src=\"http:\/\/www.schechler.com\/mk\/wp-content\/plugins\/social-media-feather\/synved-social\/image\/social\/regular\/96x96\/linkedin.png\" \/><\/a><a class=\"synved-social-button synved-social-button-share synved-social-size-48 synved-social-resolution-single synved-social-provider-mail nolightbox\" data-provider=\"mail\" rel=\"nofollow\" title=\"Share by email\" href=\"mailto:?subject=Masque%21&amp;body=Dark%20Contrasts%20Photo%20Project.%20Hey%20check%20this%20out:%20http%3A%2F%2Fwww.schechler.com%2Fmk\" style=\"font-size: 0px;width:48px;height:48px;margin:0;margin-bottom:5px\"><img loading=\"lazy\" decoding=\"async\" alt=\"mail\" title=\"Share by email\" class=\"synved-share-image synved-social-image synved-social-image-share\" width=\"48\" height=\"48\" style=\"display: inline;width:48px;height:48px;margin: 0;padding: 0;border: none;box-shadow: none\" src=\"http:\/\/www.schechler.com\/mk\/wp-content\/plugins\/social-media-feather\/synved-social\/image\/social\/regular\/96x96\/mail.png\" \/><\/a>","protected":false},"excerpt":{"rendered":"<p>Masque! Friedrichsbau Variet\u00e9: Die neue Show \u201eMasque\u201c startet diese Woche, hier erste Einblicke&#8230; Ein geheimnisvoller Spiegelsaal, eine mysteri\u00f6se Diva, verf\u00fchrerische Musen und die Faszination des Unbekannten: Willkommen in der Welt von \u201eMASQUE \u2013 Revue, Secrets, Artistic\u201c! Unter dem verf\u00fchrerischen Schleier der Anonymit\u00e4t wirkt die illustre K\u00fcnstlerschar wie entfesselt. Unerkannt schl\u00fcpfen sie in neue Rollen, wachsen [&hellip;]<\/p>\n","protected":false},"author":1,"featured_media":11368,"comment_status":"closed","ping_status":"closed","sticky":false,"template":"","format":"image","meta":{"ngg_post_thumbnail":0,"footnotes":""},"categories":[1],"tags":[14],"class_list":["post-11367","post","type-post","status-publish","format-image","has-post-thumbnail","hentry","category-allgemein","tag-friedrichsbau-variete","post_format-post-format-image"],"_links":{"self":[{"href":"http:\/\/www.schechler.com\/mk\/wp-json\/wp\/v2\/posts\/11367","targetHints":{"allow":["GET"]}}],"collection":[{"href":"http:\/\/www.schechler.com\/mk\/wp-json\/wp\/v2\/posts"}],"about":[{"href":"http:\/\/www.schechler.com\/mk\/wp-json\/wp\/v2\/types\/post"}],"author":[{"embeddable":true,"href":"http:\/\/www.schechler.com\/mk\/wp-json\/wp\/v2\/users\/1"}],"replies":[{"embeddable":true,"href":"http:\/\/www.schechler.com\/mk\/wp-json\/wp\/v2\/comments?post=11367"}],"version-history":[{"count":0,"href":"http:\/\/www.schechler.com\/mk\/wp-json\/wp\/v2\/posts\/11367\/revisions"}],"wp:featuredmedia":[{"embeddable":true,"href":"http:\/\/www.schechler.com\/mk\/wp-json\/wp\/v2\/media\/11368"}],"wp:attachment":[{"href":"http:\/\/www.schechler.com\/mk\/wp-json\/wp\/v2\/media?parent=11367"}],"wp:term":[{"taxonomy":"category","embeddable":true,"href":"http:\/\/www.schechler.com\/mk\/wp-json\/wp\/v2\/categories?post=11367"},{"taxonomy":"post_tag","embeddable":true,"href":"http:\/\/www.schechler.com\/mk\/wp-json\/wp\/v2\/tags?post=11367"}],"curies":[{"name":"wp","href":"https:\/\/api.w.org\/{rel}","templated":true}]}}