{"id":10762,"date":"2023-08-15T23:29:15","date_gmt":"2023-08-15T21:29:15","guid":{"rendered":"http:\/\/www.schechler.com\/mk\/?p=10762"},"modified":"2023-10-16T08:24:49","modified_gmt":"2023-10-16T06:24:49","slug":"cypress-hill","status":"publish","type":"post","link":"http:\/\/www.schechler.com\/mk\/2023\/08\/15\/cypress-hill\/","title":{"rendered":"Cypress Hill!"},"content":{"rendered":"<p>Bilder, Setlist, Kurzkritik.<\/p>\n<h3>Cypress Hill!<\/h3>\n<blockquote><p><strong>Euphorisches Jubil\u00e4um: Cypress Hill begeistert Fans in der Porsche Arena Stuttgart<\/strong><br \/>\nAm 15. August verwandelte sich die Porsche Arena Stuttgart in einen wahren Hip-Hop Hexenkessel, als die legend\u00e4re Formation Cypress Hill dort ihr drei\u00dfigj\u00e4hriges Jubil\u00e4um des bahnbrechenden Albums &#8220;Black Sunday&#8221; feierte. Die Fans str\u00f6mten in Scharen herbei, um die kalifornischen Hip-Hop-Ikonen live auf der B\u00fchne zu erleben und ihre Hits aus den vergangenen Jahrzehnten zu feiern. Das Konzert begann mit einer atmosph\u00e4rischen Einstimmung durch DJ Lord (<a href=\"http:\/\/www.schechler.com\/mk\/2023\/08\/15\/dj-lord\/\" rel=\"noopener\" target=\"_blank\">vgl. Text mit Fotos bei uns<\/a>), bei der sich die Spannung langsam aufbaute und das Publikum in die Welt von Cypress Hill eintauchte. Als die Mitglieder der Gruppe schlie\u00dflich die B\u00fchne betraten, brach die Halle in Jubel aus. B-Real, Sen Dog und DJ Muggs wurden mit lautstarken Applaus begr\u00fc\u00dft, und die Energie im Raum war f\u00f6rmlich sp\u00fcrbar.<\/p>\n<p>Die Gruppe zelebrierte das Jubil\u00e4um von &#8220;Black Sunday&#8221; auf eindrucksvolle Weise, indem sie das gesamte Album von Anfang bis Ende auff\u00fchrten. Jeder Song l\u00f6ste Begeisterung und Nostalgie bei den Fans aus, die enthusiastisch mitsangen und tanzten. Klassiker wie &#8220;Insane in the Brain&#8221;, &#8220;I Ain&#8217;t Goin&#8217; Out Like That&#8221; und &#8220;Hits from the Bong&#8221; wurden von der Menge mit ekstatischem Jubel aufgenommen. Doch das Konzert bot noch viel mehr als nur die Hits von &#8220;Black Sunday&#8221;. Cypress Hill verw\u00f6hnte ihre Fans mit einer mitrei\u00dfenden Auswahl an weiteren Hits aus ihrer langen Karriere. Tracks wie &#8220;How I Could Just Kill a Man&#8221;, &#8220;Hand on the Pump&#8221; und &#8220;Tequila Sunrise&#8221; brachten die Menge zum Toben. Die Gruppe bewies ihre B\u00fchnenpr\u00e4senz und das Talent, das sie \u00fcber die Jahre hinweg kultiviert hat.<\/p>\n<p>Die visuelle Inszenierung des Konzerts war ebenso beeindruckend wie die Musik. Mit einer beeindruckenden Lichtshow und kreativen visuellen Effekten wurde die Performance von Cypress Hill zu einer wahren Sinnesexplosion. Die Bandmitglieder interagierten lebhaft mit dem Publikum und schafften es, eine intime Atmosph\u00e4re in der gro\u00dfen Arena zu schaffen. Als das Konzert schlie\u00dflich zu Ende ging, verabschiedete sich Cypress Hill unter tosendem Applaus von ihren Fans. Das drei\u00dfigj\u00e4hrige Jubil\u00e4um von &#8220;Black Sunday&#8221; wurde auf spektakul\u00e4re Weise gefeiert, und die Zuschauer verlie\u00dfen die Porsche Arena mit strahlenden Gesichtern und unvergesslichen Erinnerungen.<\/p>\n<p>Das Cypress Hill Konzert in der Porsche Arena Stuttgart war eine beeindruckende Hommage an die Band und ihr bahnbrechendes Album. Die Energie, die Musikalit\u00e4t und die B\u00fchnenpr\u00e4senz der Gruppe sorgten f\u00fcr eine unvergessliche Nacht, die die Fans noch lange in Erinnerung behalten werden.<br \/>\nMK Schechler<\/p><\/blockquote>\n<div id=\"attachment_10764\" style=\"width: 1090px\" class=\"wp-caption aligncenter\"><img loading=\"lazy\" decoding=\"async\" aria-describedby=\"caption-attachment-10764\" src=\"http:\/\/www.schechler.com\/mk\/wp-content\/uploads\/2023\/08\/2_photo_20230816_101934.jpg\" alt=\"\" width=\"1080\" height=\"720\" class=\"size-full wp-image-10764\" srcset=\"http:\/\/www.schechler.com\/mk\/wp-content\/uploads\/2023\/08\/2_photo_20230816_101934.jpg 1080w, http:\/\/www.schechler.com\/mk\/wp-content\/uploads\/2023\/08\/2_photo_20230816_101934-300x200.jpg 300w, http:\/\/www.schechler.com\/mk\/wp-content\/uploads\/2023\/08\/2_photo_20230816_101934-1024x683.jpg 1024w, http:\/\/www.schechler.com\/mk\/wp-content\/uploads\/2023\/08\/2_photo_20230816_101934-768x512.jpg 768w, http:\/\/www.schechler.com\/mk\/wp-content\/uploads\/2023\/08\/2_photo_20230816_101934-250x167.jpg 250w\" sizes=\"auto, (max-width: 1080px) 100vw, 1080px\" \/><p id=\"caption-attachment-10764\" class=\"wp-caption-text\">CYPRESS HILL \u201eBlack Sunday 30th Anniversary Tour\u201c in der Stuttgarter Porsche Arena<\/p><\/div>\n<p>CYPRESS HILL<br \/>\nBlack Sunday 30th Anniversary Tour<br \/>\n15.08.2023 | 20:00 Uhr<br \/>\nStuttgart Porsche-Arena<\/p>\n<p>Lokaler Veranstalter:<br \/>\nMichael Russ GmbH<br \/>\n<a href=\"http:\/\/www.michaelrussgmbh.de\" rel=\"noopener\" target=\"_blank\">www.michaelrussgmbh.de<\/a><\/p>\n<p>Zum Anschauen der Foto-Galerie auf erstes Bild klicken und dann mit Pfeiltaste rechts durchbl\u00e4ttern.<\/p>\n<p>ngg_shortcode_0_placeholder<\/strong><\/p>\n<p><strong>Setlist (unbest\u00e4tigt)<\/strong><br \/>\nDJ Lord Solo-Set<br \/>\nI Wanna Get High<br \/>\nI Ain&#8217;t Goin&#8217; Out Like That<br \/>\nInsane in the Brain<br \/>\nWhen the Shit Goes Down<br \/>\nLick a Shot<br \/>\nCock the Hammer<br \/>\nLock Down<br \/>\n3 Lil&#8217; Putos<br \/>\nLegalize It<br \/>\nHits From the Bong<br \/>\nWhat Go Around Come Around, Kid<br \/>\nA to the K<br \/>\nHand on the Glock<br \/>\nBreak &#8217;em off Some<\/p>\n<p>Zugaben:<br \/>\nDr. Greenthumb<br \/>\nIllusions<br \/>\nCuban Necktie<br \/>\nHow I Could Just Kill a Man<br \/>\n(Rap) Superstar<\/p>\n<p>#cypresshill #rap #djset #michaelrussgmbh #stuttgart #porschearena #djlord<\/p>\n<p><img loading=\"lazy\" decoding=\"async\" src=\"http:\/\/www.schechler.com\/mk\/wp-content\/uploads\/2023\/08\/GPT_included_Robot-Icon.png\" alt=\"GPT unterst\u00fctzt\" title=\"GPT unterst\u00fctzt\" width=\"30\" height=\"30\"\/><\/p>\n<a class=\"synved-social-button synved-social-button-share synved-social-size-48 synved-social-resolution-single synved-social-provider-facebook nolightbox\" data-provider=\"facebook\" target=\"_blank\" rel=\"nofollow\" title=\"Share on Facebook\" href=\"https:\/\/www.facebook.com\/sharer.php?u=http%3A%2F%2Fwww.schechler.com%2Fmk&#038;t=Cypress%20Hill%21&#038;s=100&#038;p&#091;url&#093;=http%3A%2F%2Fwww.schechler.com%2Fmk&#038;p&#091;images&#093;&#091;0&#093;=http%3A%2F%2Fwww.schechler.com%2Fmk%2Fwp-content%2Fuploads%2F2023%2F08%2Fphoto_20230815_221711-001.jpg&#038;p&#091;title&#093;=Cypress%20Hill%21\" style=\"font-size: 0px;width:48px;height:48px;margin:0;margin-bottom:5px;margin-right:5px\"><img loading=\"lazy\" decoding=\"async\" alt=\"Facebook\" title=\"Share on Facebook\" class=\"synved-share-image synved-social-image synved-social-image-share\" width=\"48\" height=\"48\" style=\"display: inline;width:48px;height:48px;margin: 0;padding: 0;border: none;box-shadow: none\" src=\"http:\/\/www.schechler.com\/mk\/wp-content\/plugins\/social-media-feather\/synved-social\/image\/social\/regular\/96x96\/facebook.png\" \/><\/a><a class=\"synved-social-button synved-social-button-share synved-social-size-48 synved-social-resolution-single synved-social-provider-twitter nolightbox\" data-provider=\"twitter\" target=\"_blank\" rel=\"nofollow\" title=\"Share on Twitter\" href=\"https:\/\/twitter.com\/intent\/tweet?url=http%3A%2F%2Fwww.schechler.com%2Fmk&#038;text=Dark%20Contrasts%20Photo%20Project.%20Hey%20check%20this%20out\" style=\"font-size: 0px;width:48px;height:48px;margin:0;margin-bottom:5px;margin-right:5px\"><img loading=\"lazy\" decoding=\"async\" alt=\"twitter\" title=\"Share on Twitter\" class=\"synved-share-image synved-social-image synved-social-image-share\" width=\"48\" height=\"48\" style=\"display: inline;width:48px;height:48px;margin: 0;padding: 0;border: none;box-shadow: none\" src=\"http:\/\/www.schechler.com\/mk\/wp-content\/plugins\/social-media-feather\/synved-social\/image\/social\/regular\/96x96\/twitter.png\" \/><\/a><a class=\"synved-social-button synved-social-button-share synved-social-size-48 synved-social-resolution-single synved-social-provider-pinterest nolightbox\" data-provider=\"pinterest\" target=\"_blank\" rel=\"nofollow\" title=\"Pin it with Pinterest\" href=\"https:\/\/pinterest.com\/pin\/create\/button\/?url=http%3A%2F%2Fwww.schechler.com%2Fmk&#038;media=http%3A%2F%2Fwww.schechler.com%2Fmk%2Fwp-content%2Fuploads%2F2023%2F08%2Fphoto_20230815_221711-001.jpg&#038;description=Cypress%20Hill%21\" style=\"font-size: 0px;width:48px;height:48px;margin:0;margin-bottom:5px;margin-right:5px\"><img loading=\"lazy\" decoding=\"async\" alt=\"pinterest\" title=\"Pin it with Pinterest\" class=\"synved-share-image synved-social-image synved-social-image-share\" width=\"48\" height=\"48\" style=\"display: inline;width:48px;height:48px;margin: 0;padding: 0;border: none;box-shadow: none\" src=\"http:\/\/www.schechler.com\/mk\/wp-content\/plugins\/social-media-feather\/synved-social\/image\/social\/regular\/96x96\/pinterest.png\" \/><\/a><a class=\"synved-social-button synved-social-button-share synved-social-size-48 synved-social-resolution-single synved-social-provider-linkedin nolightbox\" data-provider=\"linkedin\" target=\"_blank\" rel=\"nofollow\" title=\"Share on Linkedin\" href=\"https:\/\/www.linkedin.com\/shareArticle?mini=true&#038;url=http%3A%2F%2Fwww.schechler.com%2Fmk&#038;title=Cypress%20Hill%21\" style=\"font-size: 0px;width:48px;height:48px;margin:0;margin-bottom:5px;margin-right:5px\"><img loading=\"lazy\" decoding=\"async\" alt=\"linkedin\" title=\"Share on Linkedin\" class=\"synved-share-image synved-social-image synved-social-image-share\" width=\"48\" height=\"48\" style=\"display: inline;width:48px;height:48px;margin: 0;padding: 0;border: none;box-shadow: none\" src=\"http:\/\/www.schechler.com\/mk\/wp-content\/plugins\/social-media-feather\/synved-social\/image\/social\/regular\/96x96\/linkedin.png\" \/><\/a><a class=\"synved-social-button synved-social-button-share synved-social-size-48 synved-social-resolution-single synved-social-provider-mail nolightbox\" data-provider=\"mail\" rel=\"nofollow\" title=\"Share by email\" href=\"mailto:?subject=Cypress%20Hill%21&#038;body=Dark%20Contrasts%20Photo%20Project.%20Hey%20check%20this%20out:%20http%3A%2F%2Fwww.schechler.com%2Fmk\" style=\"font-size: 0px;width:48px;height:48px;margin:0;margin-bottom:5px\"><img loading=\"lazy\" decoding=\"async\" alt=\"mail\" title=\"Share by email\" class=\"synved-share-image synved-social-image synved-social-image-share\" width=\"48\" height=\"48\" style=\"display: inline;width:48px;height:48px;margin: 0;padding: 0;border: none;box-shadow: none\" src=\"http:\/\/www.schechler.com\/mk\/wp-content\/plugins\/social-media-feather\/synved-social\/image\/social\/regular\/96x96\/mail.png\" \/><\/a>","protected":false},"excerpt":{"rendered":"<p>Bilder, Setlist, Kurzkritik. Cypress Hill! Euphorisches Jubil\u00e4um: Cypress Hill begeistert Fans in der Porsche Arena Stuttgart Am 15. August verwandelte sich die Porsche Arena Stuttgart in einen wahren Hip-Hop Hexenkessel, als die legend\u00e4re Formation Cypress Hill dort ihr drei\u00dfigj\u00e4hriges Jubil\u00e4um des bahnbrechenden Albums &#8220;Black Sunday&#8221; feierte. Die Fans str\u00f6mten in Scharen herbei, um die kalifornischen [&hellip;]<\/p>\n","protected":false},"author":1,"featured_media":10786,"comment_status":"closed","ping_status":"closed","sticky":false,"template":"","format":"image","meta":{"ngg_post_thumbnail":0,"footnotes":""},"categories":[1],"tags":[5],"class_list":["post-10762","post","type-post","status-publish","format-image","has-post-thumbnail","hentry","category-allgemein","tag-concerts","post_format-post-format-image"],"_links":{"self":[{"href":"http:\/\/www.schechler.com\/mk\/wp-json\/wp\/v2\/posts\/10762","targetHints":{"allow":["GET"]}}],"collection":[{"href":"http:\/\/www.schechler.com\/mk\/wp-json\/wp\/v2\/posts"}],"about":[{"href":"http:\/\/www.schechler.com\/mk\/wp-json\/wp\/v2\/types\/post"}],"author":[{"embeddable":true,"href":"http:\/\/www.schechler.com\/mk\/wp-json\/wp\/v2\/users\/1"}],"replies":[{"embeddable":true,"href":"http:\/\/www.schechler.com\/mk\/wp-json\/wp\/v2\/comments?post=10762"}],"version-history":[{"count":0,"href":"http:\/\/www.schechler.com\/mk\/wp-json\/wp\/v2\/posts\/10762\/revisions"}],"wp:featuredmedia":[{"embeddable":true,"href":"http:\/\/www.schechler.com\/mk\/wp-json\/wp\/v2\/media\/10786"}],"wp:attachment":[{"href":"http:\/\/www.schechler.com\/mk\/wp-json\/wp\/v2\/media?parent=10762"}],"wp:term":[{"taxonomy":"category","embeddable":true,"href":"http:\/\/www.schechler.com\/mk\/wp-json\/wp\/v2\/categories?post=10762"},{"taxonomy":"post_tag","embeddable":true,"href":"http:\/\/www.schechler.com\/mk\/wp-json\/wp\/v2\/tags?post=10762"}],"curies":[{"name":"wp","href":"https:\/\/api.w.org\/{rel}","templated":true}]}}